{"id":616726,"date":"2026-06-20T11:22:20","date_gmt":"2026-06-20T11:22:20","guid":{"rendered":"https:\/\/www.europesays.com\/es\/616726\/"},"modified":"2026-06-20T11:22:20","modified_gmt":"2026-06-20T11:22:20","slug":"entramos-en-la-gran-celebracion-de-isa-pantoja-y-asraf-beno-por-el-primer-ano-de-cairo-todos-los-detalles-de-una-espectacular-e-inolvidable-fiesta-en-cadiz","status":"publish","type":"post","link":"https:\/\/www.europesays.com\/es\/616726\/","title":{"rendered":"Entramos en la gran celebraci\u00f3n de Isa Pantoja y Asraf Beno por el primer a\u00f1o de Cairo: todos los detalles de una espectacular e inolvidable fiesta en C\u00e1diz"},"content":{"rendered":"<p id=\"eKrubuF46jD\" data-wc=\"183\">El amor y la ilusi\u00f3n se han convertido en los indiscutibles protagonistas del fin de semana para Isa Pantoja y Asraf Beno. Con la alegr\u00eda propia de quienes ven crecer lo que m\u00e1s quieren, la pareja se ha adelantado unos d\u00edas a una fecha marcada en rojo en su calendario: el primer cumplea\u00f1os de su hijo en com\u00fan, el peque\u00f1o Cairo, nacido el 22 de junio de 2025. Para honrar este primer a\u00f1o de vida, han elegido una espectacular finca en Puerto Real, C\u00e1diz, transformando el espacio en un oasis de diversi\u00f3n al aire libre donde no ha faltado un solo detalle. Isa, que ya conoce la hermosa experiencia de la maternidad gracias a su hijo mayor, de doce a\u00f1os, ha querido que esta celebraci\u00f3n tuviera una magia \u00fanica, reuniendo a sus seres m\u00e1s queridos en una jornada que quedar\u00e1 grabada para siempre en su memoria familiar. Como bien expresaba la propia Isa en una emocionante conexi\u00f3n en directo con\u00a0\u00a1De Viernes!:\u00a0\u00abCairo ha estado muy contento, muy sonriente. <strong>Lo hemos pasado super bien y \u00e9l no se acordar\u00e1 pero nos acordaremos nosotros<\/strong>\u00ab.<\/p>\n<p> <img src=\"https:\/\/www.europesays.com\/es\/wp-content\/uploads\/2026\/06\/c2a69317ade7-saveclipapp722752967186027799420441476841598852110356205n.jpg\"   width=\"681\" height=\"1024\" loading=\"lazy\" decoding=\"async\" alt=\"La tem\u00e1tica del cumplea\u00f1os fue Stitch\" fetchpriority=\"auto\" class=\"image ho-image\"\/>\u00a9 asraf_benoLa tem\u00e1tica del cumplea\u00f1os fue Stitch<\/p>\n<p id=\"eLkVsS3RvU\" data-wc=\"112\">La tarde transcurri\u00f3 entre risas, juegos infantiles y una complicidad que traspasaba las pantallas, evidenciando el dulce momento que atraviesa el matrimonio. Rodeados de sus amigos m\u00e1s \u00edntimos y de rostros tan significativos como el de su prima Anabel Pantoja, quien acudi\u00f3 radiante junto a su pareja, David, y su peque\u00f1a hija, Isa se mostr\u00f3 plena, arropada por un c\u00edrculo de afecto incondicional. Al ser preguntada por las ausencias en un entorno que a menudo se ve salpicado por la complejidad de las relaciones de su medi\u00e1tico clan, la hija de la tonadillera se mostr\u00f3 serena y sumamente madura, asegurando con firmeza que en la celebraci\u00f3n \u00ab<strong>estaban todos los que quer\u00edan estar<\/strong>\u00ab.<\/p>\n<p> <img src=\"https:\/\/www.europesays.com\/es\/wp-content\/uploads\/2026\/06\/723ec1470c80-726900390178875544805904372151242693592453759n.jpg\"   width=\"844\" height=\"1024\" loading=\"lazy\" decoding=\"async\" alt=\"As\u00ed fue la preciosa decoraci\u00f3n del cumplea\u00f1os\" fetchpriority=\"auto\" class=\"image ho-image\"\/>\u00a9 asraf_benoAs\u00ed fue la preciosa decoraci\u00f3n del cumplea\u00f1os<br \/>\nUna genial fiesta inspirada en Lilo &amp; Stitch<\/p>\n<p id=\"e6KkvtMO6if\" data-wc=\"136\">La propia Isa Pantoja no pudo ocultar su entusiasmo al dar la bienvenida a sus seguidores en medio de los preparativos: \u00abEstamos celebrando el cumple de Cairo, su primer a\u00f1o\u00bb. Visiblemente feliz con el resultado de la organizaci\u00f3n, la colaboradora a\u00f1adi\u00f3 con orgullo: \u00ab<strong>Ahora os ense\u00f1o todo lo que hemos preparado para \u00e9l porque de verdad no falta detalle<\/strong>. Y estamos adem\u00e1s en una finca s\u00faper bonita de Puerto Real que ha quedado divino, o sea, os tengo que ense\u00f1ar todo esto\u00bb. La tem\u00e1tica elegida sumergi\u00f3 a los asistentes en el tierno y colorido universo de la pel\u00edcula animada Lilo &amp; Stitch. El porche de la finca luc\u00eda imponente con un cuidado photocall donde destacaba una imponente cascada de globos junto a la figura del entra\u00f1able personaje y luces de ne\u00f3n con un brillante \u00abHappy Birthday\u00bb.<\/p>\n<p> <img src=\"https:\/\/www.europesays.com\/es\/wp-content\/uploads\/2026\/06\/f0788c186ffc-saveclipapp72690848818603975829021813759520841016696140n.jpg\"   width=\"576\" height=\"1024\" loading=\"lazy\" decoding=\"async\" alt=\"Anabel posando con el animador gigante\" fetchpriority=\"auto\" class=\"image ho-image\"\/>\u00a9 anabelpantoja00Anabel posando con el animador gigante<\/p>\n<p id=\"ePnrWC8Kigi\" data-wc=\"175\">Por su parte, Anabel Pantoja tambi\u00e9n quiso hacer part\u00edcipes a sus seguidores de la gran ilusi\u00f3n del viaje familiar hacia C\u00e1diz. La prima de Isa comentaba entusiasmada: \u00abBueno, ahora nos dirigimos a un cumple muy especial, muy, muy especial, que ya os enterar\u00e9is\u00bb. Adem\u00e1s, desvel\u00f3 el divertido nivel de compromiso de todos con la est\u00e9tica de la fiesta: \u00abBueno, la tem\u00e1tica es un poco Lilo y Stitch, de azul y dem\u00e1s\u00bb, bromeaba enfocando los asientos azules del veh\u00edculo a juego con la consigna caribe\u00f1a. \u00a0Cumpliendo rigurosamente con este c\u00f3digo de vestimenta, Isa luci\u00f3 espectacular con un vestido largo de rayas celestes y blancas con botones, mientras que Asraf opt\u00f3 por una elegante y sobria camisa oscura de manga corta. Entre las im\u00e1genes m\u00e1s tiernas que nos deja el archivo familiar, destaca el entra\u00f1able momento de complicidad compartido en el castillo hinchable azul por los peque\u00f1os de la casa: <strong>Cairo y su prima Alma se mostraron sumamente cercanos y adorables jugando juntos<\/strong>, dejando claro el precioso v\u00ednculo que une a las nuevas generaciones de la familia.<\/p>\n<p> <img src=\"https:\/\/www.europesays.com\/es\/wp-content\/uploads\/2026\/06\/16d94f06db97-saveclipapp726689976186039765220218132311069451279041418n.jpg\"   width=\"660\" height=\"1024\" loading=\"lazy\" decoding=\"async\" alt=\"Los dos primos Cairo y Alma han estado de lo m\u00e1s simp\u00e1ticos\" fetchpriority=\"auto\" class=\"image ho-image\"\/>\u00a9 anabelpantoja00Los dos primos Cairo y Alma han estado de lo m\u00e1s simp\u00e1ticos<br \/>\nDelicias y sorpresas con sabor a feria<\/p>\n<p id=\"ehXPm0fEITT\" data-wc=\"71\">El despliegue gastron\u00f3mico de la celebraci\u00f3n no se qued\u00f3 atr\u00e1s, convirtiendo los jardines en una aut\u00e9ntica feria privada repleta de rincones interactivos para picar.<strong>\u00a0Los invitados pudieron deleitarse con puestos en vivo que preparaban originales helados tailandeses enrollados a la plancha con vistosos toppings,<\/strong> as\u00ed como estaciones de gofres reci\u00e9n hechos cubiertos de siropes y delicias dulces, una propuesta interactiva y sumamente sofisticada que fascin\u00f3 a grandes y chicos por igual.<\/p>\n<p> <img src=\"https:\/\/www.europesays.com\/es\/wp-content\/uploads\/2026\/06\/49a2376a2143-724672792186027805660441474061.jpg\"   width=\"576\" height=\"1024\" loading=\"lazy\" decoding=\"async\" alt=\"El catering tuvo desde helados hasta gofres \" fetchpriority=\"auto\" class=\"image ho-image\"\/>\u00a9 asraf_benoEl catering tuvo desde helados hasta gofres<br \/>\nUna revelaci\u00f3n que impacta en directo<\/p>\n<p id=\"eXYI2rlBY2k\" data-wc=\"149\">Sin embargo, la cara m\u00e1s agridulce de la jornada lleg\u00f3 al caer la noche durante su intervenci\u00f3n televisiva. En un instante de gran impacto, el colaborador Antonio Rossi desvel\u00f3 una informaci\u00f3n que afectaba directamente al n\u00facleo familiar de Isa: \u00abHa visto a sus nietos, los hijos de tu hermano, muy cerca de donde t\u00fa est\u00e1s ahora\u00bb, apunt\u00f3 en referencia a un reciente y discreto acercamiento de Isabel Pantoja hacia Kiko Rivera. La noticia pill\u00f3 completamente desprevenida a la joven, cuya expresi\u00f3n cambi\u00f3 por completo al asimilar el inesperado paso dado por su madre. \u00abMe quedo descolocada. Yo ten\u00eda entendido que no\u00bb confes\u00f3 visiblemente conmovida, buscando de inmediato el consuelo y el tierno abrazo protector de un Asraf completamente volcado en sostenerla en ese momento de vulnerabilidad. Con el coraz\u00f3n en la mano, Isa record\u00f3 su postura ante los vaivenes de la tonadillera: \u00ab<strong>Siempre he querido ver hechos, no palabras<\/strong>\u00ab.<\/p>\n<p> <img src=\"https:\/\/www.europesays.com\/es\/wp-content\/uploads\/2026\/06\/925ced7eb259-saveclipapp726539471186027728080441472005046063611310008n.jpg\"   width=\"635\" height=\"1024\" loading=\"lazy\" decoding=\"async\" alt=\"Todo fue enfocado a que el peque\u00f1o lo disfrutara al m\u00e1ximo\" fetchpriority=\"auto\" class=\"image ho-image\"\/>\u00a9 asraf_benoTodo fue enfocado a que el peque\u00f1o lo disfrutara al m\u00e1ximo<\/p>\n<p id=\"eFk2hvKJSGi\" data-wc=\"189\">Haciendo gala de una enorme entereza y decidida a salvaguardar la felicidad de la velada, Isa prefiri\u00f3 reconducir la atenci\u00f3n hacia lo verdaderamente fundamental: \u00abEl d\u00eda es de mi hijo, lo hemos pasado super bien, no le quiero dar m\u00e1s importancia a ella porque el protagonista es Cairo\u00bb. No obstante, la joven no eludi\u00f3 dar su opini\u00f3n sobre las recientes declaraciones de su hermano a ra\u00edz de una campa\u00f1a publicitaria de Irene Rosales. \u00abIrene responde como una mujer que est\u00e1 harta, que ha aguantado muchas cosas y no tiene por qu\u00e9 aguantar nada m\u00e1s\u00bb, declar\u00f3 con empat\u00eda, mostr\u00e1ndose mucho m\u00e1s cr\u00edtica con la posterior reacci\u00f3n de Kiko: \u00ab<strong>esa forma que tiene de contestar por encima del bien y del mal, tira por tierra todo<\/strong>\u00ab. Una actitud que, seg\u00fan sus propias palabras, no hace sino distanciar la posibilidad de un entendimiento real: \u00abRealmente no ha pasado nunca nada malo entre nosotros pero mira por d\u00f3nde me sale. Est\u00e1 amargad\u00edsimo, no lo entiendo, si est\u00e1 tan feliz, parece que est\u00e1 amargado\u00bb. Concluye as\u00ed una celebraci\u00f3n inolvidable, donde el amor hacia el peque\u00f1o Cairo se alza con fuerza frente a cualquier adversidad.<\/p>\n<p> <img src=\"https:\/\/www.europesays.com\/es\/wp-content\/uploads\/2026\/06\/48b42488be35-saveclipapp726758519185918770000639153659916124493149833n.jpg\"   width=\"695\" height=\"1024\" loading=\"lazy\" decoding=\"async\" alt=\"Fue una celebraci\u00f3n de lo m\u00e1s emocionante\" fetchpriority=\"auto\" class=\"image ho-image\"\/>\u00a9 asraf_benoFue una celebraci\u00f3n de lo m\u00e1s emocionante<\/p>\n","protected":false},"excerpt":{"rendered":"El amor y la ilusi\u00f3n se han convertido en los indiscutibles protagonistas del fin de semana para Isa&hellip;\n","protected":false},"author":2,"featured_media":616727,"comment_status":"","ping_status":"","sticky":false,"template":"","format":"standard","meta":{"footnotes":""},"categories":[174],"tags":[517,4476,255,146,147,25,24,256,6370,23],"class_list":["post-616726","post","type-post","status-publish","format-standard","has-post-thumbnail","category-famosos","tag-actualidad","tag-anabel-pantoja","tag-celebrities","tag-entertainment","tag-entretenimiento","tag-es","tag-espana","tag-famosos","tag-isabel-pantoja","tag-spain"],"share_on_mastodon":{"url":"https:\/\/pubeurope.com\/@es\/116782180737471784","error":""},"_links":{"self":[{"href":"https:\/\/www.europesays.com\/es\/wp-json\/wp\/v2\/posts\/616726","targetHints":{"allow":["GET"]}}],"collection":[{"href":"https:\/\/www.europesays.com\/es\/wp-json\/wp\/v2\/posts"}],"about":[{"href":"https:\/\/www.europesays.com\/es\/wp-json\/wp\/v2\/types\/post"}],"author":[{"embeddable":true,"href":"https:\/\/www.europesays.com\/es\/wp-json\/wp\/v2\/users\/2"}],"replies":[{"embeddable":true,"href":"https:\/\/www.europesays.com\/es\/wp-json\/wp\/v2\/comments?post=616726"}],"version-history":[{"count":0,"href":"https:\/\/www.europesays.com\/es\/wp-json\/wp\/v2\/posts\/616726\/revisions"}],"wp:featuredmedia":[{"embeddable":true,"href":"https:\/\/www.europesays.com\/es\/wp-json\/wp\/v2\/media\/616727"}],"wp:attachment":[{"href":"https:\/\/www.europesays.com\/es\/wp-json\/wp\/v2\/media?parent=616726"}],"wp:term":[{"taxonomy":"category","embeddable":true,"href":"https:\/\/www.europesays.com\/es\/wp-json\/wp\/v2\/categories?post=616726"},{"taxonomy":"post_tag","embeddable":true,"href":"https:\/\/www.europesays.com\/es\/wp-json\/wp\/v2\/tags?post=616726"}],"curies":[{"name":"wp","href":"https:\/\/api.w.org\/{rel}","templated":true}]}}