{"id":616772,"date":"2026-06-20T12:04:16","date_gmt":"2026-06-20T12:04:16","guid":{"rendered":"https:\/\/www.europesays.com\/es\/616772\/"},"modified":"2026-06-20T12:04:16","modified_gmt":"2026-06-20T12:04:16","slug":"la-confesion-de-sabalenka-sobre-la-separacion-de-badosa-y-tsitsipas-le-envie-un-audio-gritando-de-felicidad","status":"publish","type":"post","link":"https:\/\/www.europesays.com\/es\/616772\/","title":{"rendered":"La confesi\u00f3n de Sabalenka sobre la separaci\u00f3n de Badosa y Tsitsipas: \u00abLe envi\u00e9 un audio gritando de felicidad\u00bb"},"content":{"rendered":"<p class=\"ft-text\">La amistad entre <strong>Paula Badosa<\/strong> y <strong>Aryna Sabalenka<\/strong> volvi\u00f3 a dejar una de las im\u00e1genes m\u00e1s comentadas de la semana durante el <strong>WTA 500 de Berl\u00edn<\/strong>. Tras avanzar en el torneo alem\u00e1n<a class=\"ft-link ft-link--decoration\" href=\"https:\/\/www.sport.es\/es\/noticias\/tenis\/badosa-ruptura-expareja-tsitsipas-superar-131534144\" rel=\"nofollow noopener\" target=\"_blank\">, ambas tenistas hablaron con naturalidad sobre la ruptura de la espa\u00f1ola con Stefanos Tsitsipas,<\/a> una relaci\u00f3n que durante meses fue una de las m\u00e1s medi\u00e1ticas del circuito.<\/p>\n<p class=\"ft-text\">Despu\u00e9s de su victoria ante <strong>Coco Gauff<\/strong>, Badosa se sincer\u00f3 sobre el final de su historia con el griego y admiti\u00f3 que la separaci\u00f3n fue especialmente complicada por el contexto que rodeaba a la pareja. <strong>\u00abCuando hay cosas t\u00f3xicas alrededor, todo se complica mucho m\u00e1s que una ruptura normal\u00bb<\/strong>, explic\u00f3 la espa\u00f1ola al recordar aquellos momentos.<\/p>\n<p><img decoding=\"async\" src=\"https:\/\/www.europesays.com\/es\/wp-content\/uploads\/2026\/06\/1781957055_646_86238e59-6107-47ca-adc7-af007367accc_alta-libre-aspect-ratio_default_0_x600y225.jpg\" width=\"1200\" height=\"675\" alt=\"Paula Badosa, en Berl\u00edn\" class=\"ft-helper-img-rd\" loading=\"lazy\" fetchpriority=\"auto\"\/><\/p>\n<p class=\"ft-helper-fontColor-quaternary ft-helper-fontSize-body-S ft-helper-spacer-t-xxs\">Paula Badosa, en Berl\u00edn  \/ X<\/p>\n<p class=\"ft-text\">La confesi\u00f3n dio pie a una divertida an\u00e9cdota protagonizada por Sabalenka. La n\u00famero uno del mundo reconoci\u00f3 que reaccion\u00f3 con aut\u00e9ntica euforia cuando recibi\u00f3 el mensaje de su amiga anunci\u00e1ndole que la relaci\u00f3n hab\u00eda terminado definitivamente.<\/p>\n<p class=\"ft-text\"><strong>\u00abSinceramente, cuando termin\u00f3 lo que fuera que tuvieran, fui esa amiga que le envi\u00f3 un audio de dos minutos riendo, gritando y dici\u00e9ndole: &#8216;\u00a1S\u00ed, chica! \u00a1Lo lograste!'\u00bb<\/strong>, relat\u00f3 la bielorrusa entre risas.<\/p>\n<p class=\"ft-text\">Badosa tambi\u00e9n asegur\u00f3 que actualmente vuelve a sentirse bien tanto dentro como fuera de la pista. La catalana afirm\u00f3 que se siente <strong>\u00abfuerte de nuevo\u00bb<\/strong> y que atraviesa un momento rodeada de un <strong>\u00abbuen ambiente\u00bb<\/strong>, dejando entrever que ha encontrado estabilidad tras una etapa especialmente compleja.<\/p>\n<p class=\"ft-text\">Incluso se permiti\u00f3 bromear sobre el impacto que podr\u00edan tener sus declaraciones: <strong>\u00abAhora quiero ver los titulares de ma\u00f1ana: &#8216;Paula ataca a Tsitsipas&#8217;&#8230; \u00a1Pues se lo merece!\u00bb<\/strong>, coment\u00f3 entre risas.<\/p>\n<p><img decoding=\"async\" src=\"https:\/\/www.europesays.com\/es\/wp-content\/uploads\/2026\/06\/0131d568-1c2b-4338-b28e-50fb2e0a9ffc_alta-libre-aspect-ratio_default_0_x960y360.jpg\" width=\"1200\" height=\"675\" alt=\"Sabalenka, junto a Paula Badosa en el Open de Australia del a\u00f1o pasado\" class=\"ft-helper-img-rd\" loading=\"lazy\" fetchpriority=\"auto\"\/><\/p>\n<p class=\"ft-helper-fontColor-quaternary ft-helper-fontSize-body-S ft-helper-spacer-t-xxs\">Sabalenka, junto a Paula Badosa en el Open de Australia del a\u00f1o pasado  \/ SPORT.es<\/p>\n<p class=\"ft-text\">La relaci\u00f3n entre Badosa y Tsitsipas comenz\u00f3 a mediados de <strong>2023<\/strong> y r\u00e1pidamente se convirti\u00f3 en una de las m\u00e1s seguidas del mundo del tenis. Aunque ambos se separaron aproximadamente un a\u00f1o despu\u00e9s, retomaron su romance pocas semanas m\u00e1s tarde. Sin embargo, la reconciliaci\u00f3n no prosper\u00f3 y la ruptura definitiva lleg\u00f3 tras <strong>Wimbledon<\/strong> el pasado a\u00f1o.<\/p>\n<p class=\"ft-text\">La espa\u00f1ola confirm\u00f3 entonces el final de la relaci\u00f3n a trav\u00e9s de sus redes sociales, donde public\u00f3 varias fotograf\u00edas de cumplea\u00f1os luciendo mensajes como \u00abSexy y soltera\u00bb o \u00ab28 y sigo siendo un 10\u00bb. Meses despu\u00e9s, en diciembre, Tsitsipas hizo p\u00fablica su nueva relaci\u00f3n con <strong>Kristen Thoms<\/strong> mediante un videoblog.<\/p>\n<p class=\"ft-text\">La historia sigui\u00f3 generando titulares este a\u00f1o. En una entrevista, el griego reconoci\u00f3 que prefer\u00eda mantener relaciones con personas alejadas del tenis porque la competitividad pod\u00eda influir en la pareja. Una reflexi\u00f3n que provoc\u00f3 la reacci\u00f3n de Badosa en redes sociales, donde respondi\u00f3 con varios emojis de risa.<\/p>\n<p class=\"ft-text\">Por su parte, <strong>Julia Salnikova<\/strong>, madre de Tsitsipas, atribuy\u00f3 la ruptura a la enorme exposici\u00f3n medi\u00e1tica que acompa\u00f1\u00f3 a la pareja durante su relaci\u00f3n, asegurando que esa presi\u00f3n termin\u00f3 convirti\u00e9ndose en una carga para el tenista griego.<\/p>\n","protected":false},"excerpt":{"rendered":"La amistad entre Paula Badosa y Aryna Sabalenka volvi\u00f3 a dejar una de las im\u00e1genes m\u00e1s comentadas de&hellip;\n","protected":false},"author":2,"featured_media":616773,"comment_status":"","ping_status":"","sticky":false,"template":"","format":"standard","meta":{"footnotes":""},"categories":[274],"tags":[11838,24235,168,25,24,9408,6044,12704,23,167,327,326,10180],"class_list":["post-616772","post","type-post","status-publish","format-standard","has-post-thumbnail","category-tenis","tag-badosa","tag-confesion","tag-deportes","tag-es","tag-espana","tag-paula-badosa","tag-sabalenka","tag-separacion","tag-spain","tag-sports","tag-tenis","tag-tennis","tag-tsitsipas"],"share_on_mastodon":{"url":"https:\/\/pubeurope.com\/@es\/116782345699533097","error":""},"_links":{"self":[{"href":"https:\/\/www.europesays.com\/es\/wp-json\/wp\/v2\/posts\/616772","targetHints":{"allow":["GET"]}}],"collection":[{"href":"https:\/\/www.europesays.com\/es\/wp-json\/wp\/v2\/posts"}],"about":[{"href":"https:\/\/www.europesays.com\/es\/wp-json\/wp\/v2\/types\/post"}],"author":[{"embeddable":true,"href":"https:\/\/www.europesays.com\/es\/wp-json\/wp\/v2\/users\/2"}],"replies":[{"embeddable":true,"href":"https:\/\/www.europesays.com\/es\/wp-json\/wp\/v2\/comments?post=616772"}],"version-history":[{"count":0,"href":"https:\/\/www.europesays.com\/es\/wp-json\/wp\/v2\/posts\/616772\/revisions"}],"wp:featuredmedia":[{"embeddable":true,"href":"https:\/\/www.europesays.com\/es\/wp-json\/wp\/v2\/media\/616773"}],"wp:attachment":[{"href":"https:\/\/www.europesays.com\/es\/wp-json\/wp\/v2\/media?parent=616772"}],"wp:term":[{"taxonomy":"category","embeddable":true,"href":"https:\/\/www.europesays.com\/es\/wp-json\/wp\/v2\/categories?post=616772"},{"taxonomy":"post_tag","embeddable":true,"href":"https:\/\/www.europesays.com\/es\/wp-json\/wp\/v2\/tags?post=616772"}],"curies":[{"name":"wp","href":"https:\/\/api.w.org\/{rel}","templated":true}]}}