{"id":617002,"date":"2026-06-20T15:06:18","date_gmt":"2026-06-20T15:06:18","guid":{"rendered":"https:\/\/www.europesays.com\/es\/617002\/"},"modified":"2026-06-20T15:06:18","modified_gmt":"2026-06-20T15:06:18","slug":"baja-a-nivel-0-el-incendio-de-arganza-provocado-por-rayos-que-ha-calcinado-36-hectareas","status":"publish","type":"post","link":"https:\/\/www.europesays.com\/es\/617002\/","title":{"rendered":"Baja a nivel 0 el incendio de Arganza provocado por rayos que ha calcinado 36 hect\u00e1reas"},"content":{"rendered":"<p><img decoding=\"async\" class=\"v-ath__i\" loading=\"lazy\" src=\"https:\/\/www.europesays.com\/es\/wp-content\/uploads\/2026\/06\/autor-4172-foto-3.jpeg\" alt=\"Carmen Ramos\"\/><\/p>\n<p>20\/06\/2026<\/p>\n<p>Actualizado a las 13:42h.<\/p>\n<p class=\"v-d-p\" style=\"\">La Junta de Castilla y Le\u00f3n ha bajado a nivel 0 del Indice de Gravedad Potencial el incendio que se declar\u00f3 en la tarde de este viernes, 20 de junio, en la localidad de San Vicente, perteneciente al municipio berciano de Arganza, al desaparecer las causas que motivaron la declaraci\u00f3n del nivel 1 de peligrosidad.<\/p>\n<p class=\"v-d-p\" style=\"\">Los rayos son la causa probable de un fuego que intenta combatir un amplio dispositivo integrado por ocho medios a\u00e9reos y terrestres desplegado en la zona, que forman parte de los 36 efectivos que han operado desde el inici, para sofocar las llamas que permanecen activas y que han calcinado hasta el momento 36 hect\u00e1reas, principalmente de masa arbolada, matorral y pasto.<\/p>\n<ul class=\"v-cmp-rld__u\">\n<li class=\"v-cmp-rld__l\">\n<p><a class=\"v-a-lnk\" href=\"http:\/\/www.elbierzonoticias.com\/bierzo\/medios-aereos-terrestres-trabajan-extincion-incendio-arganza-20260619173743-nt.html#vtm_modulosEngag=noticiasrelacionadas-cmp-uno:bierzo:noticia:1\" title=\"M\u00e1s de 20 medios a\u00e9reos y terrestres trabajan en la extinci\u00f3n de un incendio declarado de nivel 1 en Arganza\" data-voc-vtm-id=\"in-text-traffic\" rel=\"nofollow noopener\" target=\"_blank\"><br \/>\n<img decoding=\"async\" loading=\"lazy\" src=\"https:\/\/www.europesays.com\/es\/wp-content\/uploads\/2026\/06\/incendioarganza1-kUtB--366x256@Leonoticias.jpg\" class=\"v-a-img\" width=\"258\" height=\"180\" alt=\"M\u00e1s de 20 medios a\u00e9reos y terrestres trabajan en la extinci\u00f3n de un incendio declarado de nivel 1 en Arganza\"\/><br \/>\n<\/a><\/p>\n<\/li>\n<\/ul>\n<p class=\"v-d-p\" style=\"\">En lugar trabajan para combatir las llamas dos helic\u00f3pteros, dos bulldozer, una cuadrilla helitransportada, una cuadrilla terrestre y dos agentes medioambientales.<\/p>\n<p class=\"v-d-p\" style=\"\">La Junta declar\u00f3 el nivel 1 en la tarde del viernes para este fuego al prever que pod\u00edan peligrar masas arboladas de m\u00e1s de 30 hect\u00e1reas.<\/p>\n","protected":false},"excerpt":{"rendered":"20\/06\/2026 Actualizado a las 13:42h. La Junta de Castilla y Le\u00f3n ha bajado a nivel 0 del Indice&hellip;\n","protected":false},"author":2,"featured_media":617003,"comment_status":"","ping_status":"","sticky":false,"template":"","format":"standard","meta":{"footnotes":""},"categories":[8],"tags":[3418,115091,17,18,45912,25,24,13,14,11,18442,48,19,20,5968,9,3579,10,15,16,115090,6347,55025,23,12,21,22],"class_list":["post-617002","post","type-post","status-publish","format-standard","has-post-thumbnail","category-espana","tag-activo","tag-arganza","tag-breaking-news","tag-breakingnews","tag-calcinado","tag-es","tag-espana","tag-featured-news","tag-featurednews","tag-headlines","tag-hectareas","tag-incendio","tag-latest-news","tag-latestnews","tag-mantiene","tag-news","tag-nivel","tag-noticias","tag-noticias-destacadas","tag-noticiasdestacadas","tag-peligrosidad","tag-provocado","tag-rayos","tag-spain","tag-titulares","tag-ultimas-noticias","tag-ultimasnoticias"],"share_on_mastodon":{"url":"https:\/\/pubeurope.com\/@es\/116783060838002934","error":""},"_links":{"self":[{"href":"https:\/\/www.europesays.com\/es\/wp-json\/wp\/v2\/posts\/617002","targetHints":{"allow":["GET"]}}],"collection":[{"href":"https:\/\/www.europesays.com\/es\/wp-json\/wp\/v2\/posts"}],"about":[{"href":"https:\/\/www.europesays.com\/es\/wp-json\/wp\/v2\/types\/post"}],"author":[{"embeddable":true,"href":"https:\/\/www.europesays.com\/es\/wp-json\/wp\/v2\/users\/2"}],"replies":[{"embeddable":true,"href":"https:\/\/www.europesays.com\/es\/wp-json\/wp\/v2\/comments?post=617002"}],"version-history":[{"count":0,"href":"https:\/\/www.europesays.com\/es\/wp-json\/wp\/v2\/posts\/617002\/revisions"}],"wp:featuredmedia":[{"embeddable":true,"href":"https:\/\/www.europesays.com\/es\/wp-json\/wp\/v2\/media\/617003"}],"wp:attachment":[{"href":"https:\/\/www.europesays.com\/es\/wp-json\/wp\/v2\/media?parent=617002"}],"wp:term":[{"taxonomy":"category","embeddable":true,"href":"https:\/\/www.europesays.com\/es\/wp-json\/wp\/v2\/categories?post=617002"},{"taxonomy":"post_tag","embeddable":true,"href":"https:\/\/www.europesays.com\/es\/wp-json\/wp\/v2\/tags?post=617002"}],"curies":[{"name":"wp","href":"https:\/\/api.w.org\/{rel}","templated":true}]}}