{"id":617075,"date":"2026-06-20T16:10:33","date_gmt":"2026-06-20T16:10:33","guid":{"rendered":"https:\/\/www.europesays.com\/es\/617075\/"},"modified":"2026-06-20T16:10:33","modified_gmt":"2026-06-20T16:10:33","slug":"katy-perry-de-compras-por-santiago-antes-del-concierto-adquirio-varias-piezas-de-artesania-gallega-en-el-casco-historico","status":"publish","type":"post","link":"https:\/\/www.europesays.com\/es\/617075\/","title":{"rendered":"Katy Perry, de compras por Santiago antes del concierto: adquiri\u00f3 varias piezas de artesan\u00eda gallega en el casco hist\u00f3rico"},"content":{"rendered":"<p class=\"ft-text\"><strong>Katy Perry <\/strong>fue la gran sensaci\u00f3n de <a class=\"ft-link ft-link--decoration\" href=\"https:\/\/www.elcorreogallego.es\/santiago\/2026\/06\/18\/leire-martinez-luce-vestido-hecho-131575273.html\" target=\"_blank\" rel=\"nofollow noopener\"><strong>la primera jornada del festival O Son do Cami\u00f1o 2026<\/strong><\/a>, que reuni\u00f3 en el <strong>Monte do Gozo<\/strong> a<strong> m\u00e1s de 40.000 espectadores<\/strong>. La artista estadounidense recorri\u00f3, horas antes de subir al escenario, las <strong>calles del casco hist\u00f3rico<\/strong>, donde aprovech\u00f3 para conocer de cerca la inmensa riqueza patrimonial de la ciudad y para realizar unas compras en el coraz\u00f3n de la zona monumental.<\/p>\n<p class=\"ft-text\">Uno de los establecimientos que despert\u00f3 su inter\u00e9s fue la <a class=\"ft-link ft-link--decoration\" href=\"https:\/\/maeloc.com\/es\/\" target=\"_blank\" rel=\"nofollow noopener\"><strong>joyer\u00eda Maeloc<\/strong><\/a>, situada en la <strong>r\u00faa do Franco<\/strong>, a solo unos metros de la <strong>Catedral <\/strong>de Santiago. La artista acudi\u00f3 al local acompa\u00f1ada por un equipo formado por seis personas y dedic\u00f3 varios minutos a descubrir algunas de las <strong>piezas elaboradas por artesanos gallegos<\/strong>, en un ambiente de absoluta normalidad pese a la expectaci\u00f3n que gener\u00f3 su presencia.<\/p>\n<p class=\"ft-text\">Seg\u00fan pudo saber <a class=\"ft-link ft-link--decoration\" href=\"https:\/\/www.elcorreogallego.es\/\" target=\"_blank\" rel=\"nofollow noopener\"><strong>EL CORREO GALLEGO<\/strong><\/a>, la cantante<strong> adquiri\u00f3 varias piezas de cer\u00e1mica de Bu\u00f1o<\/strong>, una de las manifestaciones artesanales m\u00e1s reconocidas de Galicia. Durante la visita tambi\u00e9n mostr\u00f3 curiosidad por el proceso de elaboraci\u00f3n de los productos y por la <strong>tradici\u00f3n artesanal <\/strong>de la comunidad, interes\u00e1ndose por el origen y la historia de las diferentes creaciones expuestas.<\/p>\n<p>Acompa\u00f1ada por su equipo de seguridad<\/p>\n<p class=\"ft-text\">La presencia de la artista no pas\u00f3 desapercibida para vecinos y turistas que recorr\u00edan el casco hist\u00f3rico compostelano. Aunque la visita se desarroll\u00f3 con discreci\u00f3n y bajo la supervisi\u00f3n de su equipo de seguridad, algunos viandantes pudieron verla paseando por la zona y disfrutando del ambiente que caracteriza a uno de los <strong>enclaves m\u00e1s emblem\u00e1ticos de la capital gallega<\/strong>. Durante el paseo por el casco hist\u00f3rico accedi\u00f3 a hacerse una foto con una de las camareras de La Terraza de la Quintana, que colg\u00f3 la imagen en la cuenta de Instagram del establecimiento. <\/p>\n<p><img decoding=\"async\" src=\"https:\/\/www.europesays.com\/es\/wp-content\/uploads\/2026\/06\/2b8eb08a-f0c8-422e-8350-c448f152c829_alta-libre-aspect-ratio_default_0_x600y238.jpg\" width=\"1200\" height=\"715\" alt=\"Katy Perry, este jueves, con Rebeca, una de las camareras de la Terraza de la Quintana.\" class=\"ft-helper-img-rd\" loading=\"lazy\" fetchpriority=\"auto\"\/><\/p>\n<p class=\"ft-helper-fontColor-quaternary ft-helper-fontSize-body-S ft-helper-spacer-t-xxs\">Katy Perry, este jueves, con Rebeca, una de las camareras de la Terraza de la Quintana.  \/ Cedida<\/p>\n<p>Artesan\u00eda gallega<\/p>\n<p class=\"ft-text\">De esta forma, el paso de la cantante por Santiago dej\u00f3 una imagen muy diferente a la habitual agenda de promoci\u00f3n y ensayos previos a un gran concierto. Su inter\u00e9s por la artesan\u00eda local supone, adem\u00e1s, un <strong>escaparate internacional<\/strong> para el trabajo de los artesanos gallegos, cuyos productos despertaron la atenci\u00f3n de<strong> una de las artistas m\u00e1s medi\u00e1ticas del panorama musical<\/strong>. Horas despu\u00e9s, la protagonista de este paseo se subir\u00eda al escenario de <a class=\"ft-link ft-link--decoration\" href=\"https:\/\/www.elcorreogallego.es\/santiago\/2026\/06\/17\/o-son-do-santiago-compostela-como-sobrevivir-camping-131418092.html\" target=\"_blank\" rel=\"nofollow noopener\"><strong>O Son do Cami\u00f1o<\/strong><\/a> para inaugurar por todo lo alto una nueva edici\u00f3n del festival.<\/p>\n","protected":false},"excerpt":{"rendered":"Katy Perry fue la gran sensaci\u00f3n de la primera jornada del festival O Son do Cami\u00f1o 2026, que&hellip;\n","protected":false},"author":2,"featured_media":617076,"comment_status":"","ping_status":"","sticky":false,"template":"","format":"standard","meta":{"footnotes":""},"categories":[170],"tags":[22715,1902,4593,146,147,25,24,3931,25211,1903,8646,184,185,50653,8647,2450,23],"class_list":["post-617075","post","type-post","status-publish","format-standard","has-post-thumbnail","category-musica","tag-artesania","tag-casco","tag-compras","tag-entertainment","tag-entretenimiento","tag-es","tag-espana","tag-festival","tag-gallega","tag-historico","tag-katy","tag-music","tag-musica","tag-o-son-do-camino","tag-perry","tag-santiago","tag-spain"],"share_on_mastodon":{"url":"https:\/\/pubeurope.com\/@es\/116783312000245109","error":""},"_links":{"self":[{"href":"https:\/\/www.europesays.com\/es\/wp-json\/wp\/v2\/posts\/617075","targetHints":{"allow":["GET"]}}],"collection":[{"href":"https:\/\/www.europesays.com\/es\/wp-json\/wp\/v2\/posts"}],"about":[{"href":"https:\/\/www.europesays.com\/es\/wp-json\/wp\/v2\/types\/post"}],"author":[{"embeddable":true,"href":"https:\/\/www.europesays.com\/es\/wp-json\/wp\/v2\/users\/2"}],"replies":[{"embeddable":true,"href":"https:\/\/www.europesays.com\/es\/wp-json\/wp\/v2\/comments?post=617075"}],"version-history":[{"count":0,"href":"https:\/\/www.europesays.com\/es\/wp-json\/wp\/v2\/posts\/617075\/revisions"}],"wp:featuredmedia":[{"embeddable":true,"href":"https:\/\/www.europesays.com\/es\/wp-json\/wp\/v2\/media\/617076"}],"wp:attachment":[{"href":"https:\/\/www.europesays.com\/es\/wp-json\/wp\/v2\/media?parent=617075"}],"wp:term":[{"taxonomy":"category","embeddable":true,"href":"https:\/\/www.europesays.com\/es\/wp-json\/wp\/v2\/categories?post=617075"},{"taxonomy":"post_tag","embeddable":true,"href":"https:\/\/www.europesays.com\/es\/wp-json\/wp\/v2\/tags?post=617075"}],"curies":[{"name":"wp","href":"https:\/\/api.w.org\/{rel}","templated":true}]}}