{"id":617126,"date":"2026-06-20T16:50:15","date_gmt":"2026-06-20T16:50:15","guid":{"rendered":"https:\/\/www.europesays.com\/es\/617126\/"},"modified":"2026-06-20T16:50:15","modified_gmt":"2026-06-20T16:50:15","slug":"clasificaciones-completas-de-la-3a-etapa-de-la-ruta-de-occitania-2026-esciclismo","status":"publish","type":"post","link":"https:\/\/www.europesays.com\/es\/617126\/","title":{"rendered":"Clasificaciones completas de la 3\u00aa etapa de la Ruta de Occitania 2026 &#8211; Esciclismo"},"content":{"rendered":"<ol>\n<li><a href=\"https:\/\/news.google.com\/rss\/articles\/CBMiakFVX3lxTE0xcFlwVy1YWmtFOVJfQS05aGpXZzUzZ2ZDeUZEV0V0MDIyTjZDWXZxVVg5aGc5RVFyLS0wVUFQbHlvbFdjcHBPNkFvdXhtbFBYbVVzdEtYWWp4bUNxRlY3el9aUkhhelBFdUE?oc=5\" target=\"_blank\" rel=\"nofollow noopener\">Clasificaciones completas de la 3\u00aa etapa de la Ruta de Occitania 2026<\/a>&nbsp;&nbsp;Esciclismo<\/li>\n<li><a href=\"https:\/\/news.google.com\/rss\/articles\/CBMivgFBVV95cUxPSGJCZXZDZTU3WnFzd0RySnFCWUxVQlBFb3FNWDZidjc2dkg0WXhITmFwM1ZPdXVUMFVjRXoxWlZvWE1sT3F4ek15Y1dPaW8ycEZiQWNyQm13MWFaRm1qOGxXY2s3Zkh1S1M1Z2YwRUFjdUtnc2hPOFNRTS1pUDBzeTdNTFdEY3hSNC1mYnJ4X2dXRFFQbXZJdjU0Rm5rWTRwYmQ1dW9EdTRhTnJYUTR5UjVPQm1aX0pRLUNfR3BB?oc=5\" target=\"_blank\" rel=\"nofollow noopener\">S\u00f3lo Piganzoli puede con el vitoriano Ibon Ruiz en la Ruta de Occitania<\/a>&nbsp;&nbsp;elcorreo.com<\/li>\n<li><a href=\"https:\/\/news.google.com\/rss\/articles\/CBMiaEFVX3lxTE9IbS1ab3dyUlZKR3I2dlJjMzFiMV9HNVY4NmJvSE9iMEZYWTlfYkZGYUlfZUVHZDNFa2VUaEJtcC0yVndrdTFpVEhPQ0JwVU9mVTVQei14ZFJmRU9xLThUVWotcG9fOF9w?oc=5\" target=\"_blank\" rel=\"nofollow noopener\">3\u00aa Ruta Occitania: doblete de Piganzoli<\/a>&nbsp;&nbsp;Ciclo21<\/li>\n<li><a href=\"https:\/\/news.google.com\/rss\/articles\/CBMi6gFBVV95cUxOMTliVDYtM0o0NWVNZUZldXIxamJxTWpWRkx4UUYzWGNDaEZyZHd2SGFpSHdtNldldWRWOVhkTEw4NDFlcHdjNTAyNmhZVkU3T2hxSm1UVUo0NlVGQUFNQ09BaU5sa014RjZlM1gwQm5FSVpJRWkxT1RVSERoUGtLemU3ck1BeUFKNng1cExHaG9CT01ZQ3JWNmpCeTdqX01zWTN3UmNHZEF3bEFISTBzczdJYlBLM2NIZnZFQkZwakN6dUJKR2FuMktVNDdBT2xhSVlqMGFOTmZ4V3oyRVotVi1malpSM3FLclHSAe8BQVVfeXFMTS1tVG40NEVpb3RIXzFFSGp5dWYtN1UtRE13QUZod0xpTlViQ2lvR0Q3OGpQTXhuNmlsTFF6NUhXQWdNVlhjX3RZUkQ4Tlh3Zlkzc1AzT0FycW5zNFY2bFpndGZndTZpZ0FaUktwV2xTOVJKYU5aVi15MHJEQVdSTmNramUxYUgzazhacG5rUE82Z09EYmw4TmIzbWtrUlB4VGdDZXJFV2JaUXI0QmRMWWt2WFNKcXAyN1RlNFhzamY4bHFnSVNZUzAxMkFqNXlZdXV4dTdTaV9OTWxwUVppNDBwUlVIcS1XeHBYbmdWQm8?oc=5\" target=\"_blank\" rel=\"nofollow noopener\">Ronan Aug\u00e9 se lleva el pen\u00faltimo cap\u00edtulo de la Ruta de Occitania; Estiven Garc\u00eda sigue siendo el mejor colombiano<\/a>&nbsp;&nbsp;Revista Mundo Cicl\u00edstico<\/li>\n<li><a href=\"https:\/\/news.google.com\/rss\/articles\/CBMioAFBVV95cUxPMU1ySHNJeDRNS1Z6VkxkclRHV01ERFBDaS14NEZ2NVJBYnZBZGlYX010OVJqYnpWVTNmdGkzZldTcmxwOHdFdDJJUFpTLWh0WVQ0QmlFa3QyS1lha3RKNnBiNFEwNC1xdkFtV3pwbTBwWGpJSjk1b2ctRk9xaDBjV0VzQVA1SmpfbUlNZnZEWGlaaGlORzItdVVIU1ExV2xQ?oc=5\" target=\"_blank\" rel=\"nofollow noopener\">Ruta de Occitania: llega el d\u00eda decisivo de una carrera con sabor espa\u00f1ol<\/a>&nbsp;&nbsp;Zikloland<\/li>\n<\/ol>\n","protected":false},"excerpt":{"rendered":"Clasificaciones completas de la 3\u00aa etapa de la Ruta de Occitania 2026&nbsp;&nbsp;Esciclismo S\u00f3lo Piganzoli puede con el vitoriano&hellip;\n","protected":false},"author":2,"featured_media":617127,"comment_status":"","ping_status":"","sticky":false,"template":"","format":"standard","meta":{"footnotes":""},"categories":[273],"tags":[10605,517,115109,115111,115106,18791,313,12652,14197,55199,312,2439,168,11802,9536,7368,25,24,53841,314,115108,115112,293,9201,5215,115107,115105,115110,915,114396,7442,23408,8832,2236,3397,23,167,1885,32693],"class_list":["post-617126","post","type-post","status-publish","format-standard","has-post-thumbnail","category-ciclismo","tag-a","tag-actualidad","tag-ancizan","tag-azet","tag-barousse","tag-carretera","tag-ciclismo","tag-clasificaciones","tag-col","tag-completas","tag-cycling","tag-d","tag-deportes","tag-desnivel","tag-dificultades","tag-disputada","tag-es","tag-espana","tag-estas","tag-etapa","tag-hourquette","tag-htm","tag-jornada","tag-junio","tag-kilometros","tag-loudenvielle","tag-loures","tag-louron","tag-metros","tag-occitania","tag-pasos","tag-positivo","tag-principales","tag-ruta","tag-sabado","tag-spain","tag-sports","tag-ultima","tag-val"],"share_on_mastodon":{"url":"https:\/\/pubeurope.com\/@es\/116783469453438087","error":""},"_links":{"self":[{"href":"https:\/\/www.europesays.com\/es\/wp-json\/wp\/v2\/posts\/617126","targetHints":{"allow":["GET"]}}],"collection":[{"href":"https:\/\/www.europesays.com\/es\/wp-json\/wp\/v2\/posts"}],"about":[{"href":"https:\/\/www.europesays.com\/es\/wp-json\/wp\/v2\/types\/post"}],"author":[{"embeddable":true,"href":"https:\/\/www.europesays.com\/es\/wp-json\/wp\/v2\/users\/2"}],"replies":[{"embeddable":true,"href":"https:\/\/www.europesays.com\/es\/wp-json\/wp\/v2\/comments?post=617126"}],"version-history":[{"count":0,"href":"https:\/\/www.europesays.com\/es\/wp-json\/wp\/v2\/posts\/617126\/revisions"}],"wp:featuredmedia":[{"embeddable":true,"href":"https:\/\/www.europesays.com\/es\/wp-json\/wp\/v2\/media\/617127"}],"wp:attachment":[{"href":"https:\/\/www.europesays.com\/es\/wp-json\/wp\/v2\/media?parent=617126"}],"wp:term":[{"taxonomy":"category","embeddable":true,"href":"https:\/\/www.europesays.com\/es\/wp-json\/wp\/v2\/categories?post=617126"},{"taxonomy":"post_tag","embeddable":true,"href":"https:\/\/www.europesays.com\/es\/wp-json\/wp\/v2\/tags?post=617126"}],"curies":[{"name":"wp","href":"https:\/\/api.w.org\/{rel}","templated":true}]}}