{"id":617227,"date":"2026-06-20T18:09:17","date_gmt":"2026-06-20T18:09:17","guid":{"rendered":"https:\/\/www.europesays.com\/es\/617227\/"},"modified":"2026-06-20T18:09:17","modified_gmt":"2026-06-20T18:09:17","slug":"borja-iglesias-recuerda-el-espana-egipto-en-un-dardo-por-las-preguntas-sobre-lamine-tambien-me-gustaria-que-preguntemos-esos-dias-futbol","status":"publish","type":"post","link":"https:\/\/www.europesays.com\/es\/617227\/","title":{"rendered":"Borja Iglesias recuerda el Espa\u00f1a-Egipto en un dardo por las preguntas sobre Lamine: \u00abTambi\u00e9n me gustar\u00eda que preguntemos esos d\u00edas\u00bb | F\u00fatbol"},"content":{"rendered":"<p>Las preguntas sobre <a href=\"https:\/\/cadenaser.com\/nacional\/2026\/06\/19\/lamine-yamal-apunta-a-titular-contra-arabia-saudi-pero-no-sera-la-unica-novedad-lo-quiere-cerquita-en-el-campo-cadena-ser\/\" target=\"_blank\" rel=\"nofollow noopener\" title=\"https:\/\/cadenaser.com\/nacional\/2026\/06\/19\/lamine-yamal-apunta-a-titular-contra-arabia-saudi-pero-no-sera-la-unica-novedad-lo-quiere-cerquita-en-el-campo-cadena-ser\/\">un Lamine Yamal que apunta a la titularidad en el Espa\u00f1a-Arabia Saud\u00ed<\/a> se han convertido en el trending topic de las comparecencias de los jugadores de la selecci\u00f3n espa\u00f1ola en Atlanta este s\u00e1bado. Las dudas sobre el estado f\u00edsico de la estrella de Espa\u00f1a y del Bar\u00e7a han eclipsado el resto de temas en la concentraci\u00f3n de La Roja para el <a href=\"https:\/\/cadenaser.com\/tag\/mundial_2026\/a\/\" target=\"_blank\" rel=\"nofollow noopener\" title=\"https:\/\/cadenaser.com\/tag\/mundial_2026\/a\/\">Mundial 2026<\/a>. Tambi\u00e9n en la intervenci\u00f3n del delantero Borja Iglesias, que en sus respuestas a la prensa ha mostrado su comprensi\u00f3n respecto al inter\u00e9s en el 19 del equipo, pero no ha desaprovechado la ocasi\u00f3n para lanzar un recado con su dosis de reivindicaci\u00f3n social.<\/p>\n<p>M\u00e1s informaci\u00f3n<\/p>\n<p>Y es que, preguntado por el periodista de la Cadena SER Ant\u00f3n Meana respecto a Lamine Yamal, Borja Iglesias comenzaba rest\u00e1ndole importancia al tedio de su paso por los diferentes micr\u00f3fonos. \u00abEs que es muy bueno. Yo tambi\u00e9n pregunto qu\u00e9 tal est\u00e1 Lamine cunado no lo veo bien\u00bb, iniciaba el delantero del Celta de Vigo en su intervenci\u00f3n, antes de dejar su particular tir\u00f3n de orejas.<\/p>\n<p>\u00abObviamente, Lamine es muy bueno, pero tambi\u00e9n me gustar\u00eda que en d\u00edas, como cuando juguemos contra Egipto en Barcelona, tambi\u00e9n preguntemos por Lamine cuando pasan cosas fuera del campo\u00bb, incidi\u00f3, trayendo a la memoria los incidentes de car\u00e1cter racista que empa\u00f1aron aquel partido amistoso. En dicho partido, las miradas tambi\u00e9n se dirigieron a Lamine Yamal buscando sus reacciones en mitad de los gritos de musulm\u00e1n el que no bote&#8217; desde un sector de la afici\u00f3n espa\u00f1ola que acudi\u00f3 al estadio de Cornell\u00e0.<\/p>\n<p><img loading=\"lazy\" decoding=\"async\" src=\"https:\/\/www.europesays.com\/es\/wp-content\/uploads\/2026\/06\/https:\/\/sdmedia.playser.cadenaser.com\/playser\/image\/20266\/20\/1781977122298_1781977328_asset_still.jp.jpeg\" width=\"9\" height=\"16\"\/><\/p>\n<p>El foco esta semana apunta a Arabia Saud\u00ed. Espa\u00f1a se juega parte de sus opciones de clasificar a dieciseisavos de final en el Mundial en el partido de este domingo (18:00 hora peninsular espa\u00f1ola) y Lamine Yamal, entre algodones debido a su reciente lesi\u00f3n, es <a href=\"https:\/\/cadenaser.com\/nacional\/2026\/06\/19\/va-a-ser-dificil-de-gestionar-el-complicado-paso-que-le-espera-a-luis-de-la-fuente-a-partir-del-partido-contra-arabia-saudi-cadena-ser\/\" target=\"_blank\" rel=\"nofollow noopener\" title=\"https:\/\/cadenaser.com\/nacional\/2026\/06\/19\/va-a-ser-dificil-de-gestionar-el-complicado-paso-que-le-espera-a-luis-de-la-fuente-a-partir-del-partido-contra-arabia-saudi-cadena-ser\/\">uno de los grandes reclamos para Luis de la Fuente<\/a>.<\/p>\n","protected":false},"excerpt":{"rendered":"Las preguntas sobre un Lamine Yamal que apunta a la titularidad en el Espa\u00f1a-Arabia Saud\u00ed se han convertido&hellip;\n","protected":false},"author":2,"featured_media":617228,"comment_status":"","ping_status":"","sticky":false,"template":"","format":"standard","meta":{"footnotes":""},"categories":[93],"tags":[168,25,24,23,167,16712],"class_list":["post-617227","post","type-post","status-publish","format-standard","has-post-thumbnail","category-deportes","tag-deportes","tag-es","tag-espana","tag-spain","tag-sports","tag-training"],"share_on_mastodon":{"url":"https:\/\/pubeurope.com\/@es\/116783781014203283","error":""},"_links":{"self":[{"href":"https:\/\/www.europesays.com\/es\/wp-json\/wp\/v2\/posts\/617227","targetHints":{"allow":["GET"]}}],"collection":[{"href":"https:\/\/www.europesays.com\/es\/wp-json\/wp\/v2\/posts"}],"about":[{"href":"https:\/\/www.europesays.com\/es\/wp-json\/wp\/v2\/types\/post"}],"author":[{"embeddable":true,"href":"https:\/\/www.europesays.com\/es\/wp-json\/wp\/v2\/users\/2"}],"replies":[{"embeddable":true,"href":"https:\/\/www.europesays.com\/es\/wp-json\/wp\/v2\/comments?post=617227"}],"version-history":[{"count":0,"href":"https:\/\/www.europesays.com\/es\/wp-json\/wp\/v2\/posts\/617227\/revisions"}],"wp:featuredmedia":[{"embeddable":true,"href":"https:\/\/www.europesays.com\/es\/wp-json\/wp\/v2\/media\/617228"}],"wp:attachment":[{"href":"https:\/\/www.europesays.com\/es\/wp-json\/wp\/v2\/media?parent=617227"}],"wp:term":[{"taxonomy":"category","embeddable":true,"href":"https:\/\/www.europesays.com\/es\/wp-json\/wp\/v2\/categories?post=617227"},{"taxonomy":"post_tag","embeddable":true,"href":"https:\/\/www.europesays.com\/es\/wp-json\/wp\/v2\/tags?post=617227"}],"curies":[{"name":"wp","href":"https:\/\/api.w.org\/{rel}","templated":true}]}}