{"id":617293,"date":"2026-06-20T19:01:15","date_gmt":"2026-06-20T19:01:15","guid":{"rendered":"https:\/\/www.europesays.com\/es\/617293\/"},"modified":"2026-06-20T19:01:15","modified_gmt":"2026-06-20T19:01:15","slug":"armengol-renuncia-a-ser-la-candidata-del-psoe-balear-en-las-proximas-elecciones-autonomicas-de-2027","status":"publish","type":"post","link":"https:\/\/www.europesays.com\/es\/617293\/","title":{"rendered":"Armengol renuncia a ser la candidata del PSOE balear en las pr\u00f3ximas elecciones auton\u00f3micas de 2027"},"content":{"rendered":"<p class=\"article-text\">\n        La presidenta del Congreso y secretaria general del PSIB-PSOE, Francina Armengol, ha anunciado este s\u00e1bado en Palma que no se presentar\u00e1 a las primarias de su partido para encabezar la candidatura socialista al Govern balear en las elecciones auton\u00f3micas de 2027. \u201cLo hago por una responsabilidad enorme en el momento en el que vivimos, creo que es lo mejor en estos momentos\u201d, ha afirmado Armengol durante la reuni\u00f3n del Consejo Pol\u00edtico del PSIB.\n    <\/p>\n<p>    <a href=\"https:\/\/www.eldiario.es\/illes-balears\/politica\/militares-policias-restricciones-sociales-ofensiva-catalan-pp-vox-aprueban-ley-omnibus-balears_1_13248515.html\" data-mrf-recirculation=\"saber-mas\" data-dl-event=\"saber-mas\" rel=\"nofollow noopener\" target=\"_blank\"><\/p>\n<p class=\"know-more__title\">PP y Vox aprueban la ley \u00f3mnibus balear: ayudas sociales restringidas, plazas de polic\u00eda para militares y ataques al catal\u00e1n<\/p>\n<p>            <img decoding=\"async\" class=\"lazy\" loading=\"lazy\" data-src=\"https:\/\/static.eldiario.es\/clip\/45a49224-e5e6-459b-8874-9699a417934a_16-9-aspect-ratio_default_0.jpg\" src=\"data:image\/svg+xml,%3Csvg xmlns=\" http:=\"\" viewbox=\"0 0 880 495\" alt=\"PP y Vox aprueban la ley \u00f3mnibus balear: ayudas sociales restringidas, plazas de polic\u00eda para militares y ataques al catal\u00e1n\"\/><\/p>\n<p>                        <\/a><\/p>\n<p class=\"article-text\">\n        La l\u00edder socialista ha se\u00f1alado que su intenci\u00f3n, si as\u00ed lo decide el partido, es formar parte de la candidatura al Congreso de los Diputados cuando el presidente del Gobierno, Pedro S\u00e1nchez, convoque las pr\u00f3ximas elecciones generales, previstas tambi\u00e9n para 2027, ha comentado.\n    <\/p>\n<p class=\"article-text\">\n        Con esta decisi\u00f3n, Armengol renuncia a optar a un tercer mandato al frente del Govern balear, despu\u00e9s de haber presidido la comunidad aut\u00f3noma durante dos legislaturas consecutivas, entre 2015 y 2023. La presidenta del Congreso ha destacado la necesidad \u201ccolocar las piezas de la mejor manera posible\u201d para situar al PSIB lo m\u00e1s cerca posible de la \u201cvictoria electoral\u201d en las elecciones municipales, insulares y auton\u00f3micas, previstas para mayo de 2027.\n    <\/p>\n<p class=\"article-text\">\n        La dirigente socialista continuar\u00e1, no obstante, como secretaria general del PSIB, cargo que ocupa desde 2012, adem\u00e1s de mantener la presidencia del Congreso, responsabilidad que desempe\u00f1a desde 2023.El anuncio abre ahora el proceso para elegir a la persona que encabezar\u00e1 la candidatura socialista a la presidencia del Govern en las elecciones auton\u00f3micas de 2027 y que se enfrentar\u00e1 a la actual presidenta auton\u00f3mica, Marga Prohens (PP).\n    <\/p>\n<p class=\"article-text\">\n        Entre los nombres mejor situados para asumir ese liderazgo figura el de la actual secretaria de Estado de Turismo, Rosario S\u00e1nchez, seg\u00fan han indicado a EFE fuentes socialistas. La elecci\u00f3n del candidato o candidata se decidir\u00e1 mediante el proceso de primarias.\n    <\/p>\n<p class=\"article-text\">\n        Los procesos de primarias, ha anunciado, comenzar\u00e1n a partir del pr\u00f3ximo mes de julio. Los primeros ser\u00e1n los que decidir\u00e1n al candidato o candidata al Govern, a los cuatro consells insulares y a los principales municipios del archipi\u00e9lago. M\u00e1s adelante ser\u00e1 el turno del resto de municipios y de la lista que se presentar\u00e1 a las elecciones estatales. El calendario, ha apuntado, viene marcado por el Comit\u00e9 Federal del PSOE que se celebrar\u00e1 la semana que viene y en el que se abrir\u00e1 el periodo para llevar a cabo las primarias.\n    <\/p>\n<p class=\"article-text\">\n        \u201cTengo much\u00edsimas ganas de ganar las elecciones en las Islas Baleares, que son mi pasi\u00f3n\u201d, ha sentenciado Armengol. La presidenta del Congreso ha recordado que siempre ha sentido \u201cuna fuerza y un calor inmensos\u201d por parte de la organizaci\u00f3n socialista a lo largo de su trayectoria pol\u00edtica y ha pedido ese mismo respaldo para los futuros candidatos socialistas a las elecciones auton\u00f3micas, municipales y a los consells insulars.\n    <\/p>\n<p>     \u201cNo dej\u00e9is que nadie os diga que no es posible\u201d<\/p>\n<p class=\"article-text\">\n        Con ocasi\u00f3n del Mundial de F\u00fatbol, ha recurrido a un s\u00edmil futbol\u00edstico para defender la necesidad de situar a cada jugador en el lugar del campo donde rinda m\u00e1s y sea m\u00e1s eficaz para ganar el partido. Armengol tambi\u00e9n ha recordado que inici\u00f3 su trayectoria pol\u00edtica como independiente en las listas socialistas durante la etapa de gobierno \u201cdel se\u00f1or Aznar\u201d, porque consideraba al PSOE, y as\u00ed lo cree, \u201cel instrumento m\u00e1s fuerte\u201d para transformar la vida de los ciudadanos y garantizar la igualdad de derechos. \u201cNo dej\u00e9is que nadie os diga que no es posible; hacedme caso: en 2027 volveremos a gobernar esta comunidad aut\u00f3noma\u201d, ha concluido entre los aplausos de los asistentes.\n    <\/p>\n<p class=\"article-text\">\n        Durante su intervenci\u00f3n, Armengol tambi\u00e9n ha aludido a los casos de corrupci\u00f3n que afectan al PSOE, aunque sin mencionarlos expresamente. \u201cSabemos que en nuestro partido se han cometido errores, y ante eso hemos pedido excusas y hemos puesto orden\u201d, ha se\u00f1alado, al tiempo que ha reivindicado los m\u00e1s de 140 a\u00f1os de historia y valores del partido socialista fundado por Pablo Iglesias.\n    <\/p>\n<p class=\"article-text\">\n        Asimismo, ha asegurado que el PSOE no aceptar\u00e1 \u201clecciones de corrupci\u00f3n\u201d del PP, y menos de los populares de Baleares, y ha definido al presidente del Gobierno, Pedro S\u00e1nchez, como \u201cun faro en el mundo de las pol\u00edticas progresistas\u201d.\n    <\/p>\n","protected":false},"excerpt":{"rendered":"La presidenta del Congreso y secretaria general del PSIB-PSOE, Francina Armengol, ha anunciado este s\u00e1bado en Palma que&hellip;\n","protected":false},"author":2,"featured_media":617294,"comment_status":"","ping_status":"","sticky":false,"template":"","format":"standard","meta":{"footnotes":""},"categories":[8],"tags":[15609,62334,39700,19181,17,18,12700,4374,25,24,13,14,11,19,20,9,10,15,16,7411,1699,17243,23,12,21,22],"class_list":["post-617293","post","type-post","status-publish","format-standard","has-post-thumbnail","category-espana","tag-15609","tag-armengol","tag-autonomicas","tag-balear","tag-breaking-news","tag-breakingnews","tag-candidata","tag-elecciones","tag-es","tag-espana","tag-featured-news","tag-featurednews","tag-headlines","tag-latest-news","tag-latestnews","tag-news","tag-noticias","tag-noticias-destacadas","tag-noticiasdestacadas","tag-proximas","tag-psoe","tag-renuncia","tag-spain","tag-titulares","tag-ultimas-noticias","tag-ultimasnoticias"],"share_on_mastodon":{"url":"https:\/\/pubeurope.com\/@es\/116783984706794910","error":""},"_links":{"self":[{"href":"https:\/\/www.europesays.com\/es\/wp-json\/wp\/v2\/posts\/617293","targetHints":{"allow":["GET"]}}],"collection":[{"href":"https:\/\/www.europesays.com\/es\/wp-json\/wp\/v2\/posts"}],"about":[{"href":"https:\/\/www.europesays.com\/es\/wp-json\/wp\/v2\/types\/post"}],"author":[{"embeddable":true,"href":"https:\/\/www.europesays.com\/es\/wp-json\/wp\/v2\/users\/2"}],"replies":[{"embeddable":true,"href":"https:\/\/www.europesays.com\/es\/wp-json\/wp\/v2\/comments?post=617293"}],"version-history":[{"count":0,"href":"https:\/\/www.europesays.com\/es\/wp-json\/wp\/v2\/posts\/617293\/revisions"}],"wp:featuredmedia":[{"embeddable":true,"href":"https:\/\/www.europesays.com\/es\/wp-json\/wp\/v2\/media\/617294"}],"wp:attachment":[{"href":"https:\/\/www.europesays.com\/es\/wp-json\/wp\/v2\/media?parent=617293"}],"wp:term":[{"taxonomy":"category","embeddable":true,"href":"https:\/\/www.europesays.com\/es\/wp-json\/wp\/v2\/categories?post=617293"},{"taxonomy":"post_tag","embeddable":true,"href":"https:\/\/www.europesays.com\/es\/wp-json\/wp\/v2\/tags?post=617293"}],"curies":[{"name":"wp","href":"https:\/\/api.w.org\/{rel}","templated":true}]}}