{"id":617303,"date":"2026-06-20T19:11:14","date_gmt":"2026-06-20T19:11:14","guid":{"rendered":"https:\/\/www.europesays.com\/es\/617303\/"},"modified":"2026-06-20T19:11:14","modified_gmt":"2026-06-20T19:11:14","slug":"paises-bajos-suecia-en-directo-sigue-el-partido-del-mundial-2026-en-vivo-hoy-sport","status":"publish","type":"post","link":"https:\/\/www.europesays.com\/es\/617303\/","title":{"rendered":"Pa\u00edses Bajos &#8211; Suecia, en directo: sigue el partido del Mundial 2026, en vivo hoy &#8211; SPORT"},"content":{"rendered":"<ol>\n<li><a href=\"https:\/\/news.google.com\/rss\/articles\/CBMilgFBVV95cUxPQWZFLS1TZ1MxTWhmSUpudE5uU0Z2ajlrMUNVV3hWUzFyVHZrY09OeEdOVnExQmVLVzMxWkpPWktsakcxV2ZZWjJoX1BxVXZiWWdLM1BYYV92NUlscGhraUV3WGc0OVN0Sm9vYzdQZzl5TW5uYkdRZk5Ebjl6akxwRHhoV3FDU2QxRGk2QkVZMldxc3Y0OGfSAZYBQVVfeXFMUHp3ZmdUcjVTRlpQeXI0dlNneVNKM0oxM0tsWmwwSFJpZDhaRmxxRzR2X0l3c083Y09SZ3VqNGFrZUNnWnMzUDVYYWpWVXZONkcxM3QwQmFOZ2FLNUQ1WmVvX0dQbTdXMGVzNmdOd21uWnl0bUhQZjhYWDBEcDlCUmFyZzZTYUczbFlOaG9EUHVJNzhMaDdn?oc=5\" target=\"_blank\" rel=\"nofollow noopener\">Pa\u00edses Bajos &#8211; Suecia, en directo: sigue el partido del Mundial 2026, en vivo hoy<\/a>&nbsp;&nbsp;SPORT<\/li>\n<li><a href=\"https:\/\/news.google.com\/rss\/articles\/CBMiqAFBVV95cUxON3F2X3g0UE9VYk96VmljN2xFd2QtSFNTVkVuaTN5TF9JSFh5Q2RHWEtUU2dhV2M3V3pCUnpYSTE2NE5JdEpOUTM1SEdReVNyV0NQUjRCTV9idkdVeVlkZnJNaEp5SmVtejlQaTAwdktLblpyeW1wNEdlT1Zydk9VQnJkWDRrbFBDb3hMRFBxV1BoMW5KTV9GdTNaajE2WHMtbjRNeWRpeXQ?oc=5\" target=\"_blank\" rel=\"nofollow noopener\">Pa\u00edses Bajos &#8211; Suecia en directo hoy | \u00daltima hora del partido del Mundial en vivo<\/a>&nbsp;&nbsp;MARCA<\/li>\n<li><a href=\"https:\/\/news.google.com\/rss\/articles\/CBMitgFBVV95cUxObHNwRHBTTnRCU1ZVT213bnBQZlRHV0ZnaXk0VWlxX3dBRTJjNHlnOThFQzZCcGhncnhibXJsZGNtOVBZQWFGa2U5cUR1c2w0OFphbEoyZkcxVHFYcmptREtka2d0LUVzVnBBN21qMlgxTHBabU1CaDJXRmFHWlVrUkNOZE85V19hQnNUTWxEdmZreWg0b3k5ZXpxX3kyeFVRZmJCaThsZlRzZ016RGlUVExldEdmUdIBtgFBVV95cUxOQVJ1bEstWWVuZjA2d0RIY2lYTmozYzNRdmVlZVFQZGhBekk1dTdUeU5QcldybVlxazFoOGs3eV9RcTJ3eGExdHVmaFVuMXE4ejNheDRJSjVxSzFrWlJ4bnpuSGtxcFhzRVRVRDFoSlVaYmdyWV94ZlF5azd5ei1EeGJaMnVTQlQ2Y3ZscjVZRzFKQ1J5dUplX2VlSmx0NVlJY1ZmRzE5XzByaUNrZ1VVZ0JyaWNVUQ?oc=5\" target=\"_blank\" rel=\"nofollow noopener\">Pa\u00edses Bajos &#8211; Suecia en directo: los de Koeman buscan su primera victoria<\/a>&nbsp;&nbsp;El Mundo<\/li>\n<li><a href=\"https:\/\/news.google.com\/rss\/articles\/CBMiuAFBVV95cUxPMHZCdUVlM00zVnRiajkyWnpZT1dxX25YZDVvWU5xWlg5OGRnYVcyczUwMElzbmwxcDZjNVFnUWpPZk9NZklPTFdiNHJnN25GQzJDLU9pb3VuNGNHclpZU0EyOFRiVnIwdHoxRTdfZU04bjE1WGpMNGxzYlp1Z3k0Rnc1MGo3LWJIYXZiRE9kdVp0MTZiRUY5QW96SDFPTTBGQW41SUFCTWpZMUozbmk5QUZ1RVpIaGt6?oc=5\" target=\"_blank\" rel=\"nofollow noopener\">Pa\u00edses Bajos &#8211; Suecia, en directo: sigue el resultado, ganador y goles del partido de la primera fase del Mundial hoy<\/a>&nbsp;&nbsp;ABC<\/li>\n<li><a href=\"https:\/\/news.google.com\/rss\/articles\/CBMitwFBVV95cUxNU1Y1WGhWY2VSMXAxYnY2Y3hHM3NWQ2o2bzF5djRsQ3RtWFFTc0gtVHJmV3Z3aHV1Wm5LVlYtTG1HTzFmSTIzQkZnTHoyNnFjZ045cHRHa0Q2UEN2TFNYY2RuLXJpY2R3SXlPcGRTZURXQ3AtajlFdGxtQ2hNdlhOU083WnBPRm9nN3EwbTlmNE5nQzNvaXlTZ0pSTjBtZ2k4ZGVJaHR6dFZlQ0lxLWR4SmxBSjMwNXfSAbwBQVVfeXFMTWRabWlocDdRSE0wcVRVRVFPUzJmUktsSC1aZHZYWHluYnFUT1V3MVdObUdnLXVZdk51dVAyMnJEZkhhdUdLaVM3bkx0bTVjVHIySUZ0ZlQzY0tkOVpDZXRmY0ZHcjZsZnJmcHloT0dBMGxEY3ZkZm84SDgwaEUtRXZuSTBaYkcyT2s2MWdSTE8xbzFEb0Jxb0FSQUNMTUZyV1pZczZ6SEpWYVUySkMxSHdUYnRNWWhnRHBxWm8?oc=5\" target=\"_blank\" rel=\"nofollow noopener\">Pa\u00edses Bajos \u2013 Suecia el partido de f\u00fatbol de F. Grupos &#8211; Jornada 2 del Mundial de EE.UU., M\u00e9xico y Canad\u00e1 2026, en directo<\/a>&nbsp;&nbsp;La Vanguardia<\/li>\n<\/ol>\n","protected":false},"excerpt":{"rendered":"Pa\u00edses Bajos &#8211; Suecia, en directo: sigue el partido del Mundial 2026, en vivo hoy&nbsp;&nbsp;SPORT Pa\u00edses Bajos &#8211;&hellip;\n","protected":false},"author":2,"featured_media":617304,"comment_status":"","ping_status":"","sticky":false,"template":"","format":"standard","meta":{"footnotes":""},"categories":[268],"tags":[8524,168,2125,25,24,280,282,32463,8523,1262,281,23,167,7218],"class_list":["post-617303","post","type-post","status-publish","format-standard","has-post-thumbnail","category-futbol","tag-bajos","tag-deportes","tag-directo","tag-es","tag-espana","tag-football","tag-futbol","tag-mundial-2026","tag-paises","tag-sigue","tag-soccer","tag-spain","tag-sports","tag-suecia"],"share_on_mastodon":{"url":"https:\/\/pubeurope.com\/@es\/116784023925839846","error":""},"_links":{"self":[{"href":"https:\/\/www.europesays.com\/es\/wp-json\/wp\/v2\/posts\/617303","targetHints":{"allow":["GET"]}}],"collection":[{"href":"https:\/\/www.europesays.com\/es\/wp-json\/wp\/v2\/posts"}],"about":[{"href":"https:\/\/www.europesays.com\/es\/wp-json\/wp\/v2\/types\/post"}],"author":[{"embeddable":true,"href":"https:\/\/www.europesays.com\/es\/wp-json\/wp\/v2\/users\/2"}],"replies":[{"embeddable":true,"href":"https:\/\/www.europesays.com\/es\/wp-json\/wp\/v2\/comments?post=617303"}],"version-history":[{"count":0,"href":"https:\/\/www.europesays.com\/es\/wp-json\/wp\/v2\/posts\/617303\/revisions"}],"wp:featuredmedia":[{"embeddable":true,"href":"https:\/\/www.europesays.com\/es\/wp-json\/wp\/v2\/media\/617304"}],"wp:attachment":[{"href":"https:\/\/www.europesays.com\/es\/wp-json\/wp\/v2\/media?parent=617303"}],"wp:term":[{"taxonomy":"category","embeddable":true,"href":"https:\/\/www.europesays.com\/es\/wp-json\/wp\/v2\/categories?post=617303"},{"taxonomy":"post_tag","embeddable":true,"href":"https:\/\/www.europesays.com\/es\/wp-json\/wp\/v2\/tags?post=617303"}],"curies":[{"name":"wp","href":"https:\/\/api.w.org\/{rel}","templated":true}]}}