{"id":617409,"date":"2026-06-20T20:29:29","date_gmt":"2026-06-20T20:29:29","guid":{"rendered":"https:\/\/www.europesays.com\/es\/617409\/"},"modified":"2026-06-20T20:29:29","modified_gmt":"2026-06-20T20:29:29","slug":"el-torero-tomas-angulo-herido-de-gravedad-tras-una-cogida-en-la-plaza-de-moralzarzal","status":"publish","type":"post","link":"https:\/\/www.europesays.com\/es\/617409\/","title":{"rendered":"El torero Tom\u00e1s Angulo herido de gravedad tras una cogida en la plaza de Moralzarzal"},"content":{"rendered":"<p>El torero <b>Tom\u00e1s Angulo<\/b> ha sido <b>herido \u00abde gravedad\u00bb<\/b> tras ser cogido por un toro esta tarde de s\u00e1bado en la plaza de <b>Moralzarzal (Madrid)<\/b>, donde sufri\u00f3 varias cornadas que le afectaron la arteria femoral, seg\u00fan el parte m\u00e9dico.<\/p>\n<p>Angulo fue cogido por el segundo toro de la tarde, de la ganader\u00eda de Valdefresno, que le corne\u00f3 en dos ocasiones cuando toreaba con la muleta. Seg\u00fan el parte m\u00e9dico, el <b>torero extreme\u00f1o<\/b> ha sufrido una herida por asta de toro en el tercio superior del muslo izquierdo en la cara anterior \u00abcon una trayectoria hacia arriba de unos 20 cent\u00edmetros\u00bb, afectando \u00aben unos 7 cent\u00edmetros la arteria femoral\u00bb. Adem\u00e1s, la herida ha provocado tambi\u00e9n desgarros musculares.<\/p>\n<p>El torero presenta adem\u00e1s otra <b>herida por asta<\/b> en la parte posterior del muslo de unos 15 cent\u00edmetros, que ha afectado varios m\u00fasculos y ha alcanzado el f\u00e9mur. El <b>parte m\u00e9dico <\/b>tambi\u00e9n recoge una <b>contusi\u00f3n<\/b> en el <b>hemit\u00f3rax derecho<\/b>, heridas en el cuero cabelludo y en la cara, y un varetazo en la parte posterior del muslo derecho.<\/p>\n<p>A ra\u00edz de las heridas sufridas, el parte m\u00e9dico concluye con un <b>\u00abpron\u00f3stico muy grave\u00bb<\/b> para el torero extreme\u00f1o.<\/p>\n<p>S\u00edguenos en nuestro <a title=\"canal de WhatsApp\" href=\"https:\/\/www.whatsapp.com\/channel\/0029Va6BhYH2phHPnlatwW3b\" target=\"_blank\" rel=\"nofollow noopener\"><strong>canal de WhatsApp<\/strong><\/a> y no te pierdas la \u00faltima hora y toda la actualidad en nuestro <a title=\"perfil de Google\" href=\"https:\/\/profile.google.com\/cp\/CgovbS8wMngwNnFy\" target=\"_blank\" rel=\"nofollow noopener\"><strong>perfil de Google<\/strong><\/a><strong>.<\/strong><\/p>\n<p><img decoding=\"async\" title=\"El Supremo indemniza con 2,5 millones a Ahmed Tommouhi tras 15 a\u00f1os preso por error\" alt=\"El Supremo indemniza con 2,5 millones a Ahmed Tommouhi tras 15 a\u00f1os preso por error\" width=\"480\" height=\"270\" src=\"https:\/\/www.europesays.com\/es\/wp-content\/uploads\/2026\/06\/supremo-indemniza-25-millones-ahmed-tommouhi-15-anos-preso-error_70.jpg\" loading=\"lazy\" class=\"lazy\"\/><\/p>\n","protected":false},"excerpt":{"rendered":"El torero Tom\u00e1s Angulo ha sido herido \u00abde gravedad\u00bb tras ser cogido por un toro esta tarde de&hellip;\n","protected":false},"author":2,"featured_media":617410,"comment_status":"","ping_status":"","sticky":false,"template":"","format":"standard","meta":{"footnotes":""},"categories":[91],"tags":[31201,146,147,25,24,23,1570],"class_list":["post-617409","post","type-post","status-publish","format-standard","has-post-thumbnail","category-entretenimiento","tag-cornadas","tag-entertainment","tag-entretenimiento","tag-es","tag-espana","tag-spain","tag-torero"],"share_on_mastodon":{"url":"https:\/\/pubeurope.com\/@es\/116784331158154976","error":""},"_links":{"self":[{"href":"https:\/\/www.europesays.com\/es\/wp-json\/wp\/v2\/posts\/617409","targetHints":{"allow":["GET"]}}],"collection":[{"href":"https:\/\/www.europesays.com\/es\/wp-json\/wp\/v2\/posts"}],"about":[{"href":"https:\/\/www.europesays.com\/es\/wp-json\/wp\/v2\/types\/post"}],"author":[{"embeddable":true,"href":"https:\/\/www.europesays.com\/es\/wp-json\/wp\/v2\/users\/2"}],"replies":[{"embeddable":true,"href":"https:\/\/www.europesays.com\/es\/wp-json\/wp\/v2\/comments?post=617409"}],"version-history":[{"count":0,"href":"https:\/\/www.europesays.com\/es\/wp-json\/wp\/v2\/posts\/617409\/revisions"}],"wp:featuredmedia":[{"embeddable":true,"href":"https:\/\/www.europesays.com\/es\/wp-json\/wp\/v2\/media\/617410"}],"wp:attachment":[{"href":"https:\/\/www.europesays.com\/es\/wp-json\/wp\/v2\/media?parent=617409"}],"wp:term":[{"taxonomy":"category","embeddable":true,"href":"https:\/\/www.europesays.com\/es\/wp-json\/wp\/v2\/categories?post=617409"},{"taxonomy":"post_tag","embeddable":true,"href":"https:\/\/www.europesays.com\/es\/wp-json\/wp\/v2\/tags?post=617409"}],"curies":[{"name":"wp","href":"https:\/\/api.w.org\/{rel}","templated":true}]}}