{"id":617428,"date":"2026-06-20T20:43:18","date_gmt":"2026-06-20T20:43:18","guid":{"rendered":"https:\/\/www.europesays.com\/es\/617428\/"},"modified":"2026-06-20T20:43:18","modified_gmt":"2026-06-20T20:43:18","slug":"koeman-se-da-un-festin-de-goles-y-credibilidad","status":"publish","type":"post","link":"https:\/\/www.europesays.com\/es\/617428\/","title":{"rendered":"Koeman se da un fest\u00edn de goles y credibilidad"},"content":{"rendered":"<p class=\"ft-text\"><a class=\"ft-link ft-link--decoration\" href=\"https:\/\/www.sport.es\/es\/noticias\/mundial-futbol\/japon-castiga-ronald-koeman-131397587\" rel=\"nofollow noopener\" target=\"_blank\">A Koeman le sangraron los o\u00eddos tras el empate contra Jap\u00f3n<\/a>. Aun as\u00ed, pudo dormir con la tranquilidad suficiente como para dar carpetazo a las dudas. Pa\u00edses Bajos, impulsada por el &#8216;Brobbey Boom&#8217;, arroll\u00f3 a Suecia, rematada finalmente por Gakpo y Summerville. <strong>Dumfries fue el mejor socio, con dos asistencias.<\/strong> Lo \u00fanico que incomod\u00f3 a los neerlandeses fueron las anticlim\u00e1ticas pausas de hidrataci\u00f3n.<\/p>\n<p class=\"ft-text\">Fue como si hubiera aparecido una Oranje completamente distinta a la del estreno. Brobbey hizo a\u00f1icos el orden de la Suecia de Potter. Los neerlandeses desplegaron todo su poder por las bandas, con un tri\u00e1ngulo m\u00e1gico formado por <strong>Dumfries, Gravenberch y Malen<\/strong> ante un rival demasiado hundido.<\/p>\n<p>M\u00e1s vuelo para Frenkie de Jong<\/p>\n<p class=\"ft-text\">Los de Koeman apenas tardaron cinco minutos en ponerse por delante. Brobbey culmin\u00f3 un centro letal de Gakpo tras una transici\u00f3n de futbol\u00edn en la que result\u00f3 imposible seguir la pelota.<strong> Con Frenkie de Jong m\u00e1s liberado<\/strong>, Pa\u00edses Bajos minimiz\u00f3 a los suecos y encontr\u00f3 el camino hacia el doblete del delantero del Sunderland.<\/p>\n<p><img decoding=\"async\" src=\"https:\/\/www.europesays.com\/es\/wp-content\/uploads\/2026\/06\/61b19986-64e2-45c5-9e37-eb87002e6617_alta-libre-aspect-ratio_default_0_x1000y444.jpg\" width=\"1200\" height=\"800\" alt=\"Ronald Koeman, durante el Pa\u00edses Bajos - Suecia.\" class=\"ft-helper-img-rd\" loading=\"lazy\" fetchpriority=\"auto\"\/><\/p>\n<p class=\"ft-helper-fontColor-quaternary ft-helper-fontSize-body-S ft-helper-spacer-t-xxs\">Ronald Koeman, durante el Pa\u00edses Bajos &#8211; Suecia.  \/ SAM WASSON \/ EFE<\/p>\n<p class=\"ft-text\">Suecia aliment\u00f3 un espejismo al borde del descanso con un gol anulado a Nygren tras una acci\u00f3n a bal\u00f3n parado que sorprendi\u00f3 a propios y extra\u00f1os. Con el 2-0 al intermedio, quien movi\u00f3 el banquillo fue Koeman, despu\u00e9s <strong>de ver c\u00f3mo Verbruggen repel\u00eda un potente disparo de Gy\u00f6keres.<\/strong><\/p>\n<p class=\"ft-text\">Summerville sustituy\u00f3 a Malen y los problemas regresaron para Suecia. Dumfries dibuj\u00f3 un pase descomunal para que Gakpo batiera por tercera vez a Nordfeldt.<strong> Pa\u00edses Bajos era una selecci\u00f3n en combusti\u00f3n y alcanz\u00f3 el 4-0 antes de la hora de partido<\/strong>. <\/p>\n<p class=\"ft-text\">Hasta que Elanga paus\u00f3 la fiesta. El del Newcastle firm\u00f3 el tanto del honor sueco tras un pase de Ayari. <strong>Summerville culmin\u00f3 la &#8216;manita&#8217; antes del 90<\/strong>. Un recordatorio contra la relajaci\u00f3n que invadi\u00f3 a Koeman tras el pitido final.<\/p>\n","protected":false},"excerpt":{"rendered":"A Koeman le sangraron los o\u00eddos tras el empate contra Jap\u00f3n. Aun as\u00ed, pudo dormir con la tranquilidad&hellip;\n","protected":false},"author":2,"featured_media":617429,"comment_status":"","ping_status":"","sticky":false,"template":"","format":"standard","meta":{"footnotes":""},"categories":[268],"tags":[8524,87864,7164,168,25,24,44299,280,282,5815,111493,32463,8523,95559,111494,115169,281,23,167,7218],"class_list":["post-617428","post","type-post","status-publish","format-standard","has-post-thumbnail","category-futbol","tag-bajos","tag-credibilidad","tag-da","tag-deportes","tag-es","tag-espana","tag-festin","tag-football","tag-futbol","tag-goles","tag-koeman","tag-mundial-2026","tag-paises","tag-ronald-koeman","tag-seleccion-de-paises-bajos","tag-seleccion-de-suecia","tag-soccer","tag-spain","tag-sports","tag-suecia"],"share_on_mastodon":{"url":"https:\/\/pubeurope.com\/@es\/116784386511044647","error":""},"_links":{"self":[{"href":"https:\/\/www.europesays.com\/es\/wp-json\/wp\/v2\/posts\/617428","targetHints":{"allow":["GET"]}}],"collection":[{"href":"https:\/\/www.europesays.com\/es\/wp-json\/wp\/v2\/posts"}],"about":[{"href":"https:\/\/www.europesays.com\/es\/wp-json\/wp\/v2\/types\/post"}],"author":[{"embeddable":true,"href":"https:\/\/www.europesays.com\/es\/wp-json\/wp\/v2\/users\/2"}],"replies":[{"embeddable":true,"href":"https:\/\/www.europesays.com\/es\/wp-json\/wp\/v2\/comments?post=617428"}],"version-history":[{"count":0,"href":"https:\/\/www.europesays.com\/es\/wp-json\/wp\/v2\/posts\/617428\/revisions"}],"wp:featuredmedia":[{"embeddable":true,"href":"https:\/\/www.europesays.com\/es\/wp-json\/wp\/v2\/media\/617429"}],"wp:attachment":[{"href":"https:\/\/www.europesays.com\/es\/wp-json\/wp\/v2\/media?parent=617428"}],"wp:term":[{"taxonomy":"category","embeddable":true,"href":"https:\/\/www.europesays.com\/es\/wp-json\/wp\/v2\/categories?post=617428"},{"taxonomy":"post_tag","embeddable":true,"href":"https:\/\/www.europesays.com\/es\/wp-json\/wp\/v2\/tags?post=617428"}],"curies":[{"name":"wp","href":"https:\/\/api.w.org\/{rel}","templated":true}]}}