{"id":617556,"date":"2026-06-20T22:24:13","date_gmt":"2026-06-20T22:24:13","guid":{"rendered":"https:\/\/www.europesays.com\/es\/617556\/"},"modified":"2026-06-20T22:24:13","modified_gmt":"2026-06-20T22:24:13","slug":"almeria-malaga-en-directo-2","status":"publish","type":"post","link":"https:\/\/www.europesays.com\/es\/617556\/","title":{"rendered":"Almer\u00eda &#8211; M\u00e1laga en directo"},"content":{"rendered":"<p> \u00daltima hora y resultado del Almer\u00eda vs M\u00e1laga<\/p>\n<p class=\"ue-c-article__paragraph \"><strong>\u00a1\u00a1\u00a1MUUUUY BUEEEENAAAAS TARDEEEES A TOD@S!!!<\/strong> Bienvenid@s a un partidazo que vamos a vivir hoy. No es un encuentro cualquiera, <strong>hoy est\u00e1 en juego una plaza para la pr\u00f3xima Primera Divisi\u00f3n<\/strong>. <strong>Almer\u00eda y M\u00e1laga<\/strong> se enfrentar\u00e1n en un apasionante partido de vuelta tras el <strong>0-0 de la ida en La Rosaleda. <\/strong>Un derbi andaluz que promete ser de alta tensi\u00f3n. Recordamos que <strong>si hay empate en los 90 minutos, mandar\u00eda el encuentro a la pr\u00f3rroga y si en los 120 minutos sigue igual la contienda, ser\u00eda el Almer\u00eda el que pasara<\/strong>. <strong>El conjunto de la Costa del Sol necesita ganar por, al menos, un gol.<\/strong><\/p>\n<p class=\"ue-c-article__paragraph \">El Almer\u00eda llega en un buen estado de forma. Tras una temporada marcada por la exigencia y la <strong>necesidad <\/strong>de rehacerse despu\u00e9s de no lograr el ascenso el curso pasado, el conjunto rojiblanco <strong>afronta esta noche el encuentro m\u00e1s trascendental del a\u00f1o<\/strong>. <strong>Noventa minutos, o quiz\u00e1 algunos m\u00e1s<\/strong>, decidir\u00e1n qui\u00e9n jugar\u00e1 en la m\u00e1xima categor\u00eda la pr\u00f3xima Liga.<\/p>\n<p class=\"ue-c-article__paragraph \">El M\u00e1laga, por su parte, ha recuperado para este encuentro a Haitam y no podr\u00e1 contar con Galilea. El <strong>central vasco es la \u00fanica ausencia significativa de los boquerones. Funes podr\u00eda tener alguna sorpresa preparada para Rubi,<\/strong> pero la l\u00f3gica dice que el t\u00e9cnico malaguista saldr\u00e1 con su once de gala, apostando en la delantera por jugadores que descansaron en el partido de ida de la final como<strong> Chupe y Joaqu\u00edn Mu\u00f1oz<\/strong>. <strong>Dani Lorenzo <\/strong>y <strong>Larrubia <\/strong>deben ser tambi\u00e9n claves en el ataque.<\/p>\n<p class=\"ue-c-article__paragraph \">Se podr\u00e1 seguir el partido a trav\u00e9s de la narraci\u00f3n de Radio MARCA. Tras el encuentro, podr\u00e1s leer la cr\u00f3nica, las declaraciones de los protagonistas y ver el resumen con las mejores jugadas y los goles.<strong> \u00a1\u00a1\u00a1AARRRAANCAAA LA VUELTA DE LA FINAL EN MARCAAAAA!!!<\/strong><\/p>\n","protected":false},"excerpt":{"rendered":"\u00daltima hora y resultado del Almer\u00eda vs M\u00e1laga \u00a1\u00a1\u00a1MUUUUY BUEEEENAAAAS TARDEEEES A TOD@S!!! Bienvenid@s a un partidazo que&hellip;\n","protected":false},"author":2,"featured_media":617557,"comment_status":"","ping_status":"","sticky":false,"template":"","format":"standard","meta":{"footnotes":""},"categories":[93],"tags":[168,25,24,1963,7640,23,167,4660],"class_list":["post-617556","post","type-post","status-publish","format-standard","has-post-thumbnail","category-deportes","tag-deportes","tag-es","tag-espana","tag-malaga-cf","tag-segunda-division","tag-spain","tag-sports","tag-ud-almeria"],"share_on_mastodon":{"url":"https:\/\/pubeurope.com\/@es\/116784782795956352","error":""},"_links":{"self":[{"href":"https:\/\/www.europesays.com\/es\/wp-json\/wp\/v2\/posts\/617556","targetHints":{"allow":["GET"]}}],"collection":[{"href":"https:\/\/www.europesays.com\/es\/wp-json\/wp\/v2\/posts"}],"about":[{"href":"https:\/\/www.europesays.com\/es\/wp-json\/wp\/v2\/types\/post"}],"author":[{"embeddable":true,"href":"https:\/\/www.europesays.com\/es\/wp-json\/wp\/v2\/users\/2"}],"replies":[{"embeddable":true,"href":"https:\/\/www.europesays.com\/es\/wp-json\/wp\/v2\/comments?post=617556"}],"version-history":[{"count":0,"href":"https:\/\/www.europesays.com\/es\/wp-json\/wp\/v2\/posts\/617556\/revisions"}],"wp:featuredmedia":[{"embeddable":true,"href":"https:\/\/www.europesays.com\/es\/wp-json\/wp\/v2\/media\/617557"}],"wp:attachment":[{"href":"https:\/\/www.europesays.com\/es\/wp-json\/wp\/v2\/media?parent=617556"}],"wp:term":[{"taxonomy":"category","embeddable":true,"href":"https:\/\/www.europesays.com\/es\/wp-json\/wp\/v2\/categories?post=617556"},{"taxonomy":"post_tag","embeddable":true,"href":"https:\/\/www.europesays.com\/es\/wp-json\/wp\/v2\/tags?post=617556"}],"curies":[{"name":"wp","href":"https:\/\/api.w.org\/{rel}","templated":true}]}}