{"id":617620,"date":"2026-06-20T23:26:29","date_gmt":"2026-06-20T23:26:29","guid":{"rendered":"https:\/\/www.europesays.com\/es\/617620\/"},"modified":"2026-06-20T23:26:29","modified_gmt":"2026-06-20T23:26:29","slug":"la-doble-alternativa-del-barca-de-basket-al-fichaje-de-mike-james-un-sentenciado-se-gana-la-renovacion","status":"publish","type":"post","link":"https:\/\/www.europesays.com\/es\/617620\/","title":{"rendered":"La doble alternativa del Bar\u00e7a de basket al fichaje de Mike James: un sentenciado se gana la renovaci\u00f3n"},"content":{"rendered":"<p>                <a href=\"https:\/\/cronicaglobal.elespanol.com\/culemania\/secciones\/\" class=\"kicker--section\" rel=\"nofollow noopener\" target=\"_blank\">Secciones<\/a><\/p>\n<p>\n    El exterior norteamericano no aterrizar\u00e1 en la Ciudad Condal este verano y el director deportivo cul\u00e9 ya estudia varias alternativas\n<\/p>\n<p>    Noticias relacionadas<\/p>\n<p class=\"paragraph\" id=\"paragraph_1\">Aunque el <a data-forcefollow=\"false\" data-sponsored=\"false\" href=\"https:\/\/cronicaglobal.elespanol.com\/culemania\/secciones\/20260618\/clyburn-eclipsa-punter-barca-laprovittola-joel-parra\/1003742772702_0.html?utm_cmp_rs=linksinline\" target=\"_blank\" rel=\"nofollow noopener\">Bar\u00e7a de basket<\/a> se encuentra en plena lucha para <strong>levantar su 18\u00aa Liga ACB<\/strong>, las oficinas azulgranas siguen echando humo para planificar el curso 2026-27. Juan Carlos Navarro ya ha cerrado las incorporaciones de <strong>Moses Wright y Olivier Nkamhoua <\/strong>y, su siguiente v\u00edctima era <strong>Mike James<\/strong>. Sin embargo, dicho fichaje, que estaba realmente encarrilado,<a data-forcefollow=\"false\" data-sponsored=\"false\" href=\"https:\/\/cronicaglobal.elespanol.com\/culemania\/secciones\/20260619\/adios-barca-xavi-pascual-juan-carlos-navarro\/1003742772785_0.html?utm_cmp_rs=linksinline\" target=\"_blank\" rel=\"nofollow noopener\"> ha terminado por <strong>caerse<\/strong><\/a>. Un a\u00f1o m\u00e1s. Frente a este escenario, el club cul\u00e9 plantea <strong>dos alternativas<\/strong> para la posici\u00f3n de base.<\/p>\n<p>\u00abFuturo incierto\u00bb<\/p>\n<p class=\"paragraph\" id=\"paragraph_2\">La primera opci\u00f3n pasa por renovar a <strong>Nico Laprovittola<\/strong>. El 1 argentino finaliza su vinculaci\u00f3n con el FC Barcelona este <strong>junio <\/strong>y, por ahora, su continuidad est\u00e1 muy en duda. De hecho, \u00e9l mismo lo confirm\u00f3. \u00ab<strong>Intentamos hablar con el Bar\u00e7a, pero no. Mi futuro est\u00e1 bastante incierto<\/strong>\u00ab, explic\u00f3 Lapro el pasado 8 de junio.<\/p>\n<p><img decoding=\"async\" alt=\"Nicol\u00e1s Laprovittola bota el bal\u00f3n en el Valencia Basket-Bar\u00e7a de basket de la Liga ACB\" data-imgm=\"true\" height=\"576\" loading=\"lazy\"  src=\"https:\/\/www.europesays.com\/es\/wp-content\/uploads\/2026\/06\/h:576&#038;h=9IDsXZEB.jpeg\"  width=\"1024\"\/><\/p>\n<p>                                                            Nicol\u00e1s Laprovittola bota el bal\u00f3n en el Valencia Basket-Bar\u00e7a de basket de la Liga ACB<\/p>\n<p>                    FCB<\/p>\n<p class=\"paragraph\" id=\"paragraph_3\">No obstante, tras dos semanas, el escenario ha cambiado radicalmente. Con la no llegada de Mike James, el club cul\u00e9 vuelve al inicio de la partida y sigue sin tener asegurado a un jugador contrastado en la posici\u00f3n de base. Dicho suceso sumado a la<strong> gran actuaci\u00f3n del <\/strong><strong>1<\/strong><strong> argentino en el primer encuentro de las finales de la ACB<\/strong> hacen so\u00f1ar en una posible renovaci\u00f3n.<\/p>\n<p><img decoding=\"async\" alt=\"Nico Laprovittola durante el Burgos-Bar\u00e7a de basket\" data-imgm=\"true\" height=\"576\" loading=\"lazy\"  src=\"https:\/\/www.europesays.com\/es\/wp-content\/uploads\/2026\/06\/h:576&#038;h=zdiyh0Zb.jpeg\"  width=\"1024\"\/><\/p>\n<p>                                                            Nico Laprovittola durante el Burgos-Bar\u00e7a de basket<\/p>\n<p>                    FCB<\/p>\n<p class=\"paragraph\" id=\"paragraph_4\">A sus 36 a\u00f1os, Lapro sigue siendo capaz de liderar el ataque del Bar\u00e7a de basket; lo demostr\u00f3 ante el Valencia en el Roig Arena. Es verdad que este curso 2025-26 ha sido ciertamente irregular por las lesiones. Es innegable. Pero cuando las papas queman, Lapro siempre aparece.<strong> Su renovaci\u00f3n puede llegar a concretarse<\/strong>.<\/p>\n<p>El relevo de Mike James<\/p>\n<p class=\"paragraph\" id=\"paragraph_5\">Otro camino que puede tomar Navarro es el de<strong> Justin Robinson<\/strong>. Seg\u00fan informa el periodista \u00d3scar Herreros, el base estadounidense es <strong>el siguiente nombre de la lista<\/strong> del director deportivo cul\u00e9 tras caerse la opci\u00f3n de Mike James. El base estadounidense de 28 a\u00f1os ha brillado esta campa\u00f1a en el Paris Basketball, registrando una media de <strong>14,6 puntos, 4,5 asistencias y un 14,4 de valoraci\u00f3n<\/strong> en la Euroliga.<\/p>\n<p><img decoding=\"async\" alt=\"Justin Robinson, base del Paris Basketball\" data-imgm=\"true\" height=\"576\" loading=\"lazy\"  src=\"https:\/\/www.europesays.com\/es\/wp-content\/uploads\/2026\/06\/h:576&#038;h=RQ7bN9TY.jpeg\"  width=\"1024\"\/><\/p>\n<p>                                                            Justin Robinson, base del Paris Basketball<\/p>\n<p>                    REDES<\/p>\n<p class=\"paragraph\" id=\"paragraph_6\">Robinson a\u00fan tiene contrato con el cuadro franc\u00e9s, por lo que si el Bar\u00e7a de basket quiere lanzarse a por su contrataci\u00f3n tendr\u00e1 que pagar cerca de <strong>250.000 euros para liberar su ficha<\/strong>. Asimismo, el club cul\u00e9 tendr\u00e1 que luchar por su fichaje: el <strong>Estrella Roja<\/strong> tambi\u00e9n est\u00e1 interesado en incorporarlo.<\/p>\n<p><img decoding=\"async\" alt=\"Justin Robinson, base del Paris Basketball\" data-imgm=\"true\" height=\"576\" loading=\"lazy\"  src=\"https:\/\/www.europesays.com\/es\/wp-content\/uploads\/2026\/06\/h:576&#038;h=X2cDfGDu.jpeg\"  width=\"1024\"\/><\/p>\n<p>                                                            Justin Robinson, base del Paris Basketball<\/p>\n<p>                    REDES<\/p>\n<p class=\"paragraph\" id=\"paragraph_7\">Justin es un base peque\u00f1o; mide<strong> 1,85 metros<\/strong> de estatura. Destaca por su manejo del bal\u00f3n en espacios reducidos, su capacidad para generar ventajas en el uno contra uno y su lectura del pick and roll. Aporta liderazgo, intensidad defensiva pese a su tama\u00f1o y una <strong>notable eficacia en tiros de tres (34,3%)<\/strong>.<\/p>\n","protected":false},"excerpt":{"rendered":"Secciones El exterior norteamericano no aterrizar\u00e1 en la Ciudad Condal este verano y el director deportivo cul\u00e9 ya&hellip;\n","protected":false},"author":2,"featured_media":617621,"comment_status":"","ping_status":"","sticky":false,"template":"","format":"standard","meta":{"footnotes":""},"categories":[269],"tags":[299,62268,298,168,25,24,4469,4468,4470,23,167],"class_list":["post-617620","post","type-post","status-publish","format-standard","has-post-thumbnail","category-baloncesto","tag-baloncesto","tag-barca-basket","tag-basketball","tag-deportes","tag-es","tag-espana","tag-fcb-basket","tag-juan-carlos-navarro","tag-secciones","tag-spain","tag-sports"],"share_on_mastodon":{"url":"https:\/\/pubeurope.com\/@es\/116785027425294442","error":""},"_links":{"self":[{"href":"https:\/\/www.europesays.com\/es\/wp-json\/wp\/v2\/posts\/617620","targetHints":{"allow":["GET"]}}],"collection":[{"href":"https:\/\/www.europesays.com\/es\/wp-json\/wp\/v2\/posts"}],"about":[{"href":"https:\/\/www.europesays.com\/es\/wp-json\/wp\/v2\/types\/post"}],"author":[{"embeddable":true,"href":"https:\/\/www.europesays.com\/es\/wp-json\/wp\/v2\/users\/2"}],"replies":[{"embeddable":true,"href":"https:\/\/www.europesays.com\/es\/wp-json\/wp\/v2\/comments?post=617620"}],"version-history":[{"count":0,"href":"https:\/\/www.europesays.com\/es\/wp-json\/wp\/v2\/posts\/617620\/revisions"}],"wp:featuredmedia":[{"embeddable":true,"href":"https:\/\/www.europesays.com\/es\/wp-json\/wp\/v2\/media\/617621"}],"wp:attachment":[{"href":"https:\/\/www.europesays.com\/es\/wp-json\/wp\/v2\/media?parent=617620"}],"wp:term":[{"taxonomy":"category","embeddable":true,"href":"https:\/\/www.europesays.com\/es\/wp-json\/wp\/v2\/categories?post=617620"},{"taxonomy":"post_tag","embeddable":true,"href":"https:\/\/www.europesays.com\/es\/wp-json\/wp\/v2\/tags?post=617620"}],"curies":[{"name":"wp","href":"https:\/\/api.w.org\/{rel}","templated":true}]}}