{"id":617640,"date":"2026-06-20T23:40:28","date_gmt":"2026-06-20T23:40:28","guid":{"rendered":"https:\/\/www.europesays.com\/es\/617640\/"},"modified":"2026-06-20T23:40:28","modified_gmt":"2026-06-20T23:40:28","slug":"para-tener-plaza-ya-sabemos-que-no-pero-al-menos-para-entrar-en-listas","status":"publish","type":"post","link":"https:\/\/www.europesays.com\/es\/617640\/","title":{"rendered":"\u00abPara tener plaza ya sabemos que no, pero al menos para entrar en listas\u00bb"},"content":{"rendered":"<p style=\"\">Los tres ex\u00e1menes que se celebran hoy en el BEC en el marco de una OPE hist\u00f3rica que arranc\u00f3 el viernes han convocado a m\u00e1s  &#8230; de 47.000 personas de las m\u00e1s de 100.000 apuntadas para examinarse el fin de semana. La de hoy es la jornada m\u00e1s multitudinaria de esta oposici\u00f3n. <\/p>\n<p class=\"v-d-p\" style=\"\">La prueba de celador, con m\u00e1s de 23.000 inscritos, ha arrancado a las 9.30 horas, mientras que la de auxiliar de enfermer\u00eda est\u00e1 prevista a las 13.30 horas y la de operario de servicios para las 17.30 horas. Entre los miles de aspirantes hay quien ha aprovechado para presentarse a m\u00e1s de una convocatoria. De hecho, parte de la bater\u00eda de preguntas publicada 12 semanas antes de la prueba era com\u00fan para todas las categor\u00edas profesionales. La asistencia desde primera hora ha sido masiva. Estas son las historias de varios de los aspirantes:<\/p>\n<p><img decoding=\"async\" loading=\"lazy\" src=\"https:\/\/www.europesays.com\/es\/wp-content\/uploads\/2026\/06\/WhatsApp Image 2026-06-20 at 12.01.29-k5BI--101x101@El Correo.jpeg\" class=\"v-cmp-chp__i\" alt=\"\u00abLlevo toda la semana a tope\u00bb\" width=\"101\" height=\"101\"\/><\/p>\n<p class=\"v-a-p-t\">\n<p>Jon Agirre, 27 a\u00f1os (Mungia)<\/p>\n<p>\u00abLlevo toda la semana a tope\u00bb<\/p>\n<p class=\"v-d-p\" style=\"\">Jon Agirre tiene 27 a\u00f1os y reside en Mungia. Est\u00e1 estudiando y trabaja durante los veranos. una vez terminan sus clases. Se ha presentado al examen de celador \u00abpara tener otro trabajo al que optar, una alternativa para poder trabajar en Osakidetza\u00bb. Y es que reconoce que la convocatoria est\u00e1 siendo masiva por la \u00abestabilidad\u00bb que ofrece un puesto de estas caracter\u00edsticas. Lleva tiempo estudiando. \u00abHe estado toda la semana a tope. Despu\u00e9s tienen que valorar los m\u00e9ritos\u00bb, ha explicado. Pretende \u00abestar en la lista lo m\u00e1s arriba posible\u00bb y afirma que estar\u00e1 \u00abdisponible\u00bb cuando le llamen.<\/p>\n<p><img decoding=\"async\" loading=\"lazy\" src=\"https:\/\/www.europesays.com\/es\/wp-content\/uploads\/2026\/06\/WhatsApp Image 2026-06-20 at 12.01.43-k5BI--101x101@El Correo.jpeg\" class=\"v-cmp-chp__i\" alt=\"\u00abEst\u00e1 bien pagado y merece la pena\u00bb\" width=\"101\" height=\"101\"\/><\/p>\n<p class=\"v-a-p-t\">\n<p>Haizea Bidaurrazaga, 26 a\u00f1os (Mungia)<\/p>\n<p>\u00abEst\u00e1 bien pagado y merece la pena\u00bb<\/p>\n<p class=\"v-d-p\" style=\"\">Haizea Bidaurrazaga, de 26 a\u00f1os y vecina de Mungia, tiene familia que trabaja en Osakidetza, tanto en el puesto de facultativo como en administraci\u00f3n. Por eso le animaron a presentarse a la OPE. \u00abLo hago para tener otra oportunidad en el caso de que no tenga un trabajo bueno en el futuro y por probar suerte\u00bb, ha relatado. S\u00f3lo se ha presentado al puesto de celador porque \u00abera el que m\u00e1s me interesaba, los dem\u00e1s no me llaman la atenci\u00f3n y este es el m\u00e1s din\u00e1mico\u00bb. \u00abMis familiares est\u00e1n contentos y por eso me han animado a presentarme. Econ\u00f3micamente est\u00e1 bien pagado, y aunque los horarios sean a turnos, merecer\u00e1 la pena, digo yo, si no no habr\u00eda tanta gente\u00bb.<\/p>\n<p><img decoding=\"async\" loading=\"lazy\" src=\"https:\/\/www.europesays.com\/es\/wp-content\/uploads\/2026\/06\/WhatsApp Image 2026-06-20 at 12.02.02-k5BI--101x101@El Correo.jpeg\" class=\"v-cmp-chp__i\" alt=\"\u00abEs meter la cabeza y que te vayan llamando\u00bb\" width=\"101\" height=\"101\"\/><\/p>\n<p class=\"v-a-p-t\">\n<p>Patricia L\u00f3pez, 39 a\u00f1os (Getxo)<\/p>\n<p>\u00abEs meter la cabeza y que te vayan llamando\u00bb<\/p>\n<p class=\"v-d-p\" style=\"\">Patricia L\u00f3pez, vecina de Romo (Getxo) de 39 a\u00f1os, lleva tiempo trabajando como gerocultora en una residencia privada. En la jornada de hoy se presentaba al examen para celadora y acto seguido, al de auxiliar de enfermer\u00eda, ya que el trabajo est\u00e1 \u00abmejor pagado\u00bb que en la empresa privada. \u00abEs la primera vez que hago una OPE de Osakidetza y hago doblete para tener m\u00e1s oportunidades. A ver si suena la flauta. Es para meter la cabeza y que te vayan llamando\u00bb, ha relatado. La aspirante ya tiene la titulaci\u00f3n de auxiliar de enfermer\u00eda. \u00abSiempre hay posibilidad de que te llamen, aunque no tengas titulaci\u00f3n de euskera. Una vez que haces el examen, entras en listas\u00bb, ha explicado.<\/p>\n<p><img decoding=\"async\" loading=\"lazy\" src=\"https:\/\/www.europesays.com\/es\/wp-content\/uploads\/2026\/06\/WhatsApp Image 2026-06-20 at 12.02.30-k5BI--101x101@El Correo.jpeg\" class=\"v-cmp-chp__i\" alt=\"\u00abEmpec\u00e9 a estudiar hace varios meses\u00bb\" width=\"101\" height=\"101\"\/><\/p>\n<p class=\"v-a-p-t\">\n<p>Asier Zamudio, 19 a\u00f1os (Etxebarri)<\/p>\n<p>\u00abEmpec\u00e9 a estudiar hace varios meses\u00bb<\/p>\n<p class=\"v-d-p\" style=\"\">Entre los aspirantes al puesto de celador hab\u00eda personas muy j\u00f3venes que ya se quieren abrir un hueco en el mundo laboral. Asier Zamudio, de 19 a\u00f1os, lleg\u00f3 acompa\u00f1ado de amigos de su edad que tambi\u00e9n se presentaron al examen de celador. \u00abMe presento para ver si me abro un hueco, estoy un poco nervioso\u00bb, dec\u00eda en el exterior de uno de los pabellones. El joven estudia un grado superior de inform\u00e1tica. \u00abSi me llaman y estoy estudiando, puedes decir que no sin que te salten. As\u00ed te siguen llamando\u00bb, ha relatado. Asier se enter\u00f3 \u00abpor conocidos\u00bb de la OPE y \u00abempec\u00e9 a estudiar hace varios meses. A ver si tengo esa suerte de que me llamen\u00bb, ha apuntado. <\/p>\n<p><img decoding=\"async\" loading=\"lazy\" src=\"https:\/\/www.europesays.com\/es\/wp-content\/uploads\/2026\/06\/WhatsApp Image 2026-06-20 at 12.02.40-k5BI--101x101@El Correo.jpeg\" class=\"v-cmp-chp__i\" alt=\"\u00abEs la primera vez que me presento\u00bb\" width=\"101\" height=\"101\"\/><\/p>\n<p class=\"v-a-p-t\">\n<p>Erik Correas, 30 a\u00f1os (Lezo)<\/p>\n<p>\u00abEs la primera vez que me presento\u00bb<\/p>\n<p class=\"v-d-p\" style=\"\">Erik Correas, de 30 a\u00f1os, ha llegado a primera hora desde Lezo, en Gipuzkoa. Lo ha hecho en coche para \u00abno estar pendiente de los horarios de autobuses y metro\u00bb y ha podido aparcar con holgura en el parking del BEC. Se ha presentado animado por su madre, que llevaba a\u00f1os recomend\u00e1ndole que se apuntara a un proceso de estas caracter\u00edsticas. \u00abEs la primera vez que me presento. Me he dedicado toda la vida a la cocina, a la hosteler\u00eda, y no he visto la oportunidad hasta ahora. Como tengo tiempo libre, me he puesto a estudiar para hacerlo lo mejor posible, pero tampoco es mi prioridad el hecho de que me puedan coger\u00bb, ha relatado antes de acceder al examen de celador. Despu\u00e9s, por la tarde, se presenta al de operario de servicios.<\/p>\n<p><img decoding=\"async\" loading=\"lazy\" src=\"https:\/\/www.europesays.com\/es\/wp-content\/uploads\/2026\/06\/WhatsApp Image 2026-06-20 at 12.02.57-k5BI--101x101@El Correo.jpeg\" class=\"v-cmp-chp__i\" alt=\"\u00abPlaza ya sabemos que no, pero al menos entrar en listas\u00bb\" width=\"101\" height=\"101\"\/><\/p>\n<p class=\"v-a-p-t\">\n<p>Lidia Pascual, 29 a\u00f1os (Barakaldo)<\/p>\n<p>\u00abPlaza ya sabemos que no, pero al menos entrar en listas\u00bb<\/p>\n<p class=\"v-d-p\" style=\"\">Lidia Pascual, de 29 a\u00f1os, lleva dos a\u00f1os trabajando para el Departamento de Medio Ambiente del Gobierno vasco en Bilbao. Pero en julio finaliza su contrato. \u00abEstoy muy contenta, pero son contratos de corta duraci\u00f3n\u00bb, ha explicado. Es la primera vez que se presenta a las oposiciones de Osakidetza, animada por la cantidad de plazas que han lanzado. Ha realizado el examen para ser celadora y ma\u00f1ana se presentar\u00e1 al de auxiliar administrativo. \u00abMe saqu\u00e9 la IT Txartela y el grado de Administraci\u00f3n lo ten\u00eda ya. Tambi\u00e9n tengo el C1 de euskera\u00bb, ha explicado. \u00abA ver si hay suerte. Para tener plaza ya sabemos que no, pero al menos para entrar en listas\u00bb, ha deseado. <\/p>\n","protected":false},"excerpt":{"rendered":"Los tres ex\u00e1menes que se celebran hoy en el BEC en el marco de una OPE hist\u00f3rica que&hellip;\n","protected":false},"author":2,"featured_media":617641,"comment_status":"","ping_status":"","sticky":false,"template":"","format":"standard","meta":{"footnotes":""},"categories":[8],"tags":[14649,17,18,331,25,24,13680,13,14,11,19,20,44281,9,10,15,16,92970,6115,26671,3576,23,12,21,22],"class_list":["post-617640","post","type-post","status-publish","format-standard","has-post-thumbnail","category-espana","tag-bien","tag-breaking-news","tag-breakingnews","tag-busca","tag-es","tag-espana","tag-estabilidad","tag-featured-news","tag-featurednews","tag-headlines","tag-latest-news","tag-latestnews","tag-masiva","tag-news","tag-noticias","tag-noticias-destacadas","tag-noticiasdestacadas","tag-ope","tag-osakidetza","tag-pagado","tag-puesto","tag-spain","tag-titulares","tag-ultimas-noticias","tag-ultimasnoticias"],"share_on_mastodon":{"url":"https:\/\/pubeurope.com\/@es\/116785082703580229","error":""},"_links":{"self":[{"href":"https:\/\/www.europesays.com\/es\/wp-json\/wp\/v2\/posts\/617640","targetHints":{"allow":["GET"]}}],"collection":[{"href":"https:\/\/www.europesays.com\/es\/wp-json\/wp\/v2\/posts"}],"about":[{"href":"https:\/\/www.europesays.com\/es\/wp-json\/wp\/v2\/types\/post"}],"author":[{"embeddable":true,"href":"https:\/\/www.europesays.com\/es\/wp-json\/wp\/v2\/users\/2"}],"replies":[{"embeddable":true,"href":"https:\/\/www.europesays.com\/es\/wp-json\/wp\/v2\/comments?post=617640"}],"version-history":[{"count":0,"href":"https:\/\/www.europesays.com\/es\/wp-json\/wp\/v2\/posts\/617640\/revisions"}],"wp:featuredmedia":[{"embeddable":true,"href":"https:\/\/www.europesays.com\/es\/wp-json\/wp\/v2\/media\/617641"}],"wp:attachment":[{"href":"https:\/\/www.europesays.com\/es\/wp-json\/wp\/v2\/media?parent=617640"}],"wp:term":[{"taxonomy":"category","embeddable":true,"href":"https:\/\/www.europesays.com\/es\/wp-json\/wp\/v2\/categories?post=617640"},{"taxonomy":"post_tag","embeddable":true,"href":"https:\/\/www.europesays.com\/es\/wp-json\/wp\/v2\/tags?post=617640"}],"curies":[{"name":"wp","href":"https:\/\/api.w.org\/{rel}","templated":true}]}}