{"id":617790,"date":"2026-06-21T01:56:12","date_gmt":"2026-06-21T01:56:12","guid":{"rendered":"https:\/\/www.europesays.com\/es\/617790\/"},"modified":"2026-06-21T01:56:12","modified_gmt":"2026-06-21T01:56:12","slug":"loles-leon-sorprende-hablando-euskera-en-el-segundo-concierto-de-zetak","status":"publish","type":"post","link":"https:\/\/www.europesays.com\/es\/617790\/","title":{"rendered":"Loles Le\u00f3n sorprende hablando euskera en el segundo concierto de Zetak"},"content":{"rendered":"<p style=\"\">M\u00e1s all\u00e1 de la historia que narra &#8216;Mitoaroa III&#8217;, el espect\u00e1culo masivo que ha desplegado Zetak este fin de semana en San Mam\u00e9s, una de  &#8230; las principales inc\u00f3gnitas eran las colaboraciones de rostros conocidos que se unir\u00edan a Pello Reparaz y los suyos para la multitudinaria cita.<\/p>\n<p class=\"v-d-p\" style=\"\">Si el viernes estuvieron en el show Samantha Hudson, Albert Pla o Grison, este s\u00e1bado le ha tocado el turno a la actriz Loles Le\u00f3n, que ha sorprendido a todo el estadio hablando en euskera, diciendo unas breves frases dentro del guion de la historia que sirve de eje de &#8216;Mitoaroa III&#8217;.<\/p>\n<p class=\"v-d-p\" style=\"\">As\u00ed, la legendaria &#8216;chica Almod\u00f3var&#8217; y presentadora televisiva ha asumido el papel del personaje que el viernes interpret\u00f3 Samantha Hudson y que este s\u00e1bado no ha podido estar en Bilbao. Los que s\u00ed que han repetido las dos noches han sido Albert Pla, que tambi\u00e9n ha hablado en euskera y con mucha soltura, y Grison.<\/p>\n<p class=\"v-d-p\" style=\"\">Este \u00faltimo ha desplegado su faceta de &#8216;beatboxer&#8217; en todo su esplendor, montando una fiesta impresionante haciendo sonidos con la boca y poniendo a bailar a todo San Mam\u00e9s en lo que ha sido una aut\u00e9ntica rave electr\u00f3nica.<\/p>\n","protected":false},"excerpt":{"rendered":"M\u00e1s all\u00e1 de la historia que narra &#8216;Mitoaroa III&#8217;, el espect\u00e1culo masivo que ha desplegado Zetak este fin&hellip;\n","protected":false},"author":2,"featured_media":617791,"comment_status":"","ping_status":"","sticky":false,"template":"","format":"standard","meta":{"footnotes":""},"categories":[91],"tags":[2339,146,147,25,24,32506,10800,4108,53211,1566,6924,23,36869],"class_list":["post-617790","post","type-post","status-publish","format-standard","has-post-thumbnail","category-entretenimiento","tag-concierto","tag-entertainment","tag-entretenimiento","tag-es","tag-espana","tag-euskera","tag-hablando","tag-leon","tag-loles","tag-segundo","tag-sorprende","tag-spain","tag-zetak"],"share_on_mastodon":{"url":"https:\/\/pubeurope.com\/@es\/116785616526767199","error":""},"_links":{"self":[{"href":"https:\/\/www.europesays.com\/es\/wp-json\/wp\/v2\/posts\/617790","targetHints":{"allow":["GET"]}}],"collection":[{"href":"https:\/\/www.europesays.com\/es\/wp-json\/wp\/v2\/posts"}],"about":[{"href":"https:\/\/www.europesays.com\/es\/wp-json\/wp\/v2\/types\/post"}],"author":[{"embeddable":true,"href":"https:\/\/www.europesays.com\/es\/wp-json\/wp\/v2\/users\/2"}],"replies":[{"embeddable":true,"href":"https:\/\/www.europesays.com\/es\/wp-json\/wp\/v2\/comments?post=617790"}],"version-history":[{"count":0,"href":"https:\/\/www.europesays.com\/es\/wp-json\/wp\/v2\/posts\/617790\/revisions"}],"wp:featuredmedia":[{"embeddable":true,"href":"https:\/\/www.europesays.com\/es\/wp-json\/wp\/v2\/media\/617791"}],"wp:attachment":[{"href":"https:\/\/www.europesays.com\/es\/wp-json\/wp\/v2\/media?parent=617790"}],"wp:term":[{"taxonomy":"category","embeddable":true,"href":"https:\/\/www.europesays.com\/es\/wp-json\/wp\/v2\/categories?post=617790"},{"taxonomy":"post_tag","embeddable":true,"href":"https:\/\/www.europesays.com\/es\/wp-json\/wp\/v2\/tags?post=617790"}],"curies":[{"name":"wp","href":"https:\/\/api.w.org\/{rel}","templated":true}]}}