{"id":617813,"date":"2026-06-21T02:17:21","date_gmt":"2026-06-21T02:17:21","guid":{"rendered":"https:\/\/www.europesays.com\/es\/617813\/"},"modified":"2026-06-21T02:17:21","modified_gmt":"2026-06-21T02:17:21","slug":"el-celta-fortuna-alcanza-el-cielo-de-segunda-division-con-una-goleada-ante-la-ponferradina-4-1-la-voz-de-galicia","status":"publish","type":"post","link":"https:\/\/www.europesays.com\/es\/617813\/","title":{"rendered":"El Celta Fortuna alcanza el cielo de Segunda Divisi\u00f3n con una goleada ante la Ponferradina: 4-1 &#8211; La Voz de Galicia"},"content":{"rendered":"<ol>\n<li><a href=\"https:\/\/news.google.com\/rss\/articles\/CBMi8gFBVV95cUxNTEZrTE1CWGt0RW15RTFSc3pITmhQWDk2QXpRWWRVVFFmODZpX09QMnMxaEQweXZnOHJCbjktZ0w5aF9ILUlaSG1xSGRteDJXOHFfQnFaZXhpY1pLa0VYSVRRWGlMRmZTS3Z0WncwOTJOWkpOVXdFeHFRVGJvTERrUDAzOHRsSjVWWjRvcTJINHZJa3JmTVcxeC0tekUzNURmUS1MUFY0bUdqVmZ3cHJxdlJfR3ZIYjNUX2pOOGhwUF9tVUJzbGFqVGVESTlnVzNHYTRVd3k1MnB4NUtPbkY4cEFxTkU5VkJYT01mQWlKRkxBUdIBjgJBVV95cUxOTl9vLWZlelR5akQ0dlJ3clNSZi1SNXFxTktFZjd6MVo4b0lzNnhUTnJOUVhOR3NmQUhzT0ZfS0JTTlVGR3cySlNXM2o3b09BNmhVYjZIV05mX2ZNMkZndVpjcDI0X24tMjBvUDZKRDNtd0dfdXFEUDgtRFdrVUd2WTgwUzFINElSTDFOQlFDY1VjRVRieVgzV1BtYTdjTmF2bk5vcS1xd2ZIdDhZNnZJS1FOTmd3TGt2cUhzV0JONjg2RElDWDF2aDJjUUxvM3FudkE4TVozcWZieXN2aUJzY3J0aEg2RTZuS1VjVk5jVnp3Q3VOdGNCdEpzOTBBcFNoYlJIc3ZnMlJ6NWVnV1E?oc=5\" target=\"_blank\" rel=\"nofollow noopener\">El Celta Fortuna alcanza el cielo de Segunda Divisi\u00f3n con una goleada ante la Ponferradina: 4-1<\/a>&nbsp;&nbsp;La Voz de Galicia<\/li>\n<li><a href=\"https:\/\/news.google.com\/rss\/articles\/CBMi0AFBVV95cUxQenB3RmU3UGYtT1pHbVl6Zy11LVlNQ2RMVG1IRS1FckN6NVNFZkdzS3FyRnJUby1mNEVqenB4OUR2Z3p5TVI4azhNQ3ctdnRfNC05OUdreDlvSDJZQU45TzJmOWxQX3JibV8wZTA3Mjh2VGJFaHplRHU5TExrOU11ckpZTGlfNnB6NlFMUlV3U0EyaTRJeUpMdWZQeGY1T18xUDdGVWF6ajRwbi0yVkI1VWdrU1JjOF85NXVIVlZGT0RzazRIT1Y5UU5MbU9rQVg40gHkAUFVX3lxTE1wODJ5U2l6Q1d0dWNtenFCUHRIcWR4X3dUeWJYRDhFSFlEM1BpWVppZ1NMN0doaTNnSkx1R3dsU1luUUd4SjRjYmI4azRBRmNOTDV1aGlweDQ4RXQ0cEJyWTl1Q0V2MDlJRzJaTlpabmlGLXlLWU9Oc2JWeFJJLWpOcHFrZzFGd0pLa1EyT2NiaXNvYUM3b3BlbnpyVFAtRWFFaHRzMi1keVhtU1F0R19ZblFvejhkQVo1RjByTGpOS1dZeldPeW9DUTk1c3RQNWl5RHMwR2NYUThnMlV1dHpPdjdlMw?oc=5\" target=\"_blank\" rel=\"nofollow noopener\">RC Celta Fortuna 4 &#8211; 1 SD Ponferradina: resumen, goles y resultado<\/a>&nbsp;&nbsp;Diario AS<\/li>\n<li><a href=\"https:\/\/news.google.com\/rss\/articles\/CBMi4AFBVV95cUxNbTV2czhscUpVRGNmWFZxaW5DWWRKYldoU1JQRURucnBnMHZpOUlqcFNHOW9TdnZxV3VnTC01Tk5DbkZaamJkQ2ZpZGpUdWVBU21RVWMxcl92RGhEdlNKeTlUVHNxZGNIU3RCejZsY0MzdGJQeDZfT0ZBemhvaDBrUVQyWlM1Wl9MSkExQzZSREdPbVU4N1NHdGpLUEV1UU5LWVp4eGJsZjMyMzZHRXd4aXB1X0ZBUGtvdkl4MkM4OUhrQzFiV1lDZDNDbkFRVlBZYmFUU05PSC16SXNhNkd2bdIB_AFBVV95cUxObk40VlN4ekRhMkg4alY0Y0wwZm04cXVfeE1ldHpmVFF3M01YcFdiSnhiWVBtNlY2TnVnc1dpMnVEQ1ZwVUxiQngtalRveVhtbHhrRkxLNGFaQmpOWXFkdHRlakw0WlRVWWVGTjE3eHYzZy1wVEt1S2R4Y193ZFNYVkNoeWlRZXdqaXYyQ01BRXRodndmZWx3Q0ZXcS1RY1hOTktOelByYVd0Z3NQeE53YmtLMEg3aHk0eUROVHlNblhreHBIcXJ5T1RKUVlhZHpPMW9wRzZRYlNBY2N4ZU44OXYxclBaa3BUczZTM2NURkFzX3AyYVFkMTlTMzc?oc=5\" target=\"_blank\" rel=\"nofollow noopener\">Meix\u00fas: \u00abNunca imagin\u00e9 ascender a Segunda Divisi\u00f3n, es un sue\u00f1o cumplido\u00bb<\/a>&nbsp;&nbsp;La Voz de Galicia<\/li>\n<li><a href=\"https:\/\/news.google.com\/rss\/articles\/CBMisgFBVV95cUxQNE5GX21RTzZTOWQtZkZHY1Rqc0FXODVSNFRsRE1ZZ1RMQTNxeDFCcW1fMVpFMVlkcEw4azVmRWZOWnJPQXhtWDhSRW0xZjVtLXBlOUhNdTJsMVdIZXNtUmdDSnN4MWM2Y2d2NUlsbmJvTEVvM3dNQzBYMWhNaWlEZFgxbnJUUTdhZHBmbDBjNTlSdXRzcEwzZU0zdUlzZUhhZ3VPNFhWY3pqRHdDeHptWmN30gGyAUFVX3lxTFA0QTQycF92UERnZ2JNZ1pWTTQ4U0k0S2tWUENad2FZaWwybzZqcGNuU3MyZHhITDJkanY1U1B4ejFWNFB6elNldDBBTVBKRHNIN0FEM0oxREs3QUJ2VUp3c0xOaURCTnJ0THBIMmdpNnBqOHA3WUJGWC1Zdk40RHdfSEd5OGhpVFF6ZzBQUkI5WGEwMDJ3Y3lsWHFzalRLZzU4V0dXb0ZGOFpTczl2dkZOUlE?oc=5\" target=\"_blank\" rel=\"nofollow noopener\">El Celta Fortuna golea en Bala\u00eddos y asciende a Segunda divisi\u00f3n<\/a>&nbsp;&nbsp;MARCA<\/li>\n<li><a href=\"https:\/\/news.google.com\/rss\/articles\/CBMivgFBVV95cUxPTm1zR1ZSRnljVmoxemhPa0FwT1czdGY2MWoyOG5uVm85cTg4OUhPU01fRnZKT0d4LWtIT0gwQ1lmSzhlLUx4RGh5UWFjRVpHQW5fSDhISjdYTFR5RmY5QkE1VXpfWTIzY2dVcU81SEhDTUJfc3JRTkFDZ3JrSWlGd2R0TnNkWHlyZ0Z4Ym5ZRzdOM2lNVWUwSUE0TUNDdFpiOF91U3MyUVY5c2NDbV82Zkxybm8tanNINzJ2Rmpn?oc=5\" target=\"_blank\" rel=\"nofollow noopener\">As\u00ed hemos vivido la lucha por el ascenso entre Celta Fortuna y Ponferradina<\/a>&nbsp;&nbsp;Leonoticias<\/li>\n<\/ol>\n","protected":false},"excerpt":{"rendered":"El Celta Fortuna alcanza el cielo de Segunda Divisi\u00f3n con una goleada ante la Ponferradina: 4-1&nbsp;&nbsp;La Voz de&hellip;\n","protected":false},"author":2,"featured_media":617814,"comment_status":"","ping_status":"","sticky":false,"template":"","format":"standard","meta":{"footnotes":""},"categories":[93],"tags":[290,38499,168,25,24,23,167],"class_list":["post-617813","post","type-post","status-publish","format-standard","has-post-thumbnail","category-deportes","tag-celta","tag-celta-b","tag-deportes","tag-es","tag-espana","tag-spain","tag-sports"],"share_on_mastodon":{"url":"https:\/\/pubeurope.com\/@es\/116785699011337271","error":""},"_links":{"self":[{"href":"https:\/\/www.europesays.com\/es\/wp-json\/wp\/v2\/posts\/617813","targetHints":{"allow":["GET"]}}],"collection":[{"href":"https:\/\/www.europesays.com\/es\/wp-json\/wp\/v2\/posts"}],"about":[{"href":"https:\/\/www.europesays.com\/es\/wp-json\/wp\/v2\/types\/post"}],"author":[{"embeddable":true,"href":"https:\/\/www.europesays.com\/es\/wp-json\/wp\/v2\/users\/2"}],"replies":[{"embeddable":true,"href":"https:\/\/www.europesays.com\/es\/wp-json\/wp\/v2\/comments?post=617813"}],"version-history":[{"count":0,"href":"https:\/\/www.europesays.com\/es\/wp-json\/wp\/v2\/posts\/617813\/revisions"}],"wp:featuredmedia":[{"embeddable":true,"href":"https:\/\/www.europesays.com\/es\/wp-json\/wp\/v2\/media\/617814"}],"wp:attachment":[{"href":"https:\/\/www.europesays.com\/es\/wp-json\/wp\/v2\/media?parent=617813"}],"wp:term":[{"taxonomy":"category","embeddable":true,"href":"https:\/\/www.europesays.com\/es\/wp-json\/wp\/v2\/categories?post=617813"},{"taxonomy":"post_tag","embeddable":true,"href":"https:\/\/www.europesays.com\/es\/wp-json\/wp\/v2\/tags?post=617813"}],"curies":[{"name":"wp","href":"https:\/\/api.w.org\/{rel}","templated":true}]}}