{"id":617817,"date":"2026-06-21T02:19:15","date_gmt":"2026-06-21T02:19:15","guid":{"rendered":"https:\/\/www.europesays.com\/es\/617817\/"},"modified":"2026-06-21T02:19:15","modified_gmt":"2026-06-21T02:19:15","slug":"fernando-mendez-leite-reelegido-presidente-de-la-academia-de-cine-2","status":"publish","type":"post","link":"https:\/\/www.europesays.com\/es\/617817\/","title":{"rendered":"Fernando M\u00e9ndez-Leite, reelegido presidente de la Academia de Cine"},"content":{"rendered":"<p class=\"article-text\">\n        El director, guionista, escritor y cr\u00edtico de cine Fernando M\u00e9ndez-Leite ha sido reelegido este s\u00e1bado presidente de la Academia de Cine, en un proceso al que hab\u00eda concurrido como \u00fanico candidato. Estar\u00e1 acompa\u00f1ado en su segundo mandato por el productor F\u00e9lix Tusell, como vicepresidente primero, y la actriz \u00c1ngela Cervantes, como vicepresidenta segunda.\n    <\/p>\n<p>    <a href=\"https:\/\/www.eldiario.es\/cultura\/cine\/fernando-mendez-leite-elige-mejores-peliculas-siglo-xxi_1_12860077.html\" data-mrf-recirculation=\"saber-mas\" data-dl-event=\"saber-mas\" rel=\"nofollow noopener\" target=\"_blank\"><\/p>\n<p class=\"know-more__title\">Fernando M\u00e9ndez-Leite elige las mejores pel\u00edculas del siglo XXI<\/p>\n<p>            <img decoding=\"async\" class=\"lazy\" loading=\"lazy\" data-src=\"https:\/\/static.eldiario.es\/clip\/b8d2ffb1-c913-4599-b1ba-7bddc0f7d56f_16-9-aspect-ratio_default_0.jpg\" src=\"data:image\/svg+xml,%3Csvg xmlns=\" http:=\"\" viewbox=\"0 0 880 495\" alt=\"Fernando M\u00e9ndez-Leite elige las mejores pel\u00edculas del siglo XXI\"\/><\/p>\n<p>                        <\/a><\/p>\n<p class=\"article-text\">\n        La terna encabezada por M\u00e9ndez-Leiteha sido ratificada con 858 votos en el transcurso de la Asamblea General Ordinaria, celebrada en el Teatro La Latina de Madrid, y ha contado con el mayor respaldo recibido hasta el momento en la historia de la Academia, seg\u00fan ha informado la instituci\u00f3n en un comunicado.\n    <\/p>\n<p class=\"article-text\">\n        Seg\u00fan el director y guionista, <a href=\"https:\/\/www.eldiario.es\/cultura\/cine\/fernando-mendez-leite-presenta-reeleccion-presidente-academia-cine_1_13156495.html\" target=\"_blank\" data-mrf-recirculation=\"links-noticia\" class=\"link\" rel=\"nofollow noopener\">decidi\u00f3 presentarse a la reelecci\u00f3n<\/a> \u201cpara dar continuidad a un programa y un trabajo de modernizaci\u00f3n de la Academia, que es en la actualidad una instituci\u00f3n viva y en continua renovaci\u00f3n\u201d. Y ha subrayado que la instituci\u00f3n ya alcanza los 3.000 miembros y desarrolla actividades informativas, culturales y de formaci\u00f3n; adem\u00e1s de colaborar estrechamente con otras instituciones de la cinematograf\u00eda espa\u00f1ola e internacional. Tambi\u00e9n, ha destacado, organiza la gala de los Premios Goya y \u201cmantiene la preocupaci\u00f3n por la igualdad, la diversidad y la descentralizaci\u00f3n\u201d.\n    <\/p>\n<p class=\"article-text\">\n        M\u00e9ndez-Leite ha agradecido y elogiado el trabajo de los compa\u00f1eros que dejan su cargo, los dos vicepresidentes Rafael Portela y Susi S\u00e1nchez, y ha asegurado que habr\u00e1 \u201ccontinuidad, estabilidad, tradici\u00f3n, preocupaci\u00f3n por el presente y mirada al futuro\u201d.\n    <\/p>\n<p>            <img decoding=\"async\" class=\"lazy\" loading=\"lazy\" data-src=\"https:\/\/static.eldiario.es\/clip\/31ea763b-d0b7-4252-808d-01693237859d_16-9-discover-aspect-ratio_default_0.jpg\" src=\"data:image\/svg+xml,%3Csvg xmlns=\" http:=\"\" viewbox=\"0 0 1200 675\" alt=\"De izquierda a derecha, F\u00e9liz Tusell, M\u00e9ndez Leite y \u00c1ngela Cervantes.\"\/><\/p>\n<p class=\"article-text\">\n        Los miembros de la Academia han podido ejercer su voto previamente, de forma online o por correspondencia, y tambi\u00e9n personalmente en el Teatro La Latina de Madrid, acudiendo a la Asamblea General, reuni\u00f3n en la que los miembros de Barcelona, M\u00e1laga, Santiago de Compostela, Sevilla, Valencia, Valladolid y Vitoria han podido intervenir a trav\u00e9s de videoconferencia.\n    <\/p>\n<p class=\"article-text\">\n        Presidente de la Academia desde 2022, Fernando M\u00e9ndez-Leite (Madrid, 1944), reconocido a lo largo de su trayectoria como director de cine y televisi\u00f3n, tambi\u00e9n ha sido Director General del ICAA (1986-1988), director de la ECAM (1994-2011) y programador del Festival de M\u00e1laga desde su fundaci\u00f3n, entre otros muchos trabajos.\n    <\/p>\n<p class=\"article-text\">\n        Por su parte, F\u00e9lix Tusell S\u00e1nchez (Madrid, 1990) es director de la productora Estela Films, la m\u00e1s antigua en activo de Espa\u00f1a. Ademas de gestionar el cat\u00e1logo de la productora, es productor de t\u00edtulos recientes como\u00a0Los del t\u00fanel\u00a0(2015, Pep\u00f3n Montero) o\u00a0Tiempo despu\u00e9s\u00a0(2017, Jos\u00e9 Luis Cuerda). Gan\u00f3 el Premio Goya al Mejor cortometraje de ficci\u00f3n con\u00a0T\u00f3tem loba\u00a0(2020, Ver\u00f3nica Echegui).\n    <\/p>\n<p class=\"article-text\">\n        Asimismo, \u00c1ngela Cervantes (Barcelona, 1993) es una de las actrices m\u00e1s relevantes del panorama nacional actual. Ha sido nominada tres veces al Premio Goya, revelaci\u00f3n por\u00a0Chavalas\u00a0(2021, Carol Rodr\u00edguez), de reparto por\u00a0La maternal\u00a0(2022, Pilar Palomero) y protagonista por\u00a0La furia\u00a0(2026, Gemma Blasco).\n    <\/p>\n","protected":false},"excerpt":{"rendered":"El director, guionista, escritor y cr\u00edtico de cine Fernando M\u00e9ndez-Leite ha sido reelegido este s\u00e1bado presidente de la&hellip;\n","protected":false},"author":2,"featured_media":617818,"comment_status":"","ping_status":"","sticky":false,"template":"","format":"standard","meta":{"footnotes":""},"categories":[91],"tags":[923,177,146,147,25,24,2421,4845,29910,1461,91138,23],"class_list":["post-617817","post","type-post","status-publish","format-standard","has-post-thumbnail","category-entretenimiento","tag-academia","tag-cine","tag-entertainment","tag-entretenimiento","tag-es","tag-espana","tag-fernando","tag-leite","tag-mendez","tag-presidente","tag-reelegido","tag-spain"],"share_on_mastodon":{"url":"https:\/\/pubeurope.com\/@es\/116785706799620397","error":""},"_links":{"self":[{"href":"https:\/\/www.europesays.com\/es\/wp-json\/wp\/v2\/posts\/617817","targetHints":{"allow":["GET"]}}],"collection":[{"href":"https:\/\/www.europesays.com\/es\/wp-json\/wp\/v2\/posts"}],"about":[{"href":"https:\/\/www.europesays.com\/es\/wp-json\/wp\/v2\/types\/post"}],"author":[{"embeddable":true,"href":"https:\/\/www.europesays.com\/es\/wp-json\/wp\/v2\/users\/2"}],"replies":[{"embeddable":true,"href":"https:\/\/www.europesays.com\/es\/wp-json\/wp\/v2\/comments?post=617817"}],"version-history":[{"count":0,"href":"https:\/\/www.europesays.com\/es\/wp-json\/wp\/v2\/posts\/617817\/revisions"}],"wp:featuredmedia":[{"embeddable":true,"href":"https:\/\/www.europesays.com\/es\/wp-json\/wp\/v2\/media\/617818"}],"wp:attachment":[{"href":"https:\/\/www.europesays.com\/es\/wp-json\/wp\/v2\/media?parent=617817"}],"wp:term":[{"taxonomy":"category","embeddable":true,"href":"https:\/\/www.europesays.com\/es\/wp-json\/wp\/v2\/categories?post=617817"},{"taxonomy":"post_tag","embeddable":true,"href":"https:\/\/www.europesays.com\/es\/wp-json\/wp\/v2\/tags?post=617817"}],"curies":[{"name":"wp","href":"https:\/\/api.w.org\/{rel}","templated":true}]}}