{"id":617889,"date":"2026-06-21T03:22:15","date_gmt":"2026-06-21T03:22:15","guid":{"rendered":"https:\/\/www.europesays.com\/es\/617889\/"},"modified":"2026-06-21T03:22:15","modified_gmt":"2026-06-21T03:22:15","slug":"rua-del-malaga-cf-cuando-celebra-el-club-su-ascenso-a-primera-division","status":"publish","type":"post","link":"https:\/\/www.europesays.com\/es\/617889\/","title":{"rendered":"R\u00faa del M\u00e1laga CF: \u00bfcu\u00e1ndo celebra el club su ascenso a Primera Divisi\u00f3n?"},"content":{"rendered":"<p class=\"ft-text\">Despu\u00e9s del ascenso y <a class=\"ft-link ft-link--decoration\" href=\"https:\/\/www.laopiniondemalaga.es\/malagacf\/2026\/06\/20\/malaga-vuelve-ocho-anos-despues-131637469.html\" target=\"_blank\" rel=\"nofollow noopener\">en plena nube de celebraciones despu\u00e9s del ascenso del M\u00e1laga CF<\/a> a Primera Divisi\u00f3n, hay una pregunta que se repite: \u00bfcu\u00e1ndo se va a celebrar la r\u00faa de celebraci\u00f3n con el autob\u00fas de los grandes h\u00e9roes?. Ha sido <strong>Francisco de la Torre<\/strong>, presente en el UD Almer\u00eda Stadium, quien ha dado la respuesta y ha confirmado que tendr\u00e1 el lunes por la tarde.<\/p>\n<p class=\"ft-text\">\u00ab<strong>La organizaci\u00f3n por parte del club me ha pedido que sea el lunes por la tarde<\/strong> el encuentro m\u00e1s oficial\u00bb, reconoc\u00eda el alcalde de M\u00e1laga en sus primeras declaraciones despu\u00e9s del ascenso a Primera Divisi\u00f3n en Almer\u00eda, oficializando que este domingo habr\u00e1 &#8216;descanso&#8217; y v\u00eda libre para ver seguir el encuentro de Espa\u00f1a contra Arabia Saud\u00ed este domingo, a partir de las 18.00 horas, en la segunda jornada de la fase de grupos del Mundial 2026.<\/p>\n<p>Recorrido<\/p>\n<p class=\"ft-text\">\u00ab<strong>Visitar\u00e1 el Cautivo, no s\u00e9 si la Divina Pastora<\/strong>. La visita del <strong>Ayuntamiento <\/strong>tambi\u00e9n ser\u00e1 el lunes por la tarde\u00bb, a\u00f1adi\u00f3. Reconoci\u00f3 incluso que ser\u00e1 una celebraci\u00f3n muy similar a la que se celebr\u00f3 en junio de 2024 con el ascenso a Segunda Divisi\u00f3n. \u00abEl horario exacto se dir\u00e1 ma\u00f1ana -este domingo, pero ser\u00e1 por la tarde\u00bb.<\/p>\n<p class=\"ft-text\">Si M\u00e1laga se volc\u00f3 para protagonizar im\u00e1genes inolvidables, <a class=\"ft-link ft-link--decoration\" href=\"https:\/\/www.laopiniondemalaga.es\/malagacf\/2026\/06\/21\/aficion-malaga-cf-enloquecio-bichos-ascenso-131640030.html\" target=\"_blank\" rel=\"nofollow noopener\">los lazos se han multiplicado en los \u00faltimos meses<\/a> con una plantilla que ha generado un apego impresionante. La afici\u00f3n terminar\u00e1 de celebrar a altas horas de la madrugada. Habr\u00e1 quien se lance a la calle incluso por la tarde. Sin embargo, no ser\u00e1 hasta el lunes por la tarde cuando equipo y afici\u00f3n tengan su gran encuentro por las calles de la ciudad.<\/p>\n","protected":false},"excerpt":{"rendered":"Despu\u00e9s del ascenso y en plena nube de celebraciones despu\u00e9s del ascenso del M\u00e1laga CF a Primera Divisi\u00f3n,&hellip;\n","protected":false},"author":2,"featured_media":617890,"comment_status":"","ping_status":"","sticky":false,"template":"","format":"standard","meta":{"footnotes":""},"categories":[268],"tags":[3437,6421,56198,13103,168,25,24,280,282,3855,1963,1078,1945,15499,281,23,167],"class_list":["post-617889","post","type-post","status-publish","format-standard","has-post-thumbnail","category-futbol","tag-aficion","tag-ascenso","tag-ascenso-a-primera","tag-cf","tag-deportes","tag-es","tag-espana","tag-football","tag-futbol","tag-malaga","tag-malaga-cf","tag-primera","tag-primera-division","tag-rua","tag-soccer","tag-spain","tag-sports"],"share_on_mastodon":{"url":"https:\/\/pubeurope.com\/@es\/116785954639924155","error":""},"_links":{"self":[{"href":"https:\/\/www.europesays.com\/es\/wp-json\/wp\/v2\/posts\/617889","targetHints":{"allow":["GET"]}}],"collection":[{"href":"https:\/\/www.europesays.com\/es\/wp-json\/wp\/v2\/posts"}],"about":[{"href":"https:\/\/www.europesays.com\/es\/wp-json\/wp\/v2\/types\/post"}],"author":[{"embeddable":true,"href":"https:\/\/www.europesays.com\/es\/wp-json\/wp\/v2\/users\/2"}],"replies":[{"embeddable":true,"href":"https:\/\/www.europesays.com\/es\/wp-json\/wp\/v2\/comments?post=617889"}],"version-history":[{"count":0,"href":"https:\/\/www.europesays.com\/es\/wp-json\/wp\/v2\/posts\/617889\/revisions"}],"wp:featuredmedia":[{"embeddable":true,"href":"https:\/\/www.europesays.com\/es\/wp-json\/wp\/v2\/media\/617890"}],"wp:attachment":[{"href":"https:\/\/www.europesays.com\/es\/wp-json\/wp\/v2\/media?parent=617889"}],"wp:term":[{"taxonomy":"category","embeddable":true,"href":"https:\/\/www.europesays.com\/es\/wp-json\/wp\/v2\/categories?post=617889"},{"taxonomy":"post_tag","embeddable":true,"href":"https:\/\/www.europesays.com\/es\/wp-json\/wp\/v2\/tags?post=617889"}],"curies":[{"name":"wp","href":"https:\/\/api.w.org\/{rel}","templated":true}]}}