{"id":617975,"date":"2026-06-21T04:46:12","date_gmt":"2026-06-21T04:46:12","guid":{"rendered":"https:\/\/www.europesays.com\/es\/617975\/"},"modified":"2026-06-21T04:46:12","modified_gmt":"2026-06-21T04:46:12","slug":"la-huelga-de-los-medicos-por-el-estatuto-marco-dispara-los-retrasos-de-las-consultas-y-las-cirugias","status":"publish","type":"post","link":"https:\/\/www.europesays.com\/es\/617975\/","title":{"rendered":"La huelga de los m\u00e9dicos por el Estatuto Marco dispara los retrasos de las consultas y las cirug\u00edas"},"content":{"rendered":"<p style=\"\">Hace un a\u00f1o, los m\u00e9dicos se levantaron en pie de guerra contra la reforma del Estatuto Marco de la profesi\u00f3n sanitaria. Tras a\u00f1os de negociaciones,  &#8230; estos profesionales rechazaron el texto que impulsaba la ministra de Sanidad, M\u00f3nica Garc\u00eda, y decidieron colgar las batas en se\u00f1al de protesta. Las 32 jornadas de paro convocadas desde entonces, las cinco \u00faltimas realizadas la semana pasada, han dejado un balance desolador para los pacientes. En estos doce meses se han suspendido cientos de miles de consultas externas, pruebas diagn\u00f3sticas y cirug\u00edas y las listas de espera, ya enormes, han registrado un notable aumento que se dejar\u00e1 notar, sobre todo, cuando el Ministerio actualice los datos en octubre. El conflicto es enconado, con tres partes en liza, los m\u00e9dicos, Sanidad y las comunidades aut\u00f3nomas, que se ven incapaces de llegar a un m\u00ednimo consenso, y con la amenaza de un \u00aboto\u00f1o caliente\u00bb que nadie ve c\u00f3mo frenar.<\/p>\n<p class=\"v-d-p\" style=\"\">Seg\u00fan el balance de los sindicatos sanitarios, m\u00e1s de tres millones de procedimientos han sufrido aplazamientos sin fecha o demoras en toda Espa\u00f1a. Entre las comunidades aut\u00f3nomas que han ofrecido datos, los paros han dejado en Andaluc\u00eda de 227.685 actuaciones sanitarias suspendidas (127.608 consultas de atenci\u00f3n primaria, 78.502 consultas externas y 4.574 intervenciones quir\u00fargicas aplazadas) y en Madrid m\u00e1s de 236.000 consultas externas est\u00e1n afectadas, 10.470 cirug\u00edas programadas se han suspendido y se han dejado de realizar m\u00e1s de 22.000 pruebas diagn\u00f3sticas. Las estad\u00edsticas del Ministerio, por su parte, registraron al cierre de 2025 (\u00faltimos datos disponibles, que inclu\u00edan solo seis meses de huelga) un r\u00e9cord en las listas de espera quir\u00fargicas con 853.509 pacientes acumulados, el 2,5% m\u00e1s que en el informe anterior. <\/p>\n<p class=\"v-d-p\" style=\"\">Precisamente el gran choque se produce ahora entre el Ministerio de Sanidad y las comunidades. El departamento de M\u00f3nica Garc\u00eda considera que el pacto firmado en enero con los sindicatos mayoritarios del sector (CCOO, UGT, CSIF y el de enfermer\u00eda Satse) tiene que servir como base para que sean ahora las consejer\u00edas las que lleguen a acuerdos definitivos con los profesionales. Ese documento estipula por ley la jornada de 35 horas y el reconocimiento del tiempo de solape de turno y la reducci\u00f3n progresiva de las guardias de 24 horas a un l\u00edmite de 17 horas. Pero el texto nace con un pecado original: los sindicatos m\u00e9dicos se negaron a firmarlo con tres argumentos: consideran que perpet\u00faa la sobrecarga laboral, no reconoce la especificidad de su profesi\u00f3n y consolida condiciones precarias.<\/p>\n<p class=\"v-a-t\">\n\u00abHemos pasado el testigo a las autonom\u00edas. Ahora es necesario ampliar plantillas\u00bb\n<\/p>\n<p class=\"v-pst__p\">M\u00f3nica Garc\u00eda<\/p>\n<p class=\"v-pst__j\">Ministra de Sanidad<\/p>\n<p class=\"v-d-p\" style=\"\">M\u00f3nica Garc\u00eda quiso este viernes trasladar toda la responsabilidad a las autonom\u00edas, a las que, dijo, ha pasado \u00abel testigo\u00bb despu\u00e9s de haber presentado su texto. \u00abEste Estatuto Marco es la primera reforma laboral sanitaria en 23 a\u00f1os para mejorar las condiciones laborales sanitario y recoge, dentro de sus competencias, todas las reivindicaciones de los profesionales, todas las reivindicaciones leg\u00edtimas, todos los malestares leg\u00edtimos\u00bb, afirm\u00f3 la ministra durante la presentaci\u00f3n de un documento sobre el tabaquismo. Garc\u00eda, anestesista de profesi\u00f3n, reiter\u00f3 la casu\u00edstica que m\u00e1s le gusta utilizar: el Estatuto Marco acaba con las guardias de 24 horas, pero para que los m\u00e9dicos tengan unas guardias de \u00abocho, diez o doce horas, es necesario ampliar las plantillas para poder distribuir los turnos entre m\u00e1s compa\u00f1eros\u00bb. Es decir, las consejer\u00edas, dentro de sus competencias, tienen que contratar m\u00e1s para cumplir un documento que, seg\u00fan el Ministerio, \u00abha marcado las normas comunes\u00bb.<\/p>\n<p>\nSoledad de la ministra\n<\/p>\n<p class=\"v-d-p\" style=\"\">Pero las comunidades aut\u00f3nomas no est\u00e1n por la labor. En el \u00faltimo Consejo Interterritorial, celebrado el 10 de junio, se marcharon sin votar los puntos del orden del d\u00eda y dejaron sola a la ministra, a la que acusan de \u00abfalta de di\u00e1logo\u00bb. Sin obviar el componente pol\u00edtico (doce est\u00e1n gobernadas por el PP y la oposici\u00f3n ha encontrado en los problemas sanitarios otro frente para desgastar al Gobierno), las comunidades alegan falta de financiaci\u00f3n (son ellas las que deber\u00edan pagar, por ejemplo, los salarios de esos nuevos contratados que acabar\u00edan con las guardias de 24 horas); en la misma l\u00ednea, creen que en Espa\u00f1a no hay profesionales suficientes, especialmente m\u00e9dicos, para cumplir los objetivos del Estatuto Marco; y opinan que el documento no ha sido redactado por los m\u00e9dicos, sino por los sindicatos que lo han apoyado. En el fondo, los gobiernos auton\u00f3micos saben que la ciudadan\u00eda les mira a ellos cuando se trata de problemas en la sanidad y tratan de derivar la responsabilidad hacia M\u00f3nica Garc\u00eda.<\/p>\n<p class=\"v-d-p\" style=\"\">El verano aparece como una tregua, por la escasez en las plantillas a causa de las vacaciones, en el que puede abrirse la puerta al cierre del conflicto si el Ministerio y las comunidades reactivan el di\u00e1logo. En caso contrario, el inicio de curso traer\u00e1 m\u00e1s huelgas. Los sindicatos m\u00e9dicos mayoritarios (la Confederaci\u00f3n Espa\u00f1ola de Sindicatos M\u00e9dicos -CESM-, Amyts, SMA, Metges de Catalunya y SME) amenazan con paros totales en septiembre.<\/p>\n","protected":false},"excerpt":{"rendered":"Hace un a\u00f1o, los m\u00e9dicos se levantaron en pie de guerra contra la reforma del Estatuto Marco de&hellip;\n","protected":false},"author":2,"featured_media":617976,"comment_status":"","ping_status":"","sticky":false,"template":"","format":"standard","meta":{"footnotes":""},"categories":[8],"tags":[17,18,30683,18732,5658,25,24,58329,13,14,11,13181,19,20,737,6016,9,10,15,16,14406,23,12,21,22],"class_list":["post-617975","post","type-post","status-publish","format-standard","has-post-thumbnail","category-espana","tag-breaking-news","tag-breakingnews","tag-cirugias","tag-consultas","tag-dispara","tag-es","tag-espana","tag-estatuto","tag-featured-news","tag-featurednews","tag-headlines","tag-huelga","tag-latest-news","tag-latestnews","tag-marco","tag-medicos","tag-news","tag-noticias","tag-noticias-destacadas","tag-noticiasdestacadas","tag-retrasos","tag-spain","tag-titulares","tag-ultimas-noticias","tag-ultimasnoticias"],"share_on_mastodon":{"url":"https:\/\/pubeurope.com\/@es\/116786285287228275","error":""},"_links":{"self":[{"href":"https:\/\/www.europesays.com\/es\/wp-json\/wp\/v2\/posts\/617975","targetHints":{"allow":["GET"]}}],"collection":[{"href":"https:\/\/www.europesays.com\/es\/wp-json\/wp\/v2\/posts"}],"about":[{"href":"https:\/\/www.europesays.com\/es\/wp-json\/wp\/v2\/types\/post"}],"author":[{"embeddable":true,"href":"https:\/\/www.europesays.com\/es\/wp-json\/wp\/v2\/users\/2"}],"replies":[{"embeddable":true,"href":"https:\/\/www.europesays.com\/es\/wp-json\/wp\/v2\/comments?post=617975"}],"version-history":[{"count":0,"href":"https:\/\/www.europesays.com\/es\/wp-json\/wp\/v2\/posts\/617975\/revisions"}],"wp:featuredmedia":[{"embeddable":true,"href":"https:\/\/www.europesays.com\/es\/wp-json\/wp\/v2\/media\/617976"}],"wp:attachment":[{"href":"https:\/\/www.europesays.com\/es\/wp-json\/wp\/v2\/media?parent=617975"}],"wp:term":[{"taxonomy":"category","embeddable":true,"href":"https:\/\/www.europesays.com\/es\/wp-json\/wp\/v2\/categories?post=617975"},{"taxonomy":"post_tag","embeddable":true,"href":"https:\/\/www.europesays.com\/es\/wp-json\/wp\/v2\/tags?post=617975"}],"curies":[{"name":"wp","href":"https:\/\/api.w.org\/{rel}","templated":true}]}}