{"id":618045,"date":"2026-06-21T05:55:20","date_gmt":"2026-06-21T05:55:20","guid":{"rendered":"https:\/\/www.europesays.com\/es\/618045\/"},"modified":"2026-06-21T05:55:20","modified_gmt":"2026-06-21T05:55:20","slug":"colombia-elige-entre-un-candidato-pro-trump-y-un-delfin-de-la-izquierda-en-el-poder","status":"publish","type":"post","link":"https:\/\/www.europesays.com\/es\/618045\/","title":{"rendered":"Colombia elige entre un candidato pro-Trump y un delf\u00edn de la izquierda en el poder"},"content":{"rendered":"<p>    <img src=\"https:\/\/www.europesays.com\/es\/wp-content\/uploads\/2026\/06\/2026-06-21T053A083A24Z-91623064.jpg\" width=\"1024\" height=\"665\" alt=\"\" loading=\"eager\" decoding=\"sync\" fetchpriority=\"high\"\/><\/p>\n<p>            afp_tickers        <\/p>\n<p>        Este contenido fue publicado en    <\/p>\n<p>        21 junio 2026 &#8211; 07:08\n<\/p>\n<p>Los colombianos eligen el domingo al nuevo presidente del pa\u00eds entre un ultraderechista respaldado por Donald Trump y un senador izquierdista af\u00edn al gobierno, en un balotaje clave para el tambaleante proceso de paz del pa\u00eds y de sus tensas relaciones con Washington.\u00a0<\/p>\n<p>Seg\u00fan las encuestas, Abelardo de la Espriella, un abogado millonario de 47 a\u00f1os que amasa apoyos por su discurso contra las guerrillas, se perfila favorito frente a lo que denomina como el \u00abc\u00e1ncer\u00bb de la izquierda, por primera vez en el poder con el actual presidente Gustavo Petro.<\/p>\n<p>Por estrecho margen le sigue Iv\u00e1n Cepeda, de 63 a\u00f1os, veterano congresista y fil\u00f3sofo aliado del gobierno que recoge el apoyo de sectores populares favorecidos por la reducci\u00f3n de la pobreza, el aumento del salario m\u00ednimo y una baja del desempleo en uno de los pa\u00edses m\u00e1s desiguales del mundo.<\/p>\n<p>\u00abNinguno es capaz de solucionar el problema de la violencia\u00bb, dice a la AFP Hermes Ortega, un campesino y gu\u00eda tur\u00edstico de la selv\u00e1tica regi\u00f3n de Putumayo, preocupado porque la guerra espant\u00f3 a los visitantes.<\/p>\n<p>La jornada electoral comenzar\u00e1 a las 08H00 locales (13H00 GMT) con el voto de Petro en Bogot\u00e1 y se desarrollar\u00e1 hasta las 16H00 (21H00 GMT). La autoridad electoral espera tener resultados pocas horas despu\u00e9s del cierre.<\/p>\n<p>\u2013 Visiones opuestas \u2013<\/p>\n<p>La firma del acuerdo de paz con la guerrilla de las FARC en 2016 trajo unos a\u00f1os de calma. Pero una d\u00e9cada despu\u00e9s la campa\u00f1a ha estado marcada por la violencia de actores armados con bombas, drones explosivos y el asesinato de un candidato presidencial.\u00a0<\/p>\n<p>De la Espriella culpa a Petro, a quien llama \u00abjefe de la mafia\u00bb y amenaza con llevarlo ante la justicia de Estados Unidos.<\/p>\n<p>El abogado, que se hace llamar \u00abEl Tigre\u00bb, dijo a la AFP que buscar\u00e1 el respaldo de Trump e Israel para lanzar una ofensiva de 90 d\u00edas contra la guerrilla con bombardeos y fumigaci\u00f3n de narcocultivos en el mayor productor de coca\u00edna del mundo.<\/p>\n<p>De doble nacionalidad, colombiana y estadounidense, se opone a las pol\u00edticas de paz con las que Petro intent\u00f3 negociar con los grupos armados con escasos avances para enterrar d\u00e9cadas de conflicto armado.<\/p>\n<p>Seg\u00fan analistas, estas organizaciones aprovecharon para enriquecerse, ganar poder y expandirse.<\/p>\n<p>Por su parte Cepeda, hijo de un pol\u00edtico y senador de izquierda asesinado por agentes estatales y paramilitares en 1994, ha sido defensor de las v\u00edctimas del conflicto y fue uno de los art\u00edfices de la \u00abpaz total\u00bb de este gobierno, aunque en entrevista con la AFP se dijo dispuesto a revisarla.\u00a0<\/p>\n<p>\u00abPor el bien de Colombia primero los pobres\u00bb, dice en sus discursos.<\/p>\n<p>\u2013 \u00abSoluciones de choque\u00bb \u2013<\/p>\n<p>Sin posibilidad de reelecci\u00f3n, Petro aspira a repetir la haza\u00f1a de llevar a la izquierda al poder en un pa\u00eds que ha estado gobernado por \u00e9lites conservadoras a lo largo de 200 a\u00f1os.\u00a0<\/p>\n<p>El mandatario cuenta con el respaldo de otros gobiernos de izquierda como M\u00e9xico y Brasil, cuando la derecha apoyada por Trump planea con fuerza en pa\u00edses como Argentina, Chile, El Salvador y Ecuador.<\/p>\n<p>De la Espriella, detr\u00e1s de una urna de cristal antibalas y con saludo militar se ha convertido en un fen\u00f3meno pol\u00edtico con una campa\u00f1a que adopta s\u00edmbolos que aluden a la identidad nacional, como la camiseta de la selecci\u00f3n en pleno Mundial de f\u00fatbol, y entrevistas donde alardea de cantante o de la vida de lujos que llevaba en Italia antes de su campa\u00f1a.<\/p>\n<p>\u00abConecta con un electorado que ya est\u00e1 muy cansado de la inseguridad y necesita soluciones de choque\u00bb pero tambi\u00e9n encarna un modelo \u00abaspiracional\u00bb del \u00abempresario que construy\u00f3 su fortuna\u00bb, dice Luisa Lozano, experta de la Universidad de La Sabana.<\/p>\n<p>Defiende el porte de armas, la construcci\u00f3n de megac\u00e1rceles, la explotaci\u00f3n de petr\u00f3leo con fracking, recortar un 40% el Estado y ha dicho que lo \u00abideal\u00bb ser\u00eda dolarizar la econom\u00eda.<\/p>\n<p>Sin experiencia pol\u00edtica, sus detractores lo critican por sus frecuentes comentarios machistas y homof\u00f3bicos y por que en su carrera como abogado ha defendido a paramilitares y narcotraficantes.<\/p>\n<p>\u2013 Polarizaci\u00f3n \u00a0\u2013<\/p>\n<p>Colombia ha sido hist\u00f3ricamente el socio m\u00e1s cercano de Estados Unidos en Sudam\u00e9rica, y Washington ha invertido miles de millones de d\u00f3lares en las fuerzas armadas y los servicios de inteligencia del pa\u00eds.<\/p>\n<p>Pero las relaciones se deterioraron desde que Trump entr\u00f3 en conflicto con Petro.\u00a0<\/p>\n<p>Trump ha calificado a Cepeda de \u00abmarxista de izquierda radical\u00bb y este a su vez ha dicho que el pa\u00eds no ser\u00e1 su \u00abcolonia\u00bb.<\/p>\n<p>El senador es conocido por llevar ante los tribunales al popular expresidente de derecha \u00c1lvaro Uribe por sus presuntos nexos con los paramilitares.<\/p>\n<p>Tengo \u00abmiedo\u00bb, \u00abes un d\u00eda decisivo para el pa\u00eds\u00bb, dice Juan Alberto Mart\u00ednez, un asesor financiero de 51 a\u00f1os en la caribe\u00f1a Barranquilla, en medio de la polarizaci\u00f3n entre los dos bandos.\u00a0<\/p>\n<p>bur-lv\/sp\/das\/cjc<\/p>\n","protected":false},"excerpt":{"rendered":"afp_tickers Este contenido fue publicado en 21 junio 2026 &#8211; 07:08 Los colombianos eligen el domingo al nuevo&hellip;\n","protected":false},"author":2,"featured_media":618046,"comment_status":"","ping_status":"","sticky":false,"template":"","format":"standard","meta":{"footnotes":""},"categories":[42],"tags":[635,17,18,636,83,6654,13,14,11,61,62,63,64,19,20,9,10,15,16,88,90,12,21,22,65,66,67],"class_list":["post-618045","post","type-post","status-publish","format-standard","has-post-thumbnail","category-internacional","tag-armed-conflict","tag-breaking-news","tag-breakingnews","tag-conflict","tag-diplomacy","tag-election","tag-featured-news","tag-featurednews","tag-headlines","tag-internacional","tag-international","tag-international-news","tag-internationalnews","tag-latest-news","tag-latestnews","tag-news","tag-noticias","tag-noticias-destacadas","tag-noticiasdestacadas","tag-politics","tag-ticker","tag-titulares","tag-ultimas-noticias","tag-ultimasnoticias","tag-world","tag-world-news","tag-worldnews"],"share_on_mastodon":{"url":"https:\/\/pubeurope.com\/@es\/116786556281886951","error":""},"_links":{"self":[{"href":"https:\/\/www.europesays.com\/es\/wp-json\/wp\/v2\/posts\/618045","targetHints":{"allow":["GET"]}}],"collection":[{"href":"https:\/\/www.europesays.com\/es\/wp-json\/wp\/v2\/posts"}],"about":[{"href":"https:\/\/www.europesays.com\/es\/wp-json\/wp\/v2\/types\/post"}],"author":[{"embeddable":true,"href":"https:\/\/www.europesays.com\/es\/wp-json\/wp\/v2\/users\/2"}],"replies":[{"embeddable":true,"href":"https:\/\/www.europesays.com\/es\/wp-json\/wp\/v2\/comments?post=618045"}],"version-history":[{"count":0,"href":"https:\/\/www.europesays.com\/es\/wp-json\/wp\/v2\/posts\/618045\/revisions"}],"wp:featuredmedia":[{"embeddable":true,"href":"https:\/\/www.europesays.com\/es\/wp-json\/wp\/v2\/media\/618046"}],"wp:attachment":[{"href":"https:\/\/www.europesays.com\/es\/wp-json\/wp\/v2\/media?parent=618045"}],"wp:term":[{"taxonomy":"category","embeddable":true,"href":"https:\/\/www.europesays.com\/es\/wp-json\/wp\/v2\/categories?post=618045"},{"taxonomy":"post_tag","embeddable":true,"href":"https:\/\/www.europesays.com\/es\/wp-json\/wp\/v2\/tags?post=618045"}],"curies":[{"name":"wp","href":"https:\/\/api.w.org\/{rel}","templated":true}]}}