{"id":618164,"date":"2026-06-21T07:44:11","date_gmt":"2026-06-21T07:44:11","guid":{"rendered":"https:\/\/www.europesays.com\/es\/618164\/"},"modified":"2026-06-21T07:44:11","modified_gmt":"2026-06-21T07:44:11","slug":"el-guardian-del-campo-grande-que-dibuja-con-acuarelas-el-que-ha-sido-su-oasis-de-paz-durante-un-cuarto-de-siglo","status":"publish","type":"post","link":"https:\/\/www.europesays.com\/es\/618164\/","title":{"rendered":"El guardi\u00e1n del Campo Grande que dibuja con acuarelas el que ha sido su \u00aboasis de paz\u00bb durante un cuarto de siglo"},"content":{"rendered":"<p style=\"\">Si algo echar\u00e1 especialmente de menos Luis Magdaleno cuando se jubile es \u00abver esos amaneceres, las luces tan preciosas que se forman, c\u00f3mo se va  &#8230; filtrando el sol por los \u00e1rboles cuando todo a\u00fan est\u00e1 en silencio\u00bb, asegura el capataz del Campo Grande. Lleva 25 a\u00f1os ligado a lo que \u00e9l define como su \u00aboasis de paz\u00bb y afronta ahora su \u00faltima temporada antes de la jubilaci\u00f3n. \u00abSon 45 a\u00f1os trabajando en jardines y ya va pesando\u00bb, asegura. Y, a la vez que dice esta frase, los ojos se le empa\u00f1an porque empieza a recordar a ese Luis joven de 18 a\u00f1os que entr\u00f3 \u00abcuando se dio la oportunidad\u00bb en el servicio municipal de parques y jardines de la ciudad.<\/p>\n<p class=\"v-d-p\" style=\"\">Estuve primero en Parquesol, luego diez a\u00f1os en el parque de las Moreras y el 15 de marzo de 2001 ya vine aqu\u00ed\u00bb, cuenta mirando con admiraci\u00f3n a su alrededor. Desde ese momento se enamor\u00f3 del lugar y, desde ese momento, ha cuidado con mimo y pasi\u00f3n las cerca de once hect\u00e1reas de jardines, arbolado y fauna, pues conoce al dedillo las necesidades de cada uno de los animales que habitan en este verde espacio que abri\u00f3 sus puertas en 1879. \u00abSi pones atenci\u00f3n, escuchas a todas las aves que hay aqu\u00ed\u00bb, cuenta.<\/p>\n<p class=\"v-d-p\" style=\"\">Dice el hist\u00f3rico cuidador que las cosas han cambiado mucho en todo este tiempo. \u00abSe nota much\u00edsimo que cada vez hay m\u00e1s turismo, que tenemos gente de todas partes que pasa a todas horas por aqu\u00ed\u00bb, comenta. Como buen conocedor de cada uno de los rincones y secretos de este espacio verde, Magdaleno asegura que \u00absiempre hay algo que se puede mejorar o m\u00e1s dinero y maquinaria que se puede emplear. El Campo Grande est\u00e1 precioso y todo el mundo lo ve maravilloso; lo tenemos muy verde, muy limpio, pero eso no es suficiente, y todo lo que hay aqu\u00ed es patrimonio natural que hay que cuidar para que viva lo m\u00e1ximo posible\u00bb.<\/p>\n<p class=\"v-d-p\" style=\"\">Aqu\u00ed ha pasado inviernos de mucho fr\u00edo y veranos de un calor sofocante, pero lo que m\u00e1s valora es ser testigo de la evoluci\u00f3n de la vegetaci\u00f3n. \u00abEs una satisfacci\u00f3n enorme ver c\u00f3mo ese arbolito que plantaste hace 25 a\u00f1os ahora es un ejemplar precioso\u00bb, asegura. Siente especial curiosidad por las aves silvestres que habitan en este pulm\u00f3n verde, y eso lo llev\u00f3 a publicar un libro sobre la vida de estos animales en el Campo Grande cuando apenas llevaba seis a\u00f1os trabajando en el parque. \u00abHab\u00eda much\u00edsimas aves que no se ve\u00edan en otros lados y empec\u00e9 a anotar su comportamiento, cu\u00e1ndo ven\u00edan, cu\u00e1ndo se marchaban, datos curiosos de cada uno&#8230; Y eso fue lo que se public\u00f3\u00bb, recuerda.<\/p>\n<p class=\"v-d-p\" style=\"\">Pero no es lo \u00fanico, porque, durante los \u00faltimos diez a\u00f1os, cuando Magdaleno se quitaba el uniforme de trabajo, no dejaba a un lado este espacio verde. Empez\u00f3 a recoger la historia del Campo Grande, la evoluci\u00f3n bot\u00e1nica y las peculiaridades de todos sus elementos. As\u00ed, durante una d\u00e9cada ha plasmado el por qu\u00e9 de las fuentes y de las estatuas y la historia misma de la ciudad, por citar un peque\u00f1o ejemplo. Todo ello con una nota de color, porque a cada p\u00edldora de informaci\u00f3n le acompa\u00f1a una vistosa acuarela que cuenta c\u00f3mo fue y c\u00f3mo es el jard\u00edn por excelencia de Valladolid. <\/p>\n<p class=\"v-d-p\" style=\"\">\u00abMucha gente lo desconoce, pero aqu\u00ed ha habido ruinas que posteriormente desaparecieron: la arquer\u00eda de una iglesia, estalactitas de las cuevas de Atapuerca, hab\u00eda ciervos&#8230; Y todo eso lo voy documentando y lo relaciono con la historia de la jardiner\u00eda, de la ciudad, con la mitolog\u00eda, con la literatura y personajes ilustres; o cuento de d\u00f3nde procede el uso del agua en los jardines, qu\u00e9 significa y de d\u00f3nde ven\u00edan las grutas, d\u00f3nde habitaban las ninfas&#8230; Todo lo que se me va ocurriendo\u00bb, a\u00f1ade el capataz.<\/p>\n<p>\nBuscando c\u00f3mo mejorar\n<\/p>\n<p class=\"v-d-p\" style=\"\">A los 17 a\u00f1os Luis dej\u00f3 los estudios. No le gustaban los libros ni le interesaba lo que le\u00eda en la pizarra; pero su trabajo como jardinero, el contacto con las plantas y la naturaleza cambiaron algo en \u00e9l. \u00abAl cabo de poco tiempo vi que esto me llamaba, que me empezaba a gustar\u00bb, confiesa. Y, as\u00ed, fue como aprovechaba cada vez que aparec\u00eda una oportunidad de ascenso. \u00abMe preparaba, estudiaba y as\u00ed pas\u00e9 de pe\u00f3n a oficial de segunda, de primera y, luego, a capataz\u00bb.<\/p>\n<p class=\"v-d-p\" style=\"\">Una vez conseguido ese cargo, se plante\u00f3 \u00abestudiar en serio\u00bb con el acceso a la universidad para mayores de 25 a\u00f1os. \u00abMe matricul\u00e9 en Ingenier\u00eda T\u00e9cnica Forestal, pero lo dej\u00e9 un a\u00f1o m\u00e1s tarde por el trabajo, la familia y el cuidado de dos ni\u00f1os peque\u00f1os. No era el momento. Estuve un a\u00f1o y lo dej\u00e9, y pas\u00f3 lo mismo cuando me matricul\u00e9 en Ciencias Ambientales\u00bb, recuerda. Se prometi\u00f3 a s\u00ed mismo que encontrar\u00eda su tiempo para seguir form\u00e1ndose. \u00abYa con mis hijos m\u00e1s mayores y compagin\u00e1ndolo como pod\u00eda con el trabajo, volv\u00ed a retomar los estudios e hice dos grados superiores: Salud Ambiental, primero, y Gesti\u00f3n Forestal y del Medio Natural, despu\u00e9s\u00bb, explica. Y respecto a su futuro, no se cierra las puertas a nada. Si alguien le propone hacer alguna visita para contar los secretos, las curiosidades y la evoluci\u00f3n del Campo Grande en estos \u00faltimos a\u00f1os, su respuesta es clara: \u00abSi me llaman, aqu\u00ed estoy\u00bb, dice sonriendo.<\/p>\n<p class=\"v-d-p\" style=\"\">Ahora que ve que el momento de despedirse de su trabajo est\u00e1 m\u00e1s cerca, asegura el guardi\u00e1n que volver\u00e1 a menudo por este espacio al que se siente tan ligado. Aunque tiempo no le va a sobrar precisamente, pues tiene pensado dedicar sus d\u00edas a la lectura, los paseos, la naturaleza y a esas acuarelas que son para \u00e9l \u00abel alma del lugar\u00bb.<\/p>\n","protected":false},"excerpt":{"rendered":"Si algo echar\u00e1 especialmente de menos Luis Magdaleno cuando se jubile es \u00abver esos amaneceres, las luces tan&hellip;\n","protected":false},"author":2,"featured_media":618165,"comment_status":"","ping_status":"","sticky":false,"template":"","format":"standard","meta":{"footnotes":""},"categories":[173],"tags":[51288,229,233,231,230,5716,10859,232,63628,234,146,147,25,24,699,13163,3528,11506,9218,23],"class_list":["post-618164","post","type-post","status-publish","format-standard","has-post-thumbnail","category-arte-y-diseno","tag-acuarelas","tag-arte","tag-arte-y-diseno","tag-arts","tag-arts-and-design","tag-campo","tag-cuarto","tag-design","tag-dibuja","tag-diseno","tag-entertainment","tag-entretenimiento","tag-es","tag-espana","tag-grande","tag-guardian","tag-oasis","tag-paz","tag-siglo","tag-spain"],"share_on_mastodon":{"url":"https:\/\/pubeurope.com\/@es\/116786984692216765","error":""},"_links":{"self":[{"href":"https:\/\/www.europesays.com\/es\/wp-json\/wp\/v2\/posts\/618164","targetHints":{"allow":["GET"]}}],"collection":[{"href":"https:\/\/www.europesays.com\/es\/wp-json\/wp\/v2\/posts"}],"about":[{"href":"https:\/\/www.europesays.com\/es\/wp-json\/wp\/v2\/types\/post"}],"author":[{"embeddable":true,"href":"https:\/\/www.europesays.com\/es\/wp-json\/wp\/v2\/users\/2"}],"replies":[{"embeddable":true,"href":"https:\/\/www.europesays.com\/es\/wp-json\/wp\/v2\/comments?post=618164"}],"version-history":[{"count":0,"href":"https:\/\/www.europesays.com\/es\/wp-json\/wp\/v2\/posts\/618164\/revisions"}],"wp:featuredmedia":[{"embeddable":true,"href":"https:\/\/www.europesays.com\/es\/wp-json\/wp\/v2\/media\/618165"}],"wp:attachment":[{"href":"https:\/\/www.europesays.com\/es\/wp-json\/wp\/v2\/media?parent=618164"}],"wp:term":[{"taxonomy":"category","embeddable":true,"href":"https:\/\/www.europesays.com\/es\/wp-json\/wp\/v2\/categories?post=618164"},{"taxonomy":"post_tag","embeddable":true,"href":"https:\/\/www.europesays.com\/es\/wp-json\/wp\/v2\/tags?post=618164"}],"curies":[{"name":"wp","href":"https:\/\/api.w.org\/{rel}","templated":true}]}}