{"id":618224,"date":"2026-06-21T08:34:13","date_gmt":"2026-06-21T08:34:13","guid":{"rendered":"https:\/\/www.europesays.com\/es\/618224\/"},"modified":"2026-06-21T08:34:13","modified_gmt":"2026-06-21T08:34:13","slug":"los-coaches-de-la-voz-kids-cierran-sus-equipos-definitivos-tras-una-noche-de-maxima-tension","status":"publish","type":"post","link":"https:\/\/www.europesays.com\/es\/618224\/","title":{"rendered":"Los coaches de \u00abLa Voz Kids\u00bb cierran sus equipos definitivos tras una noche de m\u00e1xima tensi\u00f3n"},"content":{"rendered":"<p>Los sillones de los coaches de <a title=\"&quot;La Voz Kids&quot;\" href=\"https:\/\/www.larazon.es\/television\/programas\/voz-kids-triunfa-mas-visto-noche-sabado_202605316a1c0dfecb17881aa26455e2.html\" target=\"_blank\" rel=\"nofollow noopener\">\u00abLa Voz Kids\u00bb<\/a>, el concurso musical de <a title=\"Antena 3\" href=\"https:\/\/www.larazon.es\/tags\/antena-3-1\" target=\"_blank\" rel=\"nofollow noopener\">Antena 3<\/a>, han vivido la noche m\u00e1s dif\u00edcil de toda la edici\u00f3n en su horario estelar. <b>Los cuatro artistas al frente de los equipos afrontaron la gesti\u00f3n de los descartes t\u00e9cnicos durante la gala de la Gran Batalla, <\/b>un proceso que oblig\u00f3 a reducir las formaciones de catorce a siete componentes por bando. La noche estuvo marcada por la llegada oficial de los asesores <a title=\"Melody, Anto\u00f1ito Molina, Leire Mart\u00ednez y Becky G\" href=\"https:\/\/www.larazon.es\/television\/programas\/melody-leire-martinez-antonito-molina-becky-nuevos-asesores-este-sabado-voz-kids_202606186a33d2178774b34d61e25191.html\" target=\"_blank\" rel=\"nofollow noopener\">Melody, Anto\u00f1ito Molina, Leire Mart\u00ednez y Becky G<\/a>, quienes asumieron la responsabilidad de orientar los veredictos en los camerinos tras la conclusi\u00f3n de los n\u00fameros musicales en directo.<\/p>\n<p>La andadura del bloque coordinado por <a title=\"Edurne\" href=\"https:\/\/www.larazon.es\/tags\/edurne\/\" target=\"_blank\" rel=\"nofollow noopener\">Edurne<\/a> dej\u00f3 el hito m\u00e1s complejo de la velada al coordinar una presentaci\u00f3n simult\u00e1nea con diez ni\u00f1os en el plat\u00f3. La propuesta uni\u00f3 las voces de los concursantes con la instrumentaci\u00f3n en vivo de la banda Skabum, una iniciativa de la cantante madrile\u00f1a que gener\u00f3 problemas de acoplamiento y ritmo durante los ensayos en los talleres musicales. La situaci\u00f3n se recondujo en la fase definitiva gracias a las indicaciones manuales de la propia <a title=\"Edurne\" href=\"https:\/\/www.larazon.es\/tags\/edurne\/\" target=\"_blank\" rel=\"nofollow noopener\">Edurne<\/a> desde su asiento, permitiendo que el n\u00famero musical de Bruno Mars terminara con un rotundo \u00e9xito.<\/p>\n<p>La criba en el equipo de <a title=\"Edurne\" href=\"https:\/\/www.larazon.es\/tags\/edurne\/\" target=\"_blank\" rel=\"nofollow noopener\">Edurne<\/a> y Leire Mart\u00ednez concluy\u00f3 con la entrega de las siete plazas oficiales para la fase de los Asaltos. Las j\u00f3venes promesas elegidas para continuar en el programa fueron <b>Luc\u00eda, Sof\u00eda, Sara, Valeria, Martina, M\u00eda y la citada agrupaci\u00f3n instrumental Skabum. <\/b>Por su parte, el sector andaluz liderado por <a title=\"Antonio Orozco\" href=\"https:\/\/www.larazon.es\/tags\/antonio-orozco\/\" target=\"_blank\" rel=\"nofollow noopener\">Antonio Orozco<\/a> resolvi\u00f3 sus descartes bajo criterios de sensibilidad y ra\u00edz mel\u00f3dica en las grabaciones. Con la ayuda de Anto\u00f1ito Molina, el coach formaliz\u00f3 la lista de sus siete apuestas definitivas integrando a <b>Celia Le\u00f3n, Tom\u00e1s, Leire, Diego, Isabel, Eduardo y Luc\u00eda.<\/b><\/p>\n<p>Las batallas del int\u00e9rprete puertorrique\u00f1o <a title=\"Luis Fonsi\" href=\"https:\/\/www.larazon.es\/tags\/luis-fonsi\/\" target=\"_blank\" rel=\"nofollow noopener\">Luis Fonsi<\/a> brillaron de igual modo en una noche marcada por actuaciones llenas de sensibilidad y energ\u00eda. Con la mediaci\u00f3n de Melody en los vestuarios, el coach decidi\u00f3 seguir adelante con<b> Erick, Evolett, Valery, Mila, Enzo, Daniel y Lola,<\/b> destacando el compa\u00f1erismo mostrado por las peque\u00f1as voces tras tres rondas que dejaron sin palabras al jurado. Esta selecci\u00f3n de voces representar\u00e1 a la delegaci\u00f3n del artista internacional en la siguiente fase eliminatoria de la parrilla de televisi\u00f3n.<\/p>\n<p>La n\u00f3mina de clasificados la complet\u00f3 la vocalista <a title=\"Ana Mena\" href=\"https:\/\/www.larazon.es\/tags\/ana-mena\/\" target=\"_blank\" rel=\"nofollow noopener\">Ana Mena<\/a> al sellar junto a Becky G una delegaci\u00f3n caracterizada por la pluralidad de registros y la capacidad de transformaci\u00f3n en la arena del concurso. Las plazas asignadas para defender su continuidad correspondieron a<b> Deyerid, Sol, Marta, Marco, Leo, Lola y Triana, <\/b>configurando un elenco variado y lleno de diversidad que buscar\u00e1 sorprender en los pr\u00f3ximos desaf\u00edos l\u00fadicos de la pantalla. Las dos coaches demostraron una enorme complicidad durante los ensayos al ver crecer a sus participantes sobre el escenario.<\/p>\n<p><b>Las planificaciones de la cadena fijan la continuidad del formato para la noche del pr\u00f3ximo s\u00e1bado a las 22:00 horas con el estreno de los Asaltos.<\/b> Esta nueva velada se presenta como un examen de resistencia que situar\u00e1 tanto a los coaches como a los asesores al l\u00edmite de los nervios ante las exigencias de los talents, quienes cantar\u00e1n de uno en uno para demostrar que han nacido para estar en un escenario. De este programa saldr\u00e1n elegidos los primeros semifinalistas oficiales de la presente edici\u00f3n.<\/p>\n","protected":false},"excerpt":{"rendered":"Los sillones de los coaches de \u00abLa Voz Kids\u00bb, el concurso musical de Antena 3, han vivido la&hellip;\n","protected":false},"author":2,"featured_media":618225,"comment_status":"","ping_status":"","sticky":false,"template":"","format":"standard","meta":{"footnotes":""},"categories":[171],"tags":[22249,4040,47096,151,16836,146,147,25,24,2764,31015,36729,39889,25474,23,807,214],"class_list":["post-618224","post","type-post","status-publish","format-standard","has-post-thumbnail","category-tv","tag-ana-mena","tag-antena-3","tag-antonio-orozco","tag-atresmedia","tag-edurne","tag-entertainment","tag-entretenimiento","tag-es","tag-espana","tag-eva-gonzalez","tag-la-voz","tag-leire-martinez","tag-luis-fonsi","tag-melody","tag-spain","tag-television","tag-tv"],"share_on_mastodon":{"url":"https:\/\/pubeurope.com\/@es\/116787181374478085","error":""},"_links":{"self":[{"href":"https:\/\/www.europesays.com\/es\/wp-json\/wp\/v2\/posts\/618224","targetHints":{"allow":["GET"]}}],"collection":[{"href":"https:\/\/www.europesays.com\/es\/wp-json\/wp\/v2\/posts"}],"about":[{"href":"https:\/\/www.europesays.com\/es\/wp-json\/wp\/v2\/types\/post"}],"author":[{"embeddable":true,"href":"https:\/\/www.europesays.com\/es\/wp-json\/wp\/v2\/users\/2"}],"replies":[{"embeddable":true,"href":"https:\/\/www.europesays.com\/es\/wp-json\/wp\/v2\/comments?post=618224"}],"version-history":[{"count":0,"href":"https:\/\/www.europesays.com\/es\/wp-json\/wp\/v2\/posts\/618224\/revisions"}],"wp:featuredmedia":[{"embeddable":true,"href":"https:\/\/www.europesays.com\/es\/wp-json\/wp\/v2\/media\/618225"}],"wp:attachment":[{"href":"https:\/\/www.europesays.com\/es\/wp-json\/wp\/v2\/media?parent=618224"}],"wp:term":[{"taxonomy":"category","embeddable":true,"href":"https:\/\/www.europesays.com\/es\/wp-json\/wp\/v2\/categories?post=618224"},{"taxonomy":"post_tag","embeddable":true,"href":"https:\/\/www.europesays.com\/es\/wp-json\/wp\/v2\/tags?post=618224"}],"curies":[{"name":"wp","href":"https:\/\/api.w.org\/{rel}","templated":true}]}}