{"id":618312,"date":"2026-06-21T09:46:18","date_gmt":"2026-06-21T09:46:18","guid":{"rendered":"https:\/\/www.europesays.com\/es\/618312\/"},"modified":"2026-06-21T09:46:18","modified_gmt":"2026-06-21T09:46:18","slug":"nafti-tras-quedarse-sin-ascenso-ante-el-celta-fortuna-el-golpe-es-muy-duro-la-voz-de-galicia","status":"publish","type":"post","link":"https:\/\/www.europesays.com\/es\/618312\/","title":{"rendered":"Nafti, tras quedarse sin ascenso ante el Celta Fortuna: \u00abEl golpe es muy duro\u00bb &#8211; La Voz de Galicia"},"content":{"rendered":"<ol>\n<li><a href=\"https:\/\/news.google.com\/rss\/articles\/CBMi2wFBVV95cUxQWS1YUjdRZzQ1ODhfX05CWnRBeVo1NVJ5M1U4c2xMbUxmc2NsdExyTEtRRUdFWVczWWZzZkl3QUc1NnUzRVdPUmlKLWFaN05RMlBFQVhzblZxQlVvZzZHdGlrcGlTYkVBN0VHXzMwOFpuTU9xT1NFZW51Y3hLN2xGa0xETm54Ni16RXFXVUs4ZXlDcEdNWWpDWjhGMXNVcVFHOEtieHZsbGhJM0Qxb3VpelNYME5jbXRtbmdWb0VJZDFvcVF6bUsxS1I3VlRqT3NYTjROZEtTWm54N03SAfcBQVVfeXFMT0lzdGRTY0hRSHRHVHJKYTd0ZVktMkdqN2lZMm1zcVh1SUNQNG45VEt3UVYyNkgtNnJmUFYxU19Sd1ZvbUY1bzlQSFNjc0UxYmdwNlJmeU1tOGdqTkdONzZrM0dVbWRydHIyT1hJMXFsa0EzUFJEUkpiZ2l1YVZzV0xFRHlmX2JxUG9rMHV0RzRzMzctVEhOU0ltRXJmTzBOdklUSUlvUVVjRXFDMlFjMGd2SlZIQVd2V3pxbkpaT3o0TkhBZ3hDUFFQNEEtVDd5R0g0MHppRUNzM09id01WMEtKajZqUUxJWW91ckVfSTVtVjVpU3BKdw?oc=5\" target=\"_blank\" rel=\"nofollow noopener\">Nafti, tras quedarse sin ascenso ante el Celta Fortuna: \u00abEl golpe es muy duro\u00bb<\/a>&nbsp;&nbsp;La Voz de Galicia<\/li>\n<li><a href=\"https:\/\/news.google.com\/rss\/articles\/CBMigwFBVV95cUxOOTlnb3YzQWFyWktqTEtmQndCS1FQZXVMLVgwemlGbmNfVkZVa0JWeDI4SE10U09GdjE4WXdMbHFnX0FyaTdmWmFJa0VhZUI4Q0Vsa1NTQjRoRmZfOWttYkdScXk2cFlXN2VBQlJlU1JuaDlfUTJiZUVfUF9VMWxaRy1mc9IBiAFBVV95cUxNVVRPT2pNM1FMTkFycHRWcWlOS0NwM3NUM19HR0VZRHN4dlp6QUVTckJfTHZ1a2FtYzNBMHEyQnJpN3FvYlVpemluNzFNU1FBUUV4VmZkUVl3MC1WRUJJamxheHEtY05jM0ZzZS1WOFZHRkd5UjBlS2NJUmhZZTlRUUNXeWVCelNr?oc=5\" target=\"_blank\" rel=\"nofollow noopener\">Mehdi Nafti, entrenador de la Ponferradina \u00abNo se si seguir\u00e9. Ya lo sabr\u00e9is a su debida hora\u00bb<\/a>&nbsp;&nbsp;Diario de Le\u00f3n<\/li>\n<li><a href=\"https:\/\/news.google.com\/rss\/articles\/CBMilgFBVV95cUxORkJUd0VzWHJZWWtmWXpNenBQaEFlbTI0aHplUXNpUzZFUjZBRWlYYTBzdm9FZzVTamNtc2VRWmtuS1hOV3hWWGNLS2l6bElYWXlqZ09Zd1E3dU5JMzYteU5jb043UmhYNHdoYXIxMGR4Vy1rX0ZoT3JrM28zY2lRcFpZYTRzb0lRNjJWeE9wdkpOU3VzbHc?oc=5\" target=\"_blank\" rel=\"nofollow noopener\">Mehdi Nafti: \u00abHa sido un querer y no poder\u00bb<\/a>&nbsp;&nbsp;La Nueva Cr\u00f3nica<\/li>\n<li><a href=\"https:\/\/news.google.com\/rss\/articles\/CBMisAFBVV95cUxPWjk2aW9rTkR0UXFvbHR0WDZMb3M5bTZlQWRCaHJBT1NZYnNIZmd5dHJER1NDNnRBVnQwaUpjVk5KMG1nX0QtdHJHanFlWUs3SXpGdm55anVXS1RzRXpGbmNEcXNSeGY5dHZqX05Mb3cxNVVEUnA1b0dnZ0xDazQwbnUtdnFWNUtfU3dWaTctbzlTWnRrM1JQX3N1QkpiU0pEYk5iaGJEd3JWQ0k0N19EbtIBtgFBVV95cUxPakhGRGhoeEpOWG1hQ1hIRW5uaDZKOGNSNHUwb1VEQ2FKRXotYnAyXzNDTEY3d2t6NkR4NEEtUHhSaVJOekdaTG9CV0pnRDNpbWxlV0RIQXJqVm9PcXZXRjZDdVZrS0lfcXYtQW1jeGlmaFZqZ1B4bkVNVzBzVGNnVGsxN2lVakZhZW9XSG5EZ1RadEtodGVMcWp4aEZIUE56WUstNzZZVVVjWS1sckF4c0xYajV4QQ?oc=5\" target=\"_blank\" rel=\"nofollow noopener\">Nafti no aclara su futuro en la Ponferradina: \u00abEn fr\u00edo analizaremos en los pr\u00f3ximos d\u00edas\u00bb<\/a>&nbsp;&nbsp;Info Bierzo<\/li>\n<li><a href=\"https:\/\/news.google.com\/rss\/articles\/CBMixAFBVV95cUxPV2t0R3NqbS16X0trSEdJTFBYZW9hZUI3cXhkOGg5R0dwZVF2MXEzN2lOV0pCZkFiNnY4NnN4dEs5b1lLLThYeU1NbHB4d2lMcTVFeXlrb09TSUNaOTB2b1ppY2k4QXh1MEJCS25QcGFSUlJxWUhKUE1nd2sxUjVYYlV3UVBMUGVtOXh2Q1NXbXdDWDlOa2dGYV80eVBZbHUxSU5wdk8yQUR6OE1HYmhfNk8yQ2g4LWZZRWNFSmRKckV3dU5y?oc=5\" target=\"_blank\" rel=\"nofollow noopener\">Nafti: \u00abFelicitar al rival por el ascenso. A nosotros solo nos queda tragar y tragar\u00bb<\/a>&nbsp;&nbsp;OneFootball<\/li>\n<\/ol>\n","protected":false},"excerpt":{"rendered":"Nafti, tras quedarse sin ascenso ante el Celta Fortuna: \u00abEl golpe es muy duro\u00bb&nbsp;&nbsp;La Voz de Galicia Mehdi&hellip;\n","protected":false},"author":2,"featured_media":618313,"comment_status":"","ping_status":"","sticky":false,"template":"","format":"standard","meta":{"footnotes":""},"categories":[93],"tags":[38498,290,38499,168,25,24,23,167],"class_list":["post-618312","post","type-post","status-publish","format-standard","has-post-thumbnail","category-deportes","tag-cantera-celta","tag-celta","tag-celta-b","tag-deportes","tag-es","tag-espana","tag-spain","tag-sports"],"share_on_mastodon":{"url":"https:\/\/pubeurope.com\/@es\/116787464981880939","error":""},"_links":{"self":[{"href":"https:\/\/www.europesays.com\/es\/wp-json\/wp\/v2\/posts\/618312","targetHints":{"allow":["GET"]}}],"collection":[{"href":"https:\/\/www.europesays.com\/es\/wp-json\/wp\/v2\/posts"}],"about":[{"href":"https:\/\/www.europesays.com\/es\/wp-json\/wp\/v2\/types\/post"}],"author":[{"embeddable":true,"href":"https:\/\/www.europesays.com\/es\/wp-json\/wp\/v2\/users\/2"}],"replies":[{"embeddable":true,"href":"https:\/\/www.europesays.com\/es\/wp-json\/wp\/v2\/comments?post=618312"}],"version-history":[{"count":0,"href":"https:\/\/www.europesays.com\/es\/wp-json\/wp\/v2\/posts\/618312\/revisions"}],"wp:featuredmedia":[{"embeddable":true,"href":"https:\/\/www.europesays.com\/es\/wp-json\/wp\/v2\/media\/618313"}],"wp:attachment":[{"href":"https:\/\/www.europesays.com\/es\/wp-json\/wp\/v2\/media?parent=618312"}],"wp:term":[{"taxonomy":"category","embeddable":true,"href":"https:\/\/www.europesays.com\/es\/wp-json\/wp\/v2\/categories?post=618312"},{"taxonomy":"post_tag","embeddable":true,"href":"https:\/\/www.europesays.com\/es\/wp-json\/wp\/v2\/tags?post=618312"}],"curies":[{"name":"wp","href":"https:\/\/api.w.org\/{rel}","templated":true}]}}