{"id":618545,"date":"2026-06-21T12:53:12","date_gmt":"2026-06-21T12:53:12","guid":{"rendered":"https:\/\/www.europesays.com\/es\/618545\/"},"modified":"2026-06-21T12:53:12","modified_gmt":"2026-06-21T12:53:12","slug":"cada-vez-lanzan-menos-series-espanolas-las-plataformas","status":"publish","type":"post","link":"https:\/\/www.europesays.com\/es\/618545\/","title":{"rendered":"\u00bfCada vez lanzan menos series espa\u00f1olas las plataformas?"},"content":{"rendered":"<p class=\"c-paragraph\">Hay una sensaci\u00f3n general de que<b> las plataformas de streaming est\u00e1n lanzando menos producci\u00f3n local propia<\/b>, \u00bfse corresponde esta afirmaci\u00f3n con la realidad? En parte s\u00ed, y eso que queda mucho por delante. Vamos a desgranar la cuesti\u00f3n con datos relevantes.<\/p>\n<p class=\"c-paragraph\">Tras alcanzar un pico hist\u00f3rico en 2024 con cerca de 68 estrenos, las principales plataformas globales como Disney Plus, Netflix, Max (ya renombrada HBO Max) o Prime Video han reducido la cantidad de producciones originales y han recortado los presupuestos para series de gama alta. Y ya empieza a notarse con un goteo m\u00e1s espaciado de estrenos de series espa\u00f1olas.<\/p>\n<p class=\"c-paragraph\"><b>El reducto de la producci\u00f3n nacional es (por ahora) Movistar Plus, Atresplayer y SkyShowtime<\/b>, si bien esto es algo que podr\u00eda cambiar a corto plazo.\u00a0<\/p>\n<p class=\"c-paragraph\">Durante cerca de una d\u00e9cada, Movistar ha estado desarrollando una estrategia enfocada en series espa\u00f1olas de prestigio con m\u00e1s de 40 estrenos: arranc\u00f3 en 2017 con La zona y ha contado con verdaderos pepinazos como La peste, Arde Madrid, Hierro, La l\u00ednea invisible, Antidisturbios, La unidad, El inmortal, Apag\u00f3n, Marbella, Poquita fe, Querer, Los a\u00f1os nuevos&#8230; Enfoque multig\u00e9nero, centrado en visiones de autor y con la calidad por bandera, reclutando lo m\u00e1s florido de la interpretaci\u00f3n patria.<\/p>\n<p class=\"c-paragraph\">Este peque\u00f1o oasis creativo podr\u00eda estar en peligro inminente, como ya empez\u00f3 a entreverse con el cese de Domingo Corral como responsable de ficci\u00f3n y entretenimiento de Movistar Plus por parte del consejo de administraci\u00f3n de Telef\u00f3nica en 2025. Este movimiento\u00a0fue muy criticado en el sector y el origen de una carta donde m\u00e1s de 150 profesionales de la industria, entre ellos Javier Bardem, Pedro Almod\u00f3var, Pen\u00e9lope Cruz o Rodrigo Sorogoyen, apoyaban el desempe\u00f1o de Domingo Corral en el cargo y expresaban su preocupaci\u00f3n por el futuro.<\/p>\n<p class=\"c-paragraph\">Veremos c\u00f3mo se siguen desarrollando los acontecimientos, pero de momento, esto ha tra\u00eddo consigo un efecto domin\u00f3: Fran Ara\u00fajo, que abandon\u00f3 su cargo como productor ejecutivo y fue uno de los grandes responsables del auge del departamento de ficci\u00f3n original y\u00a0Guillermo Farr\u00e9, hasta ahora responsable del \u00e1rea de cine original y cine espa\u00f1ol de la compa\u00f1\u00eda han sigo las siguientes piezas en caer, lo que no dibuja un futuro muy halag\u00fae\u00f1o&#8230;\u00a0<\/p>\n<p class=\"c-paragraph\">Tengamos en cuenta que muchas de las series exitosas que han sido lanzadas en estos a\u00f1os han sido creadas por cineastas de renombre y cine y televisi\u00f3n han sido vasos comunicantes.<\/p>\n<p class=\"c-paragraph\">HBO Max tambi\u00e9n acus\u00f3 la p\u00e9rdida de Miguel Salvat como\u00a0Director de Producci\u00f3n Original y Ficci\u00f3n de HBO Espa\u00f1a si tenemos en cuenta que dio luz verde a proyectos tan apasionantes y celebrados como Patria, 30 monedas, \u00a1Garc\u00eda! o Pobre diablo. Qu\u00e9 duda cabe que los proyectos son fruto de equipos creativos guiados por personas capaces y si ausencia, se nota.\u00a0<\/p>\n<p class=\"c-paragraph\">En fin, si recuperamos la foto global, por una parte estamos viendo una <b>estabilizaci\u00f3n del mercado del streaming que conlleva una ralentizaci\u00f3n de estrenos: se priorizan la calidad y la garant\u00eda de \u00e9xito (encargando nuevas temporadas de t\u00edtulos que se sabe que funcionan bien) antes que la novedad y la cantidad, que siempre conlleva m\u00e1s esfuerzo y riesgo econ\u00f3mico<\/b>. La cuesti\u00f3n es si el balance es equilibrado y el mercado no entra en bucle, como le ha venido pasando al cine con una sobreexplotaci\u00f3n preocupante. Repetir f\u00f3rmulas agota.<\/p>\n<p class=\"c-paragraph\">Por otra parte, <b>el mercado de la series que se emiten en abierto sigue siendo muy potente<\/b>. Puede que el enfoque sea muy distinto, con productos pensados para audiencias menos segmentadas y producciones que van m\u00e1s \u00aba salto de mata\u00bb pensando en la longevidad y atrapar a las audiencias, pero est\u00e1 claro que sigue siendo una competencia directa que detrae recursos y atenci\u00f3n de los espectadores.<\/p>\n<p class=\"c-paragraph\">Lo que ahora es una ligera reducci\u00f3n de estrenos, probablemente se convertir\u00e1 con el paso del tiempo en una visible desaceleraci\u00f3n y es una verdadera pena si tenemos en cuenta las capacidades demostradas por los profesionales de la industria, delante y detr\u00e1s de las c\u00e1maras. Con suerte se reabsorber\u00e1 el talento y seguiremos disfrutando de sus obras, sea en una u otra casa.<\/p>\n","protected":false},"excerpt":{"rendered":"Hay una sensaci\u00f3n general de que las plataformas de streaming est\u00e1n lanzando menos producci\u00f3n local propia, \u00bfse corresponde&hellip;\n","protected":false},"author":2,"featured_media":618546,"comment_status":"","ping_status":"","sticky":false,"template":"","format":"standard","meta":{"footnotes":""},"categories":[171],"tags":[78561,29148,146,147,25,24,16599,7773,805,23,214,1079],"class_list":["post-618545","post","type-post","status-publish","format-standard","has-post-thumbnail","category-tv","tag-api_atenea","tag-cada","tag-entertainment","tag-entretenimiento","tag-es","tag-espana","tag-lanzan","tag-menos","tag-series","tag-spain","tag-tv","tag-vez"],"share_on_mastodon":{"url":"https:\/\/pubeurope.com\/@es\/116788199873906887","error":""},"_links":{"self":[{"href":"https:\/\/www.europesays.com\/es\/wp-json\/wp\/v2\/posts\/618545","targetHints":{"allow":["GET"]}}],"collection":[{"href":"https:\/\/www.europesays.com\/es\/wp-json\/wp\/v2\/posts"}],"about":[{"href":"https:\/\/www.europesays.com\/es\/wp-json\/wp\/v2\/types\/post"}],"author":[{"embeddable":true,"href":"https:\/\/www.europesays.com\/es\/wp-json\/wp\/v2\/users\/2"}],"replies":[{"embeddable":true,"href":"https:\/\/www.europesays.com\/es\/wp-json\/wp\/v2\/comments?post=618545"}],"version-history":[{"count":0,"href":"https:\/\/www.europesays.com\/es\/wp-json\/wp\/v2\/posts\/618545\/revisions"}],"wp:featuredmedia":[{"embeddable":true,"href":"https:\/\/www.europesays.com\/es\/wp-json\/wp\/v2\/media\/618546"}],"wp:attachment":[{"href":"https:\/\/www.europesays.com\/es\/wp-json\/wp\/v2\/media?parent=618545"}],"wp:term":[{"taxonomy":"category","embeddable":true,"href":"https:\/\/www.europesays.com\/es\/wp-json\/wp\/v2\/categories?post=618545"},{"taxonomy":"post_tag","embeddable":true,"href":"https:\/\/www.europesays.com\/es\/wp-json\/wp\/v2\/tags?post=618545"}],"curies":[{"name":"wp","href":"https:\/\/api.w.org\/{rel}","templated":true}]}}