{"id":618731,"date":"2026-06-21T15:16:18","date_gmt":"2026-06-21T15:16:18","guid":{"rendered":"https:\/\/www.europesays.com\/es\/618731\/"},"modified":"2026-06-21T15:16:18","modified_gmt":"2026-06-21T15:16:18","slug":"k-k-downing-sobre-una-posible-reunion-con-judas-priest-la-edad-es-un-factor-importante-para-todos-nosotros","status":"publish","type":"post","link":"https:\/\/www.europesays.com\/es\/618731\/","title":{"rendered":"K.K. Downing, sobre una posible reuni\u00f3n con Judas Priest: \u00abLa edad es un factor importante para todos nosotros\u00bb"},"content":{"rendered":"<p>Dejemos las cosas claras: <strong>K.K.<\/strong> est\u00e1 deseando volver a <strong>Judas<\/strong>. O, por lo menos, reunirse con ellos, tocar ante masas desatadas y sentir de nuevo esa sensaci\u00f3n que hace tiempo que ya perdi\u00f3 (y es que, seamos sinceros: no es la misma la capacidad de convocatoria de su proyecto en solitario que la de su otrora banda).<\/p>\n<p>El gusanillo volvi\u00f3 a resurgir cuando comparti\u00f3 con ellos la ceremonia de inducci\u00f3n en el <strong>Rock and Roll Hall of Fame<\/strong> del a\u00f1o 2022. As\u00ed recuerda el acontecimiento el guitarrista en una reciente entrevista publicada en el canal de YouTube Are You Ready: \u201cTras haber estado ah\u00ed, experimentado el Rock and Roll Hall of Fame y toda su grandilocuente producci\u00f3n, el escenario y todo eso, debo decir que la experiencia fue genial. Es genial tener ese reconocimiento y es algo a lo que aferrarse, dado que cuando te acercas a un determinado momento de tu vida, creo que es algo \u00fanico\u2026 Creo que solo Black Sabbath y Judas Priest son las \u00fanicas bandas ca\u00f1eras de metal que han incluido en el Rock and Roll Hall of Fame, as\u00ed que espero que ahora puedan allanar el camino para muchas otras bandas que merecen ser inducidas. (\u2026) As\u00ed que espero que, con suerte, podamos ver ah\u00ed a Accept, Saxon y muchas otras bandas metaleras que hemos amado y con las que hemos crecido\u201d.<\/p>\n<p><a target=\"_blank\" href=\"https:\/\/www.europesays.com\/es\/wp-content\/uploads\/2026\/06\/judas-priest-con-kk-downing-2022.jpg\"><img fetchpriority=\"high\" decoding=\"async\" class=\"aligncenter size-full wp-image-279078\" src=\"https:\/\/www.europesays.com\/es\/wp-content\/uploads\/2026\/06\/judas-priest-con-kk-downing-2022.jpg\" alt=\"\" width=\"700\" height=\"455\"  \/><\/a><\/p>\n<p>La siguiente pregunta era m\u00e1s que evidente. Entonces\u2026 <strong>\u00bfte gustar\u00eda volver a subirte al escenario con <a href=\"https:\/\/judaspriest.com\/\" target=\"_blank\" rel=\"noopener nofollow\">Judas Priest<\/a>?<\/strong> Downing ve la cosa bastante negra, pero vaya, con sus palabras confirma que el gusanillo sigue ah\u00ed: \u201cBueno, estamos en un momento en el que la edad es un factor importante para todos nosotros. En este momento, desafortunadamente, Glenn [Tipton] no podr\u00eda participar. Creo que Rob [Halford], Ian [Hill], Scott [Travis] y yo estamos bien, pero no te sabr\u00eda decir. S\u00e9 que Rob ha tenido algunos problemas con el c\u00e1ncer, pero creo que ya est\u00e1 bien. Creo que se nos est\u00e1 acabando el tiempo. Pero dir\u00eda que ahora mismo, desafortunadamente, Rob, Ian y el resto de chicos de Judas Priest, absolutamente, no es lo que quieren. Y en esas estamos\u201d.<\/p>\n<p>Como todos sab\u00e9is, Downing se march\u00f3 de Judas Priest en el a\u00f1o 2011 aludiendo problemas con la banda, con su gesti\u00f3n y a una calidad de sus directos \u201cdecadente\u201d. A pesar de estas sensaciones, ocho a\u00f1os despu\u00e9s, a las puertas del 50\u00ba aniversario de la banda, K.K. les escribi\u00f3 para plantearles formar parte de tama\u00f1a efem\u00e9ride, sugerencia que declinaron educadamente. \u00bfCu\u00e1les son vuestras sensaciones? \u00bfOs gustar\u00eda que se produjera la reuni\u00f3n? \u00bfPrefer\u00eds que la vida siga? \u00a1Os leemos!<\/p>\n<p>Judas Priest: regreso a Espa\u00f1a y a La Heavy 482<\/p>\n<p><strong>Judas Priest<\/strong> es, precisamente, uno de los combos protagonistas del <a href=\"https:\/\/mariskalrock.com\/actualidad\/la-heavy-482-ya-a-la-venta-con-deep-purple-en-portada-junto-a-iron-maiden-judas-priest-within-temptation-y-limp-bizkit\/\" target=\"_blank\" rel=\"noopener nofollow\"><strong>n\u00famero 482 de La Heavy<\/strong><\/a>, ya disponible en todos los quioscos y <a href=\"https:\/\/tienda.mariskalrock.com\/producto\/la-heavy-482-ya-a-la-venta-con-deep-purple-en-portada-junto-a-iron-maiden-judas-priest-within-temptation-y-limp-bizkit\/\" target=\"_blank\" rel=\"noopener nofollow\"><strong>en nuestra tienda online (por 6 \u20ac con env\u00edo incluido)<\/strong><\/a>. Departimos largo y tendido con el hist\u00f3rico bajista Ian Hill, quien nos adelanta los siguientes pasos de los brit\u00e1nicos.<\/p>\n<p><a target=\"_blank\" href=\"https:\/\/www.europesays.com\/es\/wp-content\/uploads\/2026\/06\/la-heavy-482-FB-6.webp\"><img loading=\"lazy\" decoding=\"async\" class=\"aligncenter size-full wp-image-405621\" src=\"https:\/\/www.europesays.com\/es\/wp-content\/uploads\/2026\/06\/la-heavy-482-FB-6.webp\" alt=\"\" width=\"600\" height=\"338\"  \/><\/a><\/p>\n<p>Entre ellos, como ya sab\u00e9is, sus inminentes conciertos en nuestro pa\u00eds en el marco de la gira <strong>Faithkeepers<\/strong>: el <strong>18 de agosto en el Navarra Arena de Pamplona y el 20 de agosto en el Roig Arena de Valencia<\/strong>, con los mism\u00edsimos <strong>Airbourne<\/strong> y <strong>Udo Dirkschneider<\/strong> (celebrando el ic\u00f3nico \u2018Balls to the Wall\u2019 de Accept) como acompa\u00f1antes. Las entradas est\u00e1n <a href=\"https:\/\/www.madnesslive.es\/es\/pagina\/343-judas-priest-junto-a-airbourne-y-dirkschneider-en-agosto-de-2026-en-pamplona-y-valencia\" target=\"_blank\" rel=\"noopener nofollow\"><strong>a la venta en este enlace<\/strong><\/a>.<\/p>\n<p><a target=\"_blank\" href=\"https:\/\/www.europesays.com\/es\/wp-content\/uploads\/2026\/06\/judas-priest-espana-2026-web.jpg\"><img loading=\"lazy\" decoding=\"async\" class=\"aligncenter size-full wp-image-379430\" src=\"https:\/\/www.europesays.com\/es\/wp-content\/uploads\/2026\/06\/judas-priest-espana-2026-web.jpg\" alt=\"\" width=\"497\" height=\"700\"  \/><\/a><\/p>\n<p>                         <a target=\"_blank\" href=\"http:\/\/\/\/mariskalrock.com\" class=\"url\" title=\"Redacci\u00f3n\" rel=\"nofollow\"> <img loading=\"lazy\" decoding=\"async\" alt=\"Redacci\u00f3n\" src=\"https:\/\/www.europesays.com\/es\/wp-content\/uploads\/2026\/06\/1782054978_985_5ee478bf2a98867b9a8d865f0c52fc8e47eb03788ee7ade55d6bc09765f95669.jpeg\"  class=\"avatar avatar-250 photo\" height=\"250\" width=\"250\"\/><\/a>  <a href=\"http:\/\/\/\/mariskalrock.com\" class=\"url\" target=\"_blank\" title=\"Redacci\u00f3n\" rel=\"nofollow\"><img loading=\"lazy\" decoding=\"async\" alt=\"Redacci\u00f3n\" src=\"https:\/\/www.europesays.com\/es\/wp-content\/uploads\/2026\/06\/1782054978_985_5ee478bf2a98867b9a8d865f0c52fc8e47eb03788ee7ade55d6bc09765f95669.jpeg\"  class=\"avatar avatar-250 photo\" height=\"250\" width=\"250\"\/><\/a>\u00daltimas entradas de Redacci\u00f3n (<a target=\"_blank\" href=\"https:\/\/mariskalrock.com\/author\/juanpi\/\" rel=\"nofollow noopener\">ver todo<\/a>)  <\/p>\n","protected":false},"excerpt":{"rendered":"Dejemos las cosas claras: K.K. est\u00e1 deseando volver a Judas. O, por lo menos, reunirse con ellos, tocar&hellip;\n","protected":false},"author":2,"featured_media":618732,"comment_status":"","ping_status":"","sticky":false,"template":"","format":"standard","meta":{"footnotes":""},"categories":[170],"tags":[63942,52321,146,147,25,24,115353,99657,79229,478,100153,55986,111191,4622,184,185,43200,89108,115354,23,68724,41265],"class_list":["post-618731","post","type-post","status-publish","format-standard","has-post-thumbnail","category-musica","tag-airbourne","tag-dirkschneider","tag-entertainment","tag-entretenimiento","tag-es","tag-espana","tag-faithkeepers","tag-glenn-tipton","tag-ian-hill","tag-judas-priest","tag-k-k-downing","tag-la-heavy","tag-la-heavy-482","tag-mr2022","tag-music","tag-musica","tag-rob-halford","tag-rock-and-roll-hall-of-fame","tag-scott-travis","tag-spain","tag-udo","tag-udo-dirkschneider"],"share_on_mastodon":{"url":"https:\/\/pubeurope.com\/@es\/116788762356878360","error":""},"_links":{"self":[{"href":"https:\/\/www.europesays.com\/es\/wp-json\/wp\/v2\/posts\/618731","targetHints":{"allow":["GET"]}}],"collection":[{"href":"https:\/\/www.europesays.com\/es\/wp-json\/wp\/v2\/posts"}],"about":[{"href":"https:\/\/www.europesays.com\/es\/wp-json\/wp\/v2\/types\/post"}],"author":[{"embeddable":true,"href":"https:\/\/www.europesays.com\/es\/wp-json\/wp\/v2\/users\/2"}],"replies":[{"embeddable":true,"href":"https:\/\/www.europesays.com\/es\/wp-json\/wp\/v2\/comments?post=618731"}],"version-history":[{"count":0,"href":"https:\/\/www.europesays.com\/es\/wp-json\/wp\/v2\/posts\/618731\/revisions"}],"wp:featuredmedia":[{"embeddable":true,"href":"https:\/\/www.europesays.com\/es\/wp-json\/wp\/v2\/media\/618732"}],"wp:attachment":[{"href":"https:\/\/www.europesays.com\/es\/wp-json\/wp\/v2\/media?parent=618731"}],"wp:term":[{"taxonomy":"category","embeddable":true,"href":"https:\/\/www.europesays.com\/es\/wp-json\/wp\/v2\/categories?post=618731"},{"taxonomy":"post_tag","embeddable":true,"href":"https:\/\/www.europesays.com\/es\/wp-json\/wp\/v2\/tags?post=618731"}],"curies":[{"name":"wp","href":"https:\/\/api.w.org\/{rel}","templated":true}]}}