{"id":618760,"date":"2026-06-21T15:36:20","date_gmt":"2026-06-21T15:36:20","guid":{"rendered":"https:\/\/www.europesays.com\/es\/618760\/"},"modified":"2026-06-21T15:36:20","modified_gmt":"2026-06-21T15:36:20","slug":"la-pequena-gran-belleza-el-pais-semanal","status":"publish","type":"post","link":"https:\/\/www.europesays.com\/es\/618760\/","title":{"rendered":"La peque\u00f1a gran belleza | EL PA\u00cdS Semanal"},"content":{"rendered":"<p class=\"\">Dec\u00eda Virginia Woolf que \u201cla mayor parte de la historia an\u00f3nima es la historia de las mujeres\u201d. La obra de<a href=\"https:\/\/elpais.com\/cultura\/2026-04-14\/robert-frank-richard-avedon-e-isabel-munoz-nombres-destacados-de-photoespana-2026.html\" target=\"_self\" rel=\"nofollow noopener\" title=\"https:\/\/elpais.com\/cultura\/2026-04-14\/robert-frank-richard-avedon-e-isabel-munoz-nombres-destacados-de-photoespana-2026.html\"> Belita Gracia (Le\u00f3n, 1924-Barcelona, 2026)<\/a> permaneci\u00f3 oculta durante toda su vida en \u00e1lbumes que guardaba en su casa de Barcelona. A los pocos meses de cumplir 101 a\u00f1os, gran parte de sus fotograf\u00edas salieron a la luz en una exposici\u00f3n en su tierra natal. El \u00faltimo d\u00eda de la exposici\u00f3n, Belita decidi\u00f3 marcharse, como si hubiera estado esperando a poder regalar toda esa memoria visual y hacerse eterna.<\/p>\n<p><img alt=\"\" decoding=\"auto\" class=\"_re lazyload a_m-h\" height=\"312\"  width=\"414\"  src=\"https:\/\/www.europesays.com\/es\/wp-content\/uploads\/2026\/06\/53ECBHMZNZC2ZJK26L5RV7BGNQ.jpg\" loading=\"lazy\" fetchpriority=\"low\"\/>Viaje en moto con Manuel Pla, mi marido. A\u00f1os cincuenta.Belita Gracia<\/p>\n<p class=\"\">La conoc\u00ed en el a\u00f1o 2023. Ella ten\u00eda 99 a\u00f1os.<\/p>\n<p class=\"\">Ese a\u00f1o me hab\u00eda empe\u00f1ado en sacar a la luz fot\u00f3grafas olvidadas en la provincia de Le\u00f3n. En esta b\u00fasqueda, me hablaron de Belita Gracia, hija, nieta y madre de fot\u00f3grafos. En nuestra primera conversaci\u00f3n me habl\u00f3 de la b\u00fasqueda de la belleza. Le ped\u00ed conversar m\u00e1s veces, conocerla e investigar su archivo.<\/p>\n<p><img alt=\"\" decoding=\"auto\" class=\"_re lazyload a_m-h\" height=\"276\"  width=\"414\"  src=\"https:\/\/www.europesays.com\/es\/wp-content\/uploads\/2026\/06\/73TPOG3QPZCKTEYUKDBG74P2XA.jpg\" loading=\"lazy\" fetchpriority=\"low\"\/> Junto al corral, San Emiliano (Le\u00f3n), a\u00f1os cincuenta. Belita Gracia<\/p>\n<p class=\"\">Convivimos muchos d\u00edas en su casa de Barcelona. Nuestro proceso de catalogaci\u00f3n era sencillo y m\u00e1gico: dos tazas de caf\u00e9, una grabadora, el \u00e1lbum que tocase ese d\u00eda y nuestra conversaci\u00f3n. Con una memoria privilegiada, me iba contando cada fecha, cada nombre y cada detalle de sus tomas. Descubr\u00ed as\u00ed todas sus vidas. La ni\u00f1a de cuatro a\u00f1os que grit\u00f3 \u00a1magia! cuando su padre, el fot\u00f3grafo Pepe Gracia, meti\u00f3 papel en un l\u00edquido y sali\u00f3 una imagen. La amante del rock, la viajera, la primera mujer en llevar un biquini en Le\u00f3n.<\/p>\n<p><img alt=\"\" decoding=\"auto\" class=\"_re lazyload a_m-h\" height=\"249\"  width=\"414\"  src=\"https:\/\/www.europesays.com\/es\/wp-content\/uploads\/2026\/06\/ZFI4SG2U6NHXNLY5F5LJU2SVPA.jpg\" loading=\"lazy\" fetchpriority=\"low\"\/>Infancia. Le\u00f3n, a\u00f1os cincuenta. Belita Gracia<\/p>\n<p class=\"\">En 1955 se casa y se va a vivir a Ribadeo (Lugo). All\u00ed llega a sus manos una c\u00e1mara Kodak Retina 1955, que era para su marido. \u00c9l no la quiso. Ella se la qued\u00f3. Sus primeras fotos son im\u00e1genes de los tejados que ve desde su ventana. La belleza de la lluvia cayendo sobre ellos. Despu\u00e9s viene el faro, los pescadores, la r\u00eda en bajamar, con las mujeres recogiendo longueir\u00f3n. Nace su primer hijo y retrata la maternidad. De regreso a Le\u00f3n, las calles se convierten en el escenario de sus im\u00e1genes. Despu\u00e9s llegaron la experimentaci\u00f3n, los desnudos, Barcelona y la efervescencia cultural del rock. Y sus collages, tratando temas como la violencia contra las mujeres.<\/p>\n<p><img alt=\"\" decoding=\"auto\" class=\"_re lazyload a_m-h\" height=\"263\"  width=\"414\"  src=\"https:\/\/www.europesays.com\/es\/wp-content\/uploads\/2026\/06\/3Q7VD2OCWRC5HJJIZXRTFZ2A2E.jpg\" loading=\"lazy\" fetchpriority=\"low\"\/>Navegando por la r\u00eda Ribadeo (Lugo), 1955. Belita Gracia<\/p>\n<p class=\"\">Belita nos abri\u00f3 camino a todas e hizo algo revolucionario: vivi\u00f3 con pasi\u00f3n y con entusiasmo hasta su \u00faltimo d\u00eda. Porque, como ella afirmaba: \u201cSolo se empieza a envejecer cuando se pierde la ilusi\u00f3n\u201d<\/p>\n<p><img alt=\"\" decoding=\"auto\" class=\"_re lazyload a_m-h\" height=\"276\"  width=\"414\"  src=\"https:\/\/www.europesays.com\/es\/wp-content\/uploads\/2026\/06\/J6F7CKIISNCMZHSG2EUGY3FUTM.jpg\" loading=\"lazy\" fetchpriority=\"low\"\/>Con las hijas del maestro. Autorretrato. Ribadeo (Lugo), a\u00f1os cincuenta. Belita Gracia<img alt=\"\" decoding=\"auto\" class=\"_re lazyload a_m-h\" height=\"305\"  width=\"414\"  src=\"https:\/\/www.europesays.com\/es\/wp-content\/uploads\/2026\/06\/6SQ5ESOACJGSPPBSFHNJU5VIM4.jpg\" loading=\"lazy\" fetchpriority=\"low\"\/>El faro. Ribadeo (Lugo), 1955. Belita Gracia<img alt=\"\" decoding=\"auto\" class=\"_re lazyload a_m-v\" height=\"561\"  width=\"414\"  src=\"https:\/\/www.europesays.com\/es\/wp-content\/uploads\/2026\/06\/ZM6ROT4R75EN3ESCTUTNGZDP5Y.jpg\" loading=\"lazy\" fetchpriority=\"low\"\/>El \u00e1ngel, Le\u00f3n, 1968.Belita Gracia<img alt=\"\" decoding=\"auto\" class=\"_re lazyload a_m-h\" height=\"261\"  width=\"414\"  src=\"https:\/\/www.europesays.com\/es\/wp-content\/uploads\/2026\/06\/LXOQFHTSRVFI3EVIIHFYFWDUBU.jpg\" loading=\"lazy\" fetchpriority=\"low\"\/>Pescadores. Ribadeo (Lugo), 1955. Belita Gracia<img alt=\"\" decoding=\"auto\" class=\"_re lazyload a_m-h\" height=\"306\"  width=\"414\"  src=\"https:\/\/www.europesays.com\/es\/wp-content\/uploads\/2026\/06\/GD6OHWTKNRH47D2MLT5RALZGF4.jpg\" loading=\"lazy\" fetchpriority=\"low\"\/>Los tejados desde mi ventana en Ribadeo (Lugo), 1955.Belita Gracia<img alt=\"\" decoding=\"auto\" class=\"_re lazyload a_m-h\" height=\"276\"  width=\"414\"  src=\"https:\/\/www.europesays.com\/es\/wp-content\/uploads\/2026\/06\/A3QQH6A5IJAMTO3KJ7DN2WFD64.jpg\" loading=\"lazy\" fetchpriority=\"low\"\/>R\u00eda en bajamar. Mujeres recogen longueir\u00f3n, Ribadeo (Lugo), 1955. Belita Gracia<\/p>\n<p>Ana Vali\u00f1o es fot\u00f3grafa y comisaria de la exposici\u00f3n Belita Gracia. La fot\u00f3grafa, que estar\u00e1 en la Biblioteca Central de Cantabria, en Santander, hasta el 30 de agosto, dentro de la Secci\u00f3n Oficial de PHotoEspa\u00f1a 2026.<\/p>\n","protected":false},"excerpt":{"rendered":"Dec\u00eda Virginia Woolf que \u201cla mayor parte de la historia an\u00f3nima es la historia de las mujeres\u201d. La&hellip;\n","protected":false},"author":2,"featured_media":618761,"comment_status":"","ping_status":"","sticky":false,"template":"","format":"standard","meta":{"footnotes":""},"categories":[173],"tags":[229,233,231,230,232,234,146,147,25,24,241,244,4509,10329,23],"class_list":["post-618760","post","type-post","status-publish","format-standard","has-post-thumbnail","category-arte-y-diseno","tag-arte","tag-arte-y-diseno","tag-arts","tag-arts-and-design","tag-design","tag-diseno","tag-entertainment","tag-entretenimiento","tag-es","tag-espana","tag-exposiciones","tag-fotografia","tag-fotografia-blanco-y-negro","tag-fotografia-documental","tag-spain"],"share_on_mastodon":{"url":"","error":""},"_links":{"self":[{"href":"https:\/\/www.europesays.com\/es\/wp-json\/wp\/v2\/posts\/618760","targetHints":{"allow":["GET"]}}],"collection":[{"href":"https:\/\/www.europesays.com\/es\/wp-json\/wp\/v2\/posts"}],"about":[{"href":"https:\/\/www.europesays.com\/es\/wp-json\/wp\/v2\/types\/post"}],"author":[{"embeddable":true,"href":"https:\/\/www.europesays.com\/es\/wp-json\/wp\/v2\/users\/2"}],"replies":[{"embeddable":true,"href":"https:\/\/www.europesays.com\/es\/wp-json\/wp\/v2\/comments?post=618760"}],"version-history":[{"count":0,"href":"https:\/\/www.europesays.com\/es\/wp-json\/wp\/v2\/posts\/618760\/revisions"}],"wp:featuredmedia":[{"embeddable":true,"href":"https:\/\/www.europesays.com\/es\/wp-json\/wp\/v2\/media\/618761"}],"wp:attachment":[{"href":"https:\/\/www.europesays.com\/es\/wp-json\/wp\/v2\/media?parent=618760"}],"wp:term":[{"taxonomy":"category","embeddable":true,"href":"https:\/\/www.europesays.com\/es\/wp-json\/wp\/v2\/categories?post=618760"},{"taxonomy":"post_tag","embeddable":true,"href":"https:\/\/www.europesays.com\/es\/wp-json\/wp\/v2\/tags?post=618760"}],"curies":[{"name":"wp","href":"https:\/\/api.w.org\/{rel}","templated":true}]}}