{"id":618798,"date":"2026-06-21T16:04:15","date_gmt":"2026-06-21T16:04:15","guid":{"rendered":"https:\/\/www.europesays.com\/es\/618798\/"},"modified":"2026-06-21T16:04:15","modified_gmt":"2026-06-21T16:04:15","slug":"cataluna-madrid-y-galicia-campeones-de-espana-3x3","status":"publish","type":"post","link":"https:\/\/www.europesays.com\/es\/618798\/","title":{"rendered":"Catalu\u00f1a, Madrid y Galicia, campeones de Espa\u00f1a 3&#215;3"},"content":{"rendered":"<p>Catalu\u00f1a ha hecho doblete masculino, ganando los t\u00edtulos tanto en U13 como en U15. Madrid ser\u00e1 campe\u00f3n del U15 Femenino y Galicia ha sorprendido a los favoritos en el U13 Femenino.<\/p>\n<p>\u00c1REA DE COMUNICACI\u00d3N FEB<br \/>&#13;<br \/>\n<br \/>\n Fin de fiesta en la Plaza de San Lorenzo de Melilla con la disputa de la \u00faltima sesi\u00f3n que ha otorgado los cuatro t\u00edtulos en juego.<\/p>\n<p>U15 MASCULINA<br \/>&#13;<br \/>\n Catalu\u00f1a ha dominado la competici\u00f3n con pu\u00f1o de hierro, eliminando a Baleares en cuartos de final, a Madrid en semis y a Andaluc\u00eda en la gran final, sin llegar nunca a un final igualado. Un equipo muy s\u00f3lido y consistente que comparte podio con Andaluc\u00eda (plata) y Madrid (bronce). Gran nivel competitivo en una categor\u00eda que ha dejado partidos muy espectaculares.<\/p>\n<p>U15 FEMENINA<br \/>&#13;<br \/>\n Madrid estrena su palmar\u00e9s en el U15 Femenino despu\u00e9s de los dos t\u00edtulos en U13. Las de Paula Palomares vencieron en la final a Andaluc\u00eda en un choque muy intenso marcado por la defensa. Antes se hab\u00edan deshecho de Catalu\u00f1a en una gran semifinal decidida en las \u00faltimas posiciones. Las catalanes no pudieron recuperarse de la derrota y perdieron el partido por el bronce ante la Comunidad Valenciana.<\/p>\n<p>U13 MASCULINA<br \/>&#13;<br \/>\n Catalu\u00f1a complet\u00f3 el doblete masculino con un oro conseguido ganando en la final a un equipo de Canarias muy competitivo, que hab\u00eda eliminado contra pron\u00f3stico a otro de los favoritos como era la Comunidad Valenciana en semifinales. Catalu\u00f1a tambi\u00e9n sufri\u00f3 en semis ante una Andaluc\u00eda muy potente, que se qued\u00f3 al final sin subir al podio al perder ante los valencianos en el choque por el tercer puesto.<\/p>\n<p>U13 FEMENINA<br \/>&#13;<br \/>\n El dominio catal\u00e1n-madrile\u00f1o se rompi\u00f3 con una sorprendente Galicia en la categor\u00eda de las m\u00e1s peque\u00f1as. Una sorpresa relativa (ven\u00edan de ganar el U13 Masculino el a\u00f1o pasado) y muy merecida. No tuvo un camino f\u00e1cil: gan\u00f3 a Catalu\u00f1a en cuartos, a la sorprendente Asturias en semis y a la favorita Madrid en la gran final. Precisamente Madrid fue plata y la Comunidad Valenciana bronce.<\/p>\n","protected":false},"excerpt":{"rendered":"Catalu\u00f1a ha hecho doblete masculino, ganando los t\u00edtulos tanto en U13 como en U15. Madrid ser\u00e1 campe\u00f3n del&hellip;\n","protected":false},"author":2,"featured_media":618799,"comment_status":"","ping_status":"","sticky":false,"template":"","format":"standard","meta":{"footnotes":""},"categories":[93],"tags":[4605,299,1918,4597,4613,4616,4609,4608,4610,168,4603,4606,25,24,4120,4598,4614,2713,4601,830,4599,4600,4602,4615,4617,4607,4604,23,167,4611,4612],"class_list":["post-618798","post","type-post","status-publish","format-standard","has-post-thumbnail","category-deportes","tag-arbitros-baloncesto","tag-baloncesto","tag-basket","tag-basquet","tag-canalfeb","tag-clasificacion","tag-copa-princesa","tag-copa-principe","tag-copa-reina","tag-deportes","tag-eba","tag-entrenadores-baloncesto","tag-es","tag-espana","tag-estadisticas","tag-federacion-baloncesto","tag-jornada-virtual","tag-jugadores","tag-laeb-plata","tag-leb-oro","tag-liga-espana","tag-liga-espanola-baloncesto","tag-liga-femenina","tag-marcadores-baloncesto","tag-rankings","tag-reglas-baloncesto","tag-seleccion-baloncesto","tag-spain","tag-sports","tag-supercopa","tag-television-baloncesto"],"share_on_mastodon":{"url":"https:\/\/pubeurope.com\/@es\/116788950730416371","error":""},"_links":{"self":[{"href":"https:\/\/www.europesays.com\/es\/wp-json\/wp\/v2\/posts\/618798","targetHints":{"allow":["GET"]}}],"collection":[{"href":"https:\/\/www.europesays.com\/es\/wp-json\/wp\/v2\/posts"}],"about":[{"href":"https:\/\/www.europesays.com\/es\/wp-json\/wp\/v2\/types\/post"}],"author":[{"embeddable":true,"href":"https:\/\/www.europesays.com\/es\/wp-json\/wp\/v2\/users\/2"}],"replies":[{"embeddable":true,"href":"https:\/\/www.europesays.com\/es\/wp-json\/wp\/v2\/comments?post=618798"}],"version-history":[{"count":0,"href":"https:\/\/www.europesays.com\/es\/wp-json\/wp\/v2\/posts\/618798\/revisions"}],"wp:featuredmedia":[{"embeddable":true,"href":"https:\/\/www.europesays.com\/es\/wp-json\/wp\/v2\/media\/618799"}],"wp:attachment":[{"href":"https:\/\/www.europesays.com\/es\/wp-json\/wp\/v2\/media?parent=618798"}],"wp:term":[{"taxonomy":"category","embeddable":true,"href":"https:\/\/www.europesays.com\/es\/wp-json\/wp\/v2\/categories?post=618798"},{"taxonomy":"post_tag","embeddable":true,"href":"https:\/\/www.europesays.com\/es\/wp-json\/wp\/v2\/tags?post=618798"}],"curies":[{"name":"wp","href":"https:\/\/api.w.org\/{rel}","templated":true}]}}