{"id":618931,"date":"2026-06-21T17:46:16","date_gmt":"2026-06-21T17:46:16","guid":{"rendered":"https:\/\/www.europesays.com\/es\/618931\/"},"modified":"2026-06-21T17:46:16","modified_gmt":"2026-06-21T17:46:16","slug":"el-portero-del-sabadell-alienta-insultos-contra-pedro-sanchez-durante-la-celebracion-del-ascenso-contestais-con-lo-que-salga","status":"publish","type":"post","link":"https:\/\/www.europesays.com\/es\/618931\/","title":{"rendered":"El portero del Sabadell alienta insultos contra Pedro S\u00e1nchez durante la celebraci\u00f3n del ascenso: \u00abContest\u00e1is con lo que salga\u00bb"},"content":{"rendered":"<p class=\"article-text\">\n        El equipo Sabadell FC ascendi\u00f3 el pasado viernes a segunda divisi\u00f3n tras su victoria en el play-off contra el Zamora. El club catal\u00e1n gan\u00f3 a los zamoranos con cuatro goles a cero. Sin embargo, fue su portero, Luis Fuoli, quien se encarg\u00f3 de sumar en la celebraci\u00f3n, desde el ayuntamiento de la localidad barcelonesa, un vistoso triple.\n    <\/p>\n<p class=\"article-text\">\n        \u201cVoy a soltar aqu\u00ed una expresi\u00f3n y vosotros contest\u00e1is con lo que os salga: \u00a1Pedro S\u00e1nchez&#8230;!\u201d. As\u00ed inici\u00f3 el guardameta el insulto m\u00e1s repetido contra el presidente del Gobierno en todo tipo de celebraciones multitudinarias. \u201c\u00a1Hijo de puta!\u201d, completaron obedientemente varios de los hinchas que festejaban desde la calle.\n    <\/p>\n<blockquote class=\"twitter-tweet\" data-lang=\"es\"><p><a href=\"https:\/\/twitter.com\/X\/status\/2068685221759729838?ref_src=twsrc%5Etfw\" rel=\"nofollow noopener\" target=\"_blank\"><\/p><\/blockquote>\n<p class=\"article-text\">\n        El club, por su parte, ha emitido este domingo un comunicado para rechazar lo sucedido: \u201cLa emoci\u00f3n y la euforia del momento no pueden hacernos perder de vista los principios de respeto y convivencia\u201d. \u201c Somos un club deportivo, plural y abierto, parte de una ciudad diversa e integradora. Somos un club de todos -aficionados, socios, trabajadores y colaboradores de sensibilidades muy diversas- unidos por una misma pasi\u00f3n: el Sabadell\u201d, han a\u00f1adido.\n    <\/p>\n<blockquote class=\"twitter-tweet\" data-lang=\"es\"><p><a href=\"https:\/\/twitter.com\/X\/status\/2068721949505699929?ref_src=twsrc%5Etfw\" rel=\"nofollow noopener\" target=\"_blank\"><\/p><\/blockquote>\n<p class=\"article-text\">\n        Antes de este episodio, todo el equipo recorri\u00f3 las calles de la ciudad en un autob\u00fas descubierto, desde el Estadio de la Nova Creu Alta hasta el Ayuntamiento. All\u00ed, fueron recibidos y homenajeados por la alcaldesa, Marta Farr\u00e9s, y varios concejales en la sala de plenos del edificio municipal donde gobierna el PSC. Eso no impidi\u00f3 a Fuoli, natural de Zaragoza, coger el micr\u00f3fono y empa\u00f1ar la celebraci\u00f3n de toda la ciudad.\n    <\/p>\n<p>    <a href=\"https:\/\/www.eldiario.es\/mundial-2026\/futbol_129_13278131.html\" data-mrf-recirculation=\"saber-mas-abajo\" data-dl-event=\"saber-mas-abajo\" rel=\"nofollow noopener\" target=\"_blank\"><\/p>\n<p class=\"know-more__title\">&#8216;Que los se\u00f1ores malos no nos roben el f\u00fatbol&#8217;, por Mariana Jorge Lozano\n<\/p>\n<p>            <img decoding=\"async\" class=\"lazy\" loading=\"lazy\" data-src=\"https:\/\/static.eldiario.es\/clip\/2ec76410-fc84-49ce-8c66-a10d2a46536d_16-9-aspect-ratio_default_0_x1972y772.jpg\" src=\"data:image\/svg+xml,%3Csvg xmlns=\" http:=\"\" viewbox=\"0 0 880 495\" alt=\"Que los se\u00f1ores malos no nos roben el f\u00fatbol\"\/><\/p>\n<p>                        <\/a><\/p>\n<p class=\"article-text\">\n        A pesar de que Farr\u00e9s no se ha pronunciado p\u00fablicamente acerca del episodio, s\u00ed que lo ha hecho \u00d3scar Puente, que se ha limitado a citar una frase famosa del c\u00f3mico Pepe Rubianes: \u201cEsto es lo que pasa cuando le das dinero a un tonto. Que enseguida le sale el facha\u201d\n    <\/p>\n<blockquote class=\"twitter-tweet\" data-lang=\"es\"><p><a href=\"https:\/\/twitter.com\/X\/status\/2068693601916174500?ref_src=twsrc%5Etfw\" rel=\"nofollow noopener\" target=\"_blank\"><\/p><\/blockquote>\n<p class=\"text\">\n        En alg\u00fan lugar hay algo que necesitas leer.\n    <\/p>\n<p>            <script async src=\"https:\/\/platform.twitter.com\/widgets.js\" charset=\"utf-8\"><\/script><\/p>\n","protected":false},"excerpt":{"rendered":"El equipo Sabadell FC ascendi\u00f3 el pasado viernes a segunda divisi\u00f3n tras su victoria en el play-off contra&hellip;\n","protected":false},"author":2,"featured_media":618932,"comment_status":"","ping_status":"","sticky":false,"template":"","format":"standard","meta":{"footnotes":""},"categories":[5],"tags":[115391,6421,17,18,11231,115392,4169,25,24,13,14,11,20348,19,20,9,10,15,16,1822,620,1457,50089,199,23,12,21,22],"class_list":["post-618931","post","type-post","status-publish","format-standard","has-post-thumbnail","category-titulares","tag-alenta","tag-ascenso","tag-breaking-news","tag-breakingnews","tag-celebracion","tag-contestais","tag-durante","tag-es","tag-espana","tag-featured-news","tag-featurednews","tag-headlines","tag-insultos","tag-latest-news","tag-latestnews","tag-news","tag-noticias","tag-noticias-destacadas","tag-noticiasdestacadas","tag-pedro","tag-portero","tag-sabadell","tag-salga","tag-sanchez","tag-spain","tag-titulares","tag-ultimas-noticias","tag-ultimasnoticias"],"share_on_mastodon":{"url":"https:\/\/pubeurope.com\/@es\/116789351928794331","error":""},"_links":{"self":[{"href":"https:\/\/www.europesays.com\/es\/wp-json\/wp\/v2\/posts\/618931","targetHints":{"allow":["GET"]}}],"collection":[{"href":"https:\/\/www.europesays.com\/es\/wp-json\/wp\/v2\/posts"}],"about":[{"href":"https:\/\/www.europesays.com\/es\/wp-json\/wp\/v2\/types\/post"}],"author":[{"embeddable":true,"href":"https:\/\/www.europesays.com\/es\/wp-json\/wp\/v2\/users\/2"}],"replies":[{"embeddable":true,"href":"https:\/\/www.europesays.com\/es\/wp-json\/wp\/v2\/comments?post=618931"}],"version-history":[{"count":0,"href":"https:\/\/www.europesays.com\/es\/wp-json\/wp\/v2\/posts\/618931\/revisions"}],"wp:featuredmedia":[{"embeddable":true,"href":"https:\/\/www.europesays.com\/es\/wp-json\/wp\/v2\/media\/618932"}],"wp:attachment":[{"href":"https:\/\/www.europesays.com\/es\/wp-json\/wp\/v2\/media?parent=618931"}],"wp:term":[{"taxonomy":"category","embeddable":true,"href":"https:\/\/www.europesays.com\/es\/wp-json\/wp\/v2\/categories?post=618931"},{"taxonomy":"post_tag","embeddable":true,"href":"https:\/\/www.europesays.com\/es\/wp-json\/wp\/v2\/tags?post=618931"}],"curies":[{"name":"wp","href":"https:\/\/api.w.org\/{rel}","templated":true}]}}