{"id":619016,"date":"2026-06-21T18:59:13","date_gmt":"2026-06-21T18:59:13","guid":{"rendered":"https:\/\/www.europesays.com\/es\/619016\/"},"modified":"2026-06-21T18:59:13","modified_gmt":"2026-06-21T18:59:13","slug":"francia-registra-temperaturas-historicas-con-la-mitad-del-pais-en-alerta-roja","status":"publish","type":"post","link":"https:\/\/www.europesays.com\/es\/619016\/","title":{"rendered":"Francia registra temperaturas hist\u00f3ricas con la mitad del pa\u00eds en alerta roja"},"content":{"rendered":"<p class=\"ft-text ft-helper-closenews\">Desde hace d\u00edas, Francia afronta una ola de calor hist\u00f3rica, en la que los term\u00f3metros parecen no tener techo. Se espera que este lunes, <strong>49 departamentos entren en alerta m\u00e1xima por altas temperaturas<\/strong>, es decir,<strong> la mitad del mapa franc\u00e9s<\/strong> se te\u00f1ir\u00e1 de color rojo, incluyendo Par\u00eds, mientras que <strong>otras 40 regiones pasar\u00e1n a alerta naranja, <\/strong>seg\u00fan anunci\u00f3 este domingo M\u00e9t\u00e9o-France.\u00a0<\/p>\n<p class=\"ft-text\">Nunca antes tantos departamentos hab\u00edan estado en <strong>alerta roja <\/strong>desde que se implement\u00f3 el sistema de alerta por ola de calor. El \u00faltimo r\u00e9cord se estableci\u00f3 en julio de 2019, cuando 20 departamentos estuvieron en este nivel de alerta durante dos d\u00edas, un l\u00edmite que ya se super\u00f3 el pasado domingo.<\/p>\n<p class=\"ft-text\">Esta nueva alerta afectar\u00e1 a <strong>35 millones de personas en el pa\u00eds<\/strong>, por ello, el gobierno ha implementado una serie de medidas extremas para afrontar un calor extremo; se <strong>anularon las actividades deportivas al aire libre<\/strong>, se insta a las empresas a fomentar el <strong>teletrabajo<\/strong> y se recomienda <strong>evitar los viajes en tren,<\/strong> ante una red ferroviaria desactualizada y sin climatizaci\u00f3n en muchas l\u00edneas. \u201cLes recomendamos que pospongan su viaje, o al menos que eviten viajar en tren durante esta ola de calor, ya que es una forma de protegerlos de forma proactiva\u201d, declar\u00f3 el director de SNCF, Jean Castex, haciendo hincapi\u00e9 en que no se pueden descartar incidentes en la red ferroviaria.<\/p>\n<p>Ba\u00f1os en el Canal Saint Martin y el Sena<\/p>\n<p class=\"ft-text\">Adem\u00e1s, las autoridades francesas han <strong>prohibido el consumo de alcohol en la v\u00eda p\u00fablica <\/strong>con motivo de la tradicional Fiesta de la M\u00fasica, en la que miles de personas salen a las calles de todo el pa\u00eds para disfrutar de conciertos al aire libre. \u00abLos prefectos emitir\u00e1n \u00f3rdenes que proh\u00edban el consumo de alcohol en espacios p\u00fablicos en los departamentos que se encuentren en alerta roja\u00bb, declar\u00f3 la oficina del Primer Ministro en un comunicado de prensa.\u00a0<\/p>\n<p class=\"ft-text\">El alcalde de Par\u00eds, Emmanuel Gregoire, tambi\u00e9n expres\u00f3 su preocupaci\u00f3n y advirti\u00f3 que \u201cel alcohol, el calor, la humedad y la proximidad del agua no hacen buena combinaci\u00f3n\u201d, afirm\u00f3 en referencia a la proximidad con el r\u00edo Sena.\u00a0<\/p>\n<p class=\"ft-text\">El dirigente socialista, que asumi\u00f3 recientemente la alcald\u00eda de Par\u00eds tras tomar el relevo de Anne Hidalgo, dio luz verde esta semana para que l<strong>os parisinos pudieran ba\u00f1arse en el Canal Saint Martin<\/strong>, situado al norte de la capital y hasta ahora cerrado al ba\u00f1o. Desde entonces, cientos de personas se han refrescado en sus aguas para soportar las altas temperaturas, convirtiendo el Canal en una gran piscina p\u00fablica.\u00a0La poblaci\u00f3n tambi\u00e9n ha llenado las <strong>aguas del Sena<\/strong> ante la ola de calor hist\u00f3rica.<\/p>\n<p class=\"ft-text\">Hasta el momento,<strong> 66 estaciones meteorol\u00f3gicas en Francia registraron temperaturas r\u00e9cord,<\/strong> es decir, temperaturas que igualan las m\u00e1s altas jam\u00e1s registradas para el mes de junio. En los registros, la localidad de Banca, en la regi\u00f3n de Nueva Aquitania, aparece como las zonas m\u00e1s calurosas alcanzando 41,5 \u00b0C, tambi\u00e9n en el Alto Loira y en Burdeos, donde superaron este domingo los 40\u00ba.<\/p>\n<p>M\u00e1s de 800 escuelas cierran sus puertas<\/p>\n<p class=\"ft-text\">Tras varias semanas de debates sobre la situaci\u00f3n dentro de las aulas, el ministerio de educaci\u00f3n anunci\u00f3 que este lunes al menos <strong>845 centros educativos y universidades cerrar\u00e1n sus puertas, mientras que otras 1.800 modificaron sus horarios.\u00a0<\/strong><\/p>\n<p class=\"ft-text\">En algunas zonas del pa\u00eds, las <strong>aulas hab\u00edan alcanzado temperaturas superiores a los 35\u00ba<\/strong> y muchas de ellas no contaban ni siquiera con un ventilador para hacer frente a esta segunda ola de calor en menos de un mes.\u00a0Ante esta falta de inadaptaci\u00f3n, algunas escuelas de La Manche han echado mano de ingenio y han te\u00f1ido las ventanas de blanco para evitar la entrada de los rayos del sol y reducir as\u00ed el calor dentro de las aulas infantiles. <\/p>\n<p class=\"ft-text\">La regi\u00f3n de \u00cele-de-France anunci\u00f3 este domingo que destinar\u00e1 una \u00ab<strong>ayuda excepcional de un mill\u00f3n de euros para 500 centros de de la regi\u00f3n<\/strong>\u00ab, con el objetivo de financiar \u00abla compra de sistemas de nebulizaci\u00f3n, ventiladores y otros equipos de refrigeraci\u00f3n\u00bb.<\/p>\n<p>Crear una \u201cbaja laboral espec\u00edfica\u201d<\/p>\n<p class=\"ft-text\">Par\u00eds tiene uno de los riesgos m\u00e1s altos de <strong>mortalidad relacionada con el calor<\/strong> frente al resto de capitales europeas. Esto sucede, en parte, por el dise\u00f1o de la ciudad, donde durante d\u00e9cadas<strong> se prioriz\u00f3 el asfalto frente a las zonas verdes<\/strong>, as\u00ed como su arquitectura pensada hist\u00f3ricamente para inviernos fr\u00edos y veranos m\u00e1s suaves.<\/p>\n<p class=\"ft-text\">Ante el cambio clim\u00e1tico, algunos partidos pol\u00edticos abogan por implementar medidas urgentes para hacer frente a estas olas de calor extremo. Entre ellas, la Francia Insumisa apuesta por la<strong> \u201cadaptaci\u00f3n de la legislaci\u00f3n laboral\u201d y la implementaci\u00f3n de \u201cbajas laborales espec\u00edficas\u201d relacionadas con los episodios de altas temperaturas.\u00a0<\/strong><\/p>\n<p class=\"ft-text\">Una de las medidas propuestas en el programa presidencial del l\u00edder insumiso, Jean-Luc M\u00e9lenchon, es sustituir las regiones por <strong>\u00abecorregiones\u00bb.<\/strong> \u00abLa idea es situar las cuestiones ambientales en el centro de nuestras pol\u00edticas p\u00fablicas\u00bb, explic\u00f3 el coordinador del partido, Manuel Bompard, a\u00f1adiendo que desea \u00abpotenciar\u00bb este nivel territorial para que sea \u00abel instrumento para orientar esta planificaci\u00f3n ambiental\u00bb.<\/p>\n<p data-close=\"closedContent\" class=\"subscribeHideForDisplay\">Suscr\u00edbete para seguir leyendo<\/p>\n","protected":false},"excerpt":{"rendered":"Desde hace d\u00edas, Francia afronta una ola de calor hist\u00f3rica, en la que los term\u00f3metros parecen no tener&hellip;\n","protected":false},"author":2,"featured_media":619017,"comment_status":"","ping_status":"","sticky":false,"template":"","format":"standard","meta":{"footnotes":""},"categories":[42],"tags":[14211,17,18,13,14,317,11,806,61,62,63,64,19,20,9,10,15,16,4759,2269,6195,12,21,22,65,66,67],"class_list":["post-619016","post","type-post","status-publish","format-standard","has-post-thumbnail","category-internacional","tag-alerta-roja","tag-breaking-news","tag-breakingnews","tag-featured-news","tag-featurednews","tag-francia","tag-headlines","tag-historicas","tag-internacional","tag-international","tag-international-news","tag-internationalnews","tag-latest-news","tag-latestnews","tag-news","tag-noticias","tag-noticias-destacadas","tag-noticiasdestacadas","tag-paris","tag-registra","tag-temperaturas","tag-titulares","tag-ultimas-noticias","tag-ultimasnoticias","tag-world","tag-world-news","tag-worldnews"],"share_on_mastodon":{"url":"https:\/\/pubeurope.com\/@es\/116789639138250920","error":""},"_links":{"self":[{"href":"https:\/\/www.europesays.com\/es\/wp-json\/wp\/v2\/posts\/619016","targetHints":{"allow":["GET"]}}],"collection":[{"href":"https:\/\/www.europesays.com\/es\/wp-json\/wp\/v2\/posts"}],"about":[{"href":"https:\/\/www.europesays.com\/es\/wp-json\/wp\/v2\/types\/post"}],"author":[{"embeddable":true,"href":"https:\/\/www.europesays.com\/es\/wp-json\/wp\/v2\/users\/2"}],"replies":[{"embeddable":true,"href":"https:\/\/www.europesays.com\/es\/wp-json\/wp\/v2\/comments?post=619016"}],"version-history":[{"count":0,"href":"https:\/\/www.europesays.com\/es\/wp-json\/wp\/v2\/posts\/619016\/revisions"}],"wp:featuredmedia":[{"embeddable":true,"href":"https:\/\/www.europesays.com\/es\/wp-json\/wp\/v2\/media\/619017"}],"wp:attachment":[{"href":"https:\/\/www.europesays.com\/es\/wp-json\/wp\/v2\/media?parent=619016"}],"wp:term":[{"taxonomy":"category","embeddable":true,"href":"https:\/\/www.europesays.com\/es\/wp-json\/wp\/v2\/categories?post=619016"},{"taxonomy":"post_tag","embeddable":true,"href":"https:\/\/www.europesays.com\/es\/wp-json\/wp\/v2\/tags?post=619016"}],"curies":[{"name":"wp","href":"https:\/\/api.w.org\/{rel}","templated":true}]}}