{"id":61915,"date":"2025-08-21T06:54:11","date_gmt":"2025-08-21T06:54:11","guid":{"rendered":"https:\/\/www.europesays.com\/es\/61915\/"},"modified":"2025-08-21T06:54:11","modified_gmt":"2025-08-21T06:54:11","slug":"el-ave-vuela-en-galicia-una-semana-despues-tras-el-inicio-de-los-grandes-incendios","status":"publish","type":"post","link":"https:\/\/www.europesays.com\/es\/61915\/","title":{"rendered":"El AVE vuela en Galicia una semana despu\u00e9s tras el inicio de los grandes incendios"},"content":{"rendered":"<p class=\"ft-text ft-helper-closenews\">Por fin buenas noticias tras una semana de guerra contra los incendios en las provincias de Ourense, Le\u00f3n y Zamora. El Administrador de Infraestructuras Ferroviarias (<strong>Adif<\/strong>) <a href=\"https:\/\/www.farodevigo.es\/gran-vigo\/2025\/08\/20\/adif-reapertura-ave-madrid-galicia-incendios-vigo-120787560.html\" class=\"ft-link ft-link--decoration\" rel=\"nofollow noopener\" target=\"_blank\">reabri\u00f3 ayer la l\u00ednea de Alta Velocidad entre Madrid y Galicia desde las cinco de la tarde<\/a> ante la<strong> \u00abevoluci\u00f3n positiva de los incendios<\/strong>\u00bb que obligaron a cortarla a su paso por A Gudi\u00f1a desde el pasado martes 12.<\/p>\n<p class=\"ft-text\">El impacto de los fuegos en A Mezquita, Carballeda de Avia y Beade, Seixalbo, Larouco, O\u00edmbra, Chandrexa de Queixa y Vilari\u00f1o o Maceda se puede apreciar en la <strong>fotograf\u00eda de la misi\u00f3n Copernicus Sentinel-3<\/strong> <a href=\"https:\/\/www.farodevigo.es\/galicia\/2025\/08\/20\/mapa-incendios-activos-galicia-evolucion-hectareas-120796537.html\" class=\"ft-link ft-link--decoration\" rel=\"nofollow noopener\" target=\"_blank\">de la Agencia Espacial Europea (ESA) divulgada este mi\u00e9rcoles que acompa\u00f1a estas l\u00edneas<\/a>. En ella se ve las lenguas de fuego y humo en todo el sur de Galicia durante el s\u00e1bado 16 de agosto, as\u00ed como el<strong> efecto \u00abbarrera\u00bb que hizo el trazado f\u00e9rreo <\/strong>en la salida de la comunidad.<\/p>\n<p class=\"ft-text\">En esta ocasi\u00f3n el fuego atraves\u00f3 tanto la l\u00ednea de Alta Velocidad como la convencional a la<strong> altura de la base de mantenimiento de Vilavella.<\/strong> La recta alrededor de la estaci\u00f3n de A Gudi\u00f1a-Porta de Galicia qued\u00f3 completamente rodeada, pero sin llegar a ser atravesada. El fuego castig\u00f3 durante varios d\u00edas esta zona<strong>, atravesando de un lado a otro de la infraestructura en aquellos puntos donde hab\u00eda t\u00faneles.<\/strong><\/p>\n<p class=\"ft-text\">Seg\u00fan los datos del Ministerio de Transporte han sido<strong> m\u00e1s de 50.000 los viajeros afectados tras la supresi\u00f3n de 101 frecuencias <\/strong>en una de las semanas de mayor tr\u00e1fico de todo el a\u00f1o. De hecho, la gran mayor\u00eda colgaban el cartel de completo con m\u00e1s de 500 pasajeros en cada uno de ellos, lo que sumado a los<strong> cierres de la A-52 hizo imposible coordinar un plan alternativo en autob\u00fas por carretera.<\/strong><\/p>\n<p><img decoding=\"async\" src=\"https:\/\/www.europesays.com\/es\/wp-content\/uploads\/2025\/08\/18f8bf08-78b7-48bf-9572-0d57f1ba5393_alta-libre-aspect-ratio_default_0.jpg\" width=\"1200\" height=\"800\" alt=\"Viajeros antes de embarcar al primer AVE que sali\u00f3 de Vigo en una semana.\" class=\"ft-helper-img-rd\" loading=\"lazy\" hasdataaida=\"true\"\/><\/p>\n<p class=\"ft-helper-fontColor-quaternary ft-helper-fontSize-body-S ft-helper-spacer-t-xxs\">Viajeros antes de embarcar al primer AVE que sali\u00f3 de Vigo en una semana.  \/ Jose Lores<\/p>\n<p class=\"ft-text\">Curiosamente el primer tren en circular no ha sido con los ya famosos Avril. El <strong>Alvia 4325 entre la capital y Lugo <\/strong>fue el primero en iniciar el camino hacia Sanabria, a donde no llegan trenes desde hace una semana por el corte desde Zamora. A este lado del Padornelo fue el S-106 estacionado en Urz\u00e1iz desde el pasado mi\u00e9rcoles el primero en circular,<strong> saliendo de la terminal viguesa a las 17.29 horas<\/strong> (con 3 minutos de retraso<strong>) tras embarcar a 104 pasajeros:<\/strong> 88 con billete para dicho servicio y otros 16 reubicados desde otras fechas.<\/p>\n<p class=\"ft-text\">La premura en la reapertura de la l\u00ednea, confirmada a la hora de comer de ayer, hizo que muchos viajeros fueran incluso sin comer para intentar conseguir un asiento, aunque <a href=\"https:\/\/www.renfe.com\/es\/es\" class=\"ft-link ft-link--decoration\" rel=\"nofollow noopener\" target=\"_blank\">Renfe <\/a>contaba con un \u00ab<strong>colch\u00f3n\u00bb de hasta 120 plazas para ello. E<\/strong>n los rostros de todos ellos se mezclaba el alivio y el cansancio tras varios d\u00edas de incertidumbre, ya que muchos de ellos deb\u00edan hacer transbordo en Madrid para regresar a sus lugares de origen. A la inversa llegaron de Chamart\u00edn un AVE \u2014con 90 minutos de retraso al esperar por la reapertura\u2014 y<strong> un Avlo que garantizan los dos primeros servicios de hoy.<\/strong><\/p>\n<p class=\"ft-text\">El presidente de Renfe, \u00c1lvaro F. Heredia, anunci\u00f3 en redes sociales que <strong>habr\u00e1 servicios especiales para dar cabida a todos los viajeros en tierra. <\/strong>La operadora p\u00fablica ha explicado que quienes tengan un billete para alguno de los convoyes de esta tarde\u00a0<strong>no tendr\u00e1 que realizar ninguna gesti\u00f3n adicional.<\/strong><\/p>\n<p>Un cierre sin precedentes<\/p>\n<p class=\"ft-text\">Se trata de la mayor incidencia en la l\u00ednea inaugurada en 2021 y uno de los cierres m\u00e1s duraderos de la Alta Velocidad en Espa\u00f1a. Si bien es cierto que <a href=\"https:\/\/www.farodevigo.es\/galicia\/2022\/06\/19\/incendio-zamora-corta-ave-galicia-madrid-67415276.html\" class=\"ft-link ft-link--decoration\" rel=\"nofollow noopener\" target=\"_blank\">los incendios de la Sierra de la Culebra en Zamora en 2022 ya le afectaron,<\/a> este corte queda solamente por detr\u00e1s del de la terrible d<strong>ana que golpe\u00f3 Valencia <\/strong>el pasado oto\u00f1o. En aquella ocasi\u00f3n la l\u00ednea permaneci\u00f3 <strong>cortada del 29 de octubre al 14 de noviembre<\/strong> debido a los da\u00f1os estructurales causados. Desgraciadamente, la l\u00ednea convencional por Valdeorras continua cerrada, afectando al Alvia de Barcelona y el regional de Ponferrada.<\/p>\n<p data-close=\"closedContent\" class=\"subscribeHideForDisplay\">Suscr\u00edbete para seguir leyendo<\/p>\n","protected":false},"excerpt":{"rendered":"Por fin buenas noticias tras una semana de guerra contra los incendios en las provincias de Ourense, Le\u00f3n&hellip;\n","protected":false},"author":2,"featured_media":61916,"comment_status":"","ping_status":"","sticky":false,"template":"","format":"standard","meta":{"footnotes":""},"categories":[8],"tags":[7086,17,18,987,25,24,13,14,11,4342,19,20,9,10,15,16,3318,773,23,12,21,22,25778,1274,19606],"class_list":{"0":"post-61915","1":"post","2":"type-post","3":"status-publish","4":"format-standard","5":"has-post-thumbnail","7":"category-espana","8":"tag-ave","9":"tag-breaking-news","10":"tag-breakingnews","11":"tag-despues","12":"tag-es","13":"tag-espana","14":"tag-featured-news","15":"tag-featurednews","16":"tag-headlines","17":"tag-incendios","18":"tag-latest-news","19":"tag-latestnews","20":"tag-news","21":"tag-noticias","22":"tag-noticias-destacadas","23":"tag-noticiasdestacadas","24":"tag-renfe","25":"tag-semana","26":"tag-spain","27":"tag-titulares","28":"tag-ultimas-noticias","29":"tag-ultimasnoticias","30":"tag-urzaiz","31":"tag-vigo","32":"tag-vuela"},"share_on_mastodon":{"url":"","error":""},"_links":{"self":[{"href":"https:\/\/www.europesays.com\/es\/wp-json\/wp\/v2\/posts\/61915","targetHints":{"allow":["GET"]}}],"collection":[{"href":"https:\/\/www.europesays.com\/es\/wp-json\/wp\/v2\/posts"}],"about":[{"href":"https:\/\/www.europesays.com\/es\/wp-json\/wp\/v2\/types\/post"}],"author":[{"embeddable":true,"href":"https:\/\/www.europesays.com\/es\/wp-json\/wp\/v2\/users\/2"}],"replies":[{"embeddable":true,"href":"https:\/\/www.europesays.com\/es\/wp-json\/wp\/v2\/comments?post=61915"}],"version-history":[{"count":0,"href":"https:\/\/www.europesays.com\/es\/wp-json\/wp\/v2\/posts\/61915\/revisions"}],"wp:featuredmedia":[{"embeddable":true,"href":"https:\/\/www.europesays.com\/es\/wp-json\/wp\/v2\/media\/61916"}],"wp:attachment":[{"href":"https:\/\/www.europesays.com\/es\/wp-json\/wp\/v2\/media?parent=61915"}],"wp:term":[{"taxonomy":"category","embeddable":true,"href":"https:\/\/www.europesays.com\/es\/wp-json\/wp\/v2\/categories?post=61915"},{"taxonomy":"post_tag","embeddable":true,"href":"https:\/\/www.europesays.com\/es\/wp-json\/wp\/v2\/tags?post=61915"}],"curies":[{"name":"wp","href":"https:\/\/api.w.org\/{rel}","templated":true}]}}