{"id":619227,"date":"2026-06-21T21:51:13","date_gmt":"2026-06-21T21:51:13","guid":{"rendered":"https:\/\/www.europesays.com\/es\/619227\/"},"modified":"2026-06-21T21:51:13","modified_gmt":"2026-06-21T21:51:13","slug":"mercado-de-fichajes-zeljko-obradovic-vuelve-al-panathinaikos-patty-mills-deja-el-tenerife-y-pesic-se-retira","status":"publish","type":"post","link":"https:\/\/www.europesays.com\/es\/619227\/","title":{"rendered":"Mercado de fichajes: Zeljko Obradovic vuelve al Panathinaikos, Patty Mills deja el Tenerife y Pesic se retira"},"content":{"rendered":"<p style=\"\">Zeljko Obradovic es el nombre propio del mercado de fichajes en el baloncesto europeo. El Panathinaikos hizo oficial este domingo el regreso del legendario t\u00e9cnico  &#8230; serbio a su banquillo despu\u00e9s de 14 a\u00f1os. <\/p>\n<p class=\"v-d-p\" style=\"\">Obradovic dirigi\u00f3 al Panathinaikos desde 1999 a 2012, periodo en el que conquist\u00f3 cinco t\u00edtulos de la Euroliga en la mejor etapa deportiva del equipo de Atenas. Obradovic estaba libre despu\u00e9s de que esta temporada optase por dejar el banquillo del Partiz\u00e1n de Belgrado. Medios griegos informan que Obradovic ha firmado el contrato m\u00e1s alto de la historia del baloncesto europeo.<\/p>\n<p class=\"v-d-p\" style=\"\">Otro de los nombres del d\u00eda es el de otro veterano entrenador, Svestislav Pesic, que se retira tras perder la final de la liga de Alemania con el Bayern frente al Alba Berl\u00edn que dirige el espa\u00f1ol Pedro Calles. El Unicaja se midi\u00f3 al Alba en los cuartos de final de la Champions esta temporada. Pesic dirigi\u00f3 en Espa\u00f1a al Barcelona, Valencia y Girona.<\/p>\n<p class=\"v-d-p\" style=\"\">Uno que cambia de aires es Patty Mills. El australiano se despidi\u00f3 del Tenerife, al que lleg\u00f3 a mitad de temporada y su nombre ya ha sido vinculado al Partiz\u00e1n, con el que de confirmarse el fichaje, debutar\u00eda en la Euroliga.<\/p>\n","protected":false},"excerpt":{"rendered":"Zeljko Obradovic es el nombre propio del mercado de fichajes en el baloncesto europeo. El Panathinaikos hizo oficial&hellip;\n","protected":false},"author":2,"featured_media":619228,"comment_status":"","ping_status":"","sticky":false,"template":"","format":"standard","meta":{"footnotes":""},"categories":[269],"tags":[299,298,51,168,25,24,285,1239,97121,53489,5631,97120,26314,15896,23,167,1370,739,64544],"class_list":["post-619227","post","type-post","status-publish","format-standard","has-post-thumbnail","category-baloncesto","tag-baloncesto","tag-basketball","tag-deja","tag-deportes","tag-es","tag-espana","tag-fichajes","tag-mercado","tag-mills","tag-obradovic","tag-panathinaikos","tag-patty","tag-pesic","tag-retira","tag-spain","tag-sports","tag-tenerife","tag-vuelve","tag-zeljko"],"share_on_mastodon":{"url":"https:\/\/pubeurope.com\/@es\/116790315362972675","error":""},"_links":{"self":[{"href":"https:\/\/www.europesays.com\/es\/wp-json\/wp\/v2\/posts\/619227","targetHints":{"allow":["GET"]}}],"collection":[{"href":"https:\/\/www.europesays.com\/es\/wp-json\/wp\/v2\/posts"}],"about":[{"href":"https:\/\/www.europesays.com\/es\/wp-json\/wp\/v2\/types\/post"}],"author":[{"embeddable":true,"href":"https:\/\/www.europesays.com\/es\/wp-json\/wp\/v2\/users\/2"}],"replies":[{"embeddable":true,"href":"https:\/\/www.europesays.com\/es\/wp-json\/wp\/v2\/comments?post=619227"}],"version-history":[{"count":0,"href":"https:\/\/www.europesays.com\/es\/wp-json\/wp\/v2\/posts\/619227\/revisions"}],"wp:featuredmedia":[{"embeddable":true,"href":"https:\/\/www.europesays.com\/es\/wp-json\/wp\/v2\/media\/619228"}],"wp:attachment":[{"href":"https:\/\/www.europesays.com\/es\/wp-json\/wp\/v2\/media?parent=619227"}],"wp:term":[{"taxonomy":"category","embeddable":true,"href":"https:\/\/www.europesays.com\/es\/wp-json\/wp\/v2\/categories?post=619227"},{"taxonomy":"post_tag","embeddable":true,"href":"https:\/\/www.europesays.com\/es\/wp-json\/wp\/v2\/tags?post=619227"}],"curies":[{"name":"wp","href":"https:\/\/api.w.org\/{rel}","templated":true}]}}