{"id":619311,"date":"2026-06-21T22:53:15","date_gmt":"2026-06-21T22:53:15","guid":{"rendered":"https:\/\/www.europesays.com\/es\/619311\/"},"modified":"2026-06-21T22:53:15","modified_gmt":"2026-06-21T22:53:15","slug":"el-caso-begona-gomez-en-manos-de-tres-jueces-que-ya-anularon-una-decena-de-resoluciones-de-peinado","status":"publish","type":"post","link":"https:\/\/www.europesays.com\/es\/619311\/","title":{"rendered":"El caso Bego\u00f1a G\u00f3mez, en manos de tres jueces que ya anularon una decena de resoluciones de Peinado"},"content":{"rendered":"<p class=\"article-text\">\n        El futuro judicial de Bego\u00f1a G\u00f3mez\u00a0y el de los otros dos investigados \u2014su asistente de La Moncloa, Cristina \u00c1lvarez, y el empresario Juan Carlos Barrab\u00e9s\u2014 queda ahora en manos de la instancia que revisa las decisiones de los jueces de instrucci\u00f3n. En este caso, depender\u00e1 del juicio de los tres magistrados de la secci\u00f3n 23 de la Audiencia Provincial de Madrid encargados de resolver los recursos presentados contra la instrucci\u00f3n de Juan Carlos Peinado. Durante los m\u00e1s de dos a\u00f1os que dura la investigaci\u00f3n, esos tres jueces han resuelto 20 recursos anulando una decena de resoluciones del juez.\n    <\/p>\n<p class=\"article-text\">\n        Este tribunal ha avalado una parte importante de las pesquisas de Peinado, pero tambi\u00e9n ha corregido algunos de sus excesos. Le orden\u00f3 cerrar varias l\u00edneas de investigaci\u00f3n abiertas \u2014como el rescate de Air Europa\u2014 por basarse en meras conjeturas, o levantar la imputaci\u00f3n de cuatro investigados \u2013el rector de la Complutense, un directivo del IE, el actual Delegado del Gobierno en Madrid y la secretaria general de Presidencia\u2013 o\u00a0<a href=\"https:\/\/www.eldiario.es\/politica\/audiencia-provincial-da-razon-empresario-barrabes-anula-registro-casa-ordeno-juez-peinado_1_12003140.html\" target=\"_blank\" data-mrf-recirculation=\"links-noticia\" class=\"link\" rel=\"nofollow noopener\">anular el registro<\/a>\u00a0que orden\u00f3 en el domicilio y las empresas del empresario Juan Carlos Barrab\u00e9s cuando estaba ingresado en el hospital aquejado de una grave enfermedad. \u201cNo se puede obtener la verdad real a cualquier precio. No todo es l\u00edcito en el descubrimiento de la verdad. Solo aquello que es compatible con la defensa del elemento nuclear de los derechos fundamentales, as\u00ed la dignidad, la intimidad, etc\u00e9tera dentro de los par\u00e1metros fijados en la ley (\u2026) La resoluci\u00f3n no justifica los motivos que llevan a registrar el domicilio (\u2026) tampoco se justifica la necesidad de que el registro se practique a la media hora de la firma del auto, y todo ello considerando que se limitan los derechos del investigado, quien se encontraba ingresado en el Hospital 12 de octubre, tampoco se comprende una medida tan extensa y desproporcionada a los fines de la instrucci\u00f3n (\u2026) Son producto de un juicio de inferencia absolutamente il\u00f3gico y arbitrario\u201d, le advirtieron ya entonces los magistrados de la Audiencia Provincial.\n    <\/p>\n","protected":false},"excerpt":{"rendered":"El futuro judicial de Bego\u00f1a G\u00f3mez\u00a0y el de los otros dos investigados \u2014su asistente de La Moncloa, Cristina&hellip;\n","protected":false},"author":2,"featured_media":619312,"comment_status":"","ping_status":"","sticky":false,"template":"","format":"standard","meta":{"footnotes":""},"categories":[5],"tags":[115441,7421,17,18,6985,7003,25,24,13,14,4190,11,2159,19,20,3955,9,10,15,16,24182,96985,23,12,603,21,22],"class_list":["post-619311","post","type-post","status-publish","format-standard","has-post-thumbnail","category-titulares","tag-anularon","tag-begona","tag-breaking-news","tag-breakingnews","tag-caso","tag-decena","tag-es","tag-espana","tag-featured-news","tag-featurednews","tag-gomez","tag-headlines","tag-jueces","tag-latest-news","tag-latestnews","tag-manos","tag-news","tag-noticias","tag-noticias-destacadas","tag-noticiasdestacadas","tag-peinado","tag-resoluciones","tag-spain","tag-titulares","tag-tres","tag-ultimas-noticias","tag-ultimasnoticias"],"share_on_mastodon":{"url":"https:\/\/pubeurope.com\/@es\/116790559176101257","error":""},"_links":{"self":[{"href":"https:\/\/www.europesays.com\/es\/wp-json\/wp\/v2\/posts\/619311","targetHints":{"allow":["GET"]}}],"collection":[{"href":"https:\/\/www.europesays.com\/es\/wp-json\/wp\/v2\/posts"}],"about":[{"href":"https:\/\/www.europesays.com\/es\/wp-json\/wp\/v2\/types\/post"}],"author":[{"embeddable":true,"href":"https:\/\/www.europesays.com\/es\/wp-json\/wp\/v2\/users\/2"}],"replies":[{"embeddable":true,"href":"https:\/\/www.europesays.com\/es\/wp-json\/wp\/v2\/comments?post=619311"}],"version-history":[{"count":0,"href":"https:\/\/www.europesays.com\/es\/wp-json\/wp\/v2\/posts\/619311\/revisions"}],"wp:featuredmedia":[{"embeddable":true,"href":"https:\/\/www.europesays.com\/es\/wp-json\/wp\/v2\/media\/619312"}],"wp:attachment":[{"href":"https:\/\/www.europesays.com\/es\/wp-json\/wp\/v2\/media?parent=619311"}],"wp:term":[{"taxonomy":"category","embeddable":true,"href":"https:\/\/www.europesays.com\/es\/wp-json\/wp\/v2\/categories?post=619311"},{"taxonomy":"post_tag","embeddable":true,"href":"https:\/\/www.europesays.com\/es\/wp-json\/wp\/v2\/tags?post=619311"}],"curies":[{"name":"wp","href":"https:\/\/api.w.org\/{rel}","templated":true}]}}