{"id":619318,"date":"2026-06-21T23:01:16","date_gmt":"2026-06-21T23:01:16","guid":{"rendered":"https:\/\/www.europesays.com\/es\/619318\/"},"modified":"2026-06-21T23:01:16","modified_gmt":"2026-06-21T23:01:16","slug":"la-jugadora-del-casademont-zaragoza-helena-oma-y-la-aragonesa-irene-lahuerta-campeonas-del-aragon-3x3-de-la-muela","status":"publish","type":"post","link":"https:\/\/www.europesays.com\/es\/619318\/","title":{"rendered":"La jugadora del Casademont Zaragoza Helena Oma y la aragonesa Irene Lahuerta, campeonas del Arag\u00f3n 3&#215;3 de La Muela"},"content":{"rendered":"<p class=\"ft-text\">Tras terminar por todo lo alto la temporada con el <strong>Casademont Zaragoza,<\/strong> ofreciendo sus mejores minutos y partidos en los playoffs por el t\u00edtulo,<strong> Helena Oma<\/strong> est\u00e1 aprovechando el verano para disfrutar de su otra gran pasi\u00f3n en el mundo del baloncesto, el <strong>3&#215;3.<\/strong> La exterior catalana ha estado trabajando con la selecci\u00f3n espa\u00f1ola de esta modalidad y participando con su equipo, el <strong>Agua y Jard\u00edn<\/strong> riojano, en el circuito 3&#215;3 que organiza la Federaci\u00f3n Aragonesa de Baloncesto.<\/p>\n<p class=\"ft-text\">Este fin de semana la parada ha sido en <strong>La Muela <\/strong>y el equipo de Oma se ha proclamado campe\u00f3n de la cita, llev\u00e1ndose un premio en met\u00e1lico de 300 euros. Junto a la jugadora del Casademont Zaragoza hay otra aragonesa, <strong>Irene Lahuerta, <\/strong>que ha disputado la Liga Femenina Endesa con el Innova Legan\u00e9s, con quien, adem\u00e1s, ha renovado para la pr\u00f3xima temporada. Completan el equipo<strong> Ana P\u00e9rez y Berta Ribas.<\/strong><\/p>\n<p class=\"ft-text\">\u00abCampeonas en la cuarta parada del Circuito Arag\u00f3n 3&#215;3 Ibercaja en La Muela. Helena Oma, Irene Lahuerta, Ana P\u00e9rez y Berta Ribas <strong>dominaron en rebotes, defensa, penetraciones y tiro exterior.<\/strong> Un torneo que refuerza nuestro trabajo y la adaptaci\u00f3n de las nuevas jugadoras\u00bb, ha indicado el propio equipo en sus redes sociales.<\/p>\n<p class=\"ft-text\">El circuito 3&#215;3 ha pasado ya por<strong> Villanueva de G\u00e1llego<\/strong>, la<strong> Universidad San Jorge<\/strong> y <strong>Cadrete <\/strong>y tras la cita de La Muela quedar\u00e1 una quinta parada en <strong>Mall\u00e9n <\/strong>el pr\u00f3ximo fin de semana.<\/p>\n","protected":false},"excerpt":{"rendered":"Tras terminar por todo lo alto la temporada con el Casademont Zaragoza, ofreciendo sus mejores minutos y partidos&hellip;\n","protected":false},"author":2,"featured_media":619319,"comment_status":"","ping_status":"","sticky":false,"template":"","format":"standard","meta":{"footnotes":""},"categories":[269],"tags":[299,298,2511,5369,168,25,24,42039,1713,23925,23,167,491],"class_list":["post-619318","post","type-post","status-publish","format-standard","has-post-thumbnail","category-baloncesto","tag-baloncesto","tag-basketball","tag-casademont","tag-casademont-zaragoza","tag-deportes","tag-es","tag-espana","tag-helena","tag-jugadora","tag-oma","tag-spain","tag-sports","tag-zaragoza"],"share_on_mastodon":{"url":"https:\/\/pubeurope.com\/@es\/116790590669688451","error":""},"_links":{"self":[{"href":"https:\/\/www.europesays.com\/es\/wp-json\/wp\/v2\/posts\/619318","targetHints":{"allow":["GET"]}}],"collection":[{"href":"https:\/\/www.europesays.com\/es\/wp-json\/wp\/v2\/posts"}],"about":[{"href":"https:\/\/www.europesays.com\/es\/wp-json\/wp\/v2\/types\/post"}],"author":[{"embeddable":true,"href":"https:\/\/www.europesays.com\/es\/wp-json\/wp\/v2\/users\/2"}],"replies":[{"embeddable":true,"href":"https:\/\/www.europesays.com\/es\/wp-json\/wp\/v2\/comments?post=619318"}],"version-history":[{"count":0,"href":"https:\/\/www.europesays.com\/es\/wp-json\/wp\/v2\/posts\/619318\/revisions"}],"wp:featuredmedia":[{"embeddable":true,"href":"https:\/\/www.europesays.com\/es\/wp-json\/wp\/v2\/media\/619319"}],"wp:attachment":[{"href":"https:\/\/www.europesays.com\/es\/wp-json\/wp\/v2\/media?parent=619318"}],"wp:term":[{"taxonomy":"category","embeddable":true,"href":"https:\/\/www.europesays.com\/es\/wp-json\/wp\/v2\/categories?post=619318"},{"taxonomy":"post_tag","embeddable":true,"href":"https:\/\/www.europesays.com\/es\/wp-json\/wp\/v2\/tags?post=619318"}],"curies":[{"name":"wp","href":"https:\/\/api.w.org\/{rel}","templated":true}]}}