{"id":619442,"date":"2026-06-22T00:48:13","date_gmt":"2026-06-22T00:48:13","guid":{"rendered":"https:\/\/www.europesays.com\/es\/619442\/"},"modified":"2026-06-22T00:48:13","modified_gmt":"2026-06-22T00:48:13","slug":"tres-muertos-al-estrellarse-una-avioneta-en-una-zona-residencial-cerca-de-washington","status":"publish","type":"post","link":"https:\/\/www.europesays.com\/es\/619442\/","title":{"rendered":"Tres muertos al estrellarse una avioneta en una zona residencial cerca de Washington"},"content":{"rendered":"<p class=\"c-paragraph\"><b>Los tres ocupantes de una avioneta<\/b> murieron al estrellarse esta en una zona residencial la noche del s\u00e1bado cerca de Washington, inform\u00f3 este domingo la polic\u00eda.<\/p>\n<p class=\"c-paragraph\">Las v\u00edctimas son <b>el piloto y dos pasajeros<\/b>, cuyas identidades no se han dado a conocer hasta notificarlo a sus familiares.<\/p>\n<p class=\"c-paragraph\">Seg\u00fan las primeras investigaciones, la aeronave pertenece a <b>una escuela de vuelo local <\/b>del condado de Montgomery y la polic\u00eda considera que estaban realizando un vuelo de instrucci\u00f3n.<\/p>\n<p class=\"c-paragraph\">Unos 15 minutos despu\u00e9s de despegar sobre las 23:30, hora local, el servicio de comunicaciones de seguridad p\u00fablica recibi\u00f3 <b>una alerta de accidente de un iPhone<\/b>, en la zona de Bowie, hacia donde se desplazaron los servicios de emergencias.<\/p>\n","protected":false},"excerpt":{"rendered":"Los tres ocupantes de una avioneta murieron al estrellarse esta en una zona residencial la noche del s\u00e1bado&hellip;\n","protected":false},"author":2,"featured_media":619443,"comment_status":"","ping_status":"","sticky":false,"template":"","format":"standard","meta":{"footnotes":""},"categories":[42],"tags":[14280,17,18,19274,13,14,11,61,62,63,64,19,20,5161,9,10,15,16,12,603,21,22,20877,65,66,67],"class_list":["post-619442","post","type-post","status-publish","format-standard","has-post-thumbnail","category-internacional","tag-avioneta","tag-breaking-news","tag-breakingnews","tag-estrellarse","tag-featured-news","tag-featurednews","tag-headlines","tag-internacional","tag-international","tag-international-news","tag-internationalnews","tag-latest-news","tag-latestnews","tag-muertos","tag-news","tag-noticias","tag-noticias-destacadas","tag-noticiasdestacadas","tag-titulares","tag-tres","tag-ultimas-noticias","tag-ultimasnoticias","tag-una","tag-world","tag-world-news","tag-worldnews"],"share_on_mastodon":{"url":"https:\/\/pubeurope.com\/@es\/116791011511379392","error":""},"_links":{"self":[{"href":"https:\/\/www.europesays.com\/es\/wp-json\/wp\/v2\/posts\/619442","targetHints":{"allow":["GET"]}}],"collection":[{"href":"https:\/\/www.europesays.com\/es\/wp-json\/wp\/v2\/posts"}],"about":[{"href":"https:\/\/www.europesays.com\/es\/wp-json\/wp\/v2\/types\/post"}],"author":[{"embeddable":true,"href":"https:\/\/www.europesays.com\/es\/wp-json\/wp\/v2\/users\/2"}],"replies":[{"embeddable":true,"href":"https:\/\/www.europesays.com\/es\/wp-json\/wp\/v2\/comments?post=619442"}],"version-history":[{"count":0,"href":"https:\/\/www.europesays.com\/es\/wp-json\/wp\/v2\/posts\/619442\/revisions"}],"wp:featuredmedia":[{"embeddable":true,"href":"https:\/\/www.europesays.com\/es\/wp-json\/wp\/v2\/media\/619443"}],"wp:attachment":[{"href":"https:\/\/www.europesays.com\/es\/wp-json\/wp\/v2\/media?parent=619442"}],"wp:term":[{"taxonomy":"category","embeddable":true,"href":"https:\/\/www.europesays.com\/es\/wp-json\/wp\/v2\/categories?post=619442"},{"taxonomy":"post_tag","embeddable":true,"href":"https:\/\/www.europesays.com\/es\/wp-json\/wp\/v2\/tags?post=619442"}],"curies":[{"name":"wp","href":"https:\/\/api.w.org\/{rel}","templated":true}]}}