{"id":619464,"date":"2026-06-22T01:07:16","date_gmt":"2026-06-22T01:07:16","guid":{"rendered":"https:\/\/www.europesays.com\/es\/619464\/"},"modified":"2026-06-22T01:07:16","modified_gmt":"2026-06-22T01:07:16","slug":"autoridades-de-salud-aplican-mas-de-150-mil-dosis-para-prevenir-casos-de-sarampion-en-panama","status":"publish","type":"post","link":"https:\/\/www.europesays.com\/es\/619464\/","title":{"rendered":"Autoridades de salud aplican m\u00e1s de 150 mil dosis para prevenir casos de sarampi\u00f3n en Panam\u00e1"},"content":{"rendered":"<p><img alt=\"El esquema nacional de vacunaci\u00f3n protege contra el sarampi\u00f3n, influenza, neumococo y el virus sincitial respiratorio. (Minsa)\" class=\"global-image\" decoding=\"async\" fetchpriority=\"high\" height=\"545\" loading=\"eager\" src=\"https:\/\/www.europesays.com\/es\/wp-content\/uploads\/2026\/06\/OIPSRLMNXFHT3OED7EUB6XIH3U.jpeg\" width=\"839\"\/>El esquema nacional de vacunaci\u00f3n protege contra el sarampi\u00f3n, influenza, neumococo y el virus sincitial respiratorio. (Minsa)<\/p>\n<p class=\"paragraph\">Panam\u00e1 <b>contin\u00faa libre de sarampi\u00f3n aut\u00f3ctono<\/b> y los <b>tres casos detectados<\/b> hasta el momento corresponden a <b>casos importados<\/b> que fueron <b>identificados y manejados oportunamente<\/b> por el sistema nacional de <b>vigilancia epidemiol\u00f3gica.<\/b><\/p>\n<p class=\"paragraph\">Para seguir manteniendo el <b>pa\u00eds libre de la enfermedad<\/b> el sistema de salud ha aplicado en lo que va del a\u00f1o <b>m\u00e1s de 150 mil dosis de vacuna<\/b> contra el sarampi\u00f3n en todo el territorio nacional.<\/p>\n<p class=\"paragraph\">El pa\u00eds recibi\u00f3 su <b>certificaci\u00f3n oficial de eliminaci\u00f3n del sarampi\u00f3n en 2016<\/b> y no registra casos aut\u00f3ctonos desde 1995.<\/p>\n<p class=\"paragraph\">En el <b>2011 se controlaron cuatro casos importados procedentes de Polonia<\/b>, sin que se produjera una transmisi\u00f3n comunitaria.<\/p>\n<p class=\"paragraph\">Actualmente <b>se mantiene activa la vigilancia epidemiol\u00f3gica <\/b>en los <b>puertos de entrada al<\/b> <b>pa\u00eds<\/b> ante el retorno de viajeros procedentes del extranjero, permitiendo la detecci\u00f3n temprana de personas con s\u00edntomas compatibles con enfermedades transmisibles.<\/p>\n<p><img alt=\"Primer plano del torso y parte de los brazos de un ni\u00f1o con numerosas manchas redondas de color rojo y relieve sobre la piel clara.\" class=\"global-image\" decoding=\"async\" fetchpriority=\"low\" height=\"768\" loading=\"lazy\" src=\"https:\/\/www.europesays.com\/es\/wp-content\/uploads\/2026\/06\/5IB22DFN4VDLZFUAW3KEDTYGOY.png\" width=\"1408\"\/>Esta imagen muestra la erupci\u00f3n cut\u00e1nea caracter\u00edstica del sarampi\u00f3n en el torso de un ni\u00f1o, un s\u00edntoma com\u00fan de la enfermedad infecciosa. (Imagen Ilustrativa Infobae)<\/p>\n<p class=\"paragraph\">El <b>incremento en la cobertura de vacunaci\u00f3n,<\/b> a trav\u00e9s del Programa Ampliado de Inmunizaci\u00f3n (PAI), responde al compromiso de la poblaci\u00f3n con la <b>prevenci\u00f3n<\/b> y al fortalecimiento de las <b>jornadas de inmunizaci\u00f3n<\/b> desarrolladas por el Ministerio de Salud (Minsa) en todas las regiones de salud, asegur\u00f3 Yelkys Gill, directora general de Salud P\u00fablica.<\/p>\n<p class=\"paragraph\">\u201cInvitamos a toda la poblaci\u00f3n a <b>revisar su tarjeta de vacunaci\u00f3n<\/b> y acudir a la instalaci\u00f3n de salud m\u00e1s cercana <b>para completar su esquema<\/b>. Las <b>vacunas son seguras, gratuitas<\/b> y constituyen la principal herramienta para prevenir enfermedades transmisibles\u201d, manifest\u00f3 Gill.<\/p>\n<p class=\"paragraph\">Adelant\u00f3 que el <b>esquema<\/b> nacional de vacunaci\u00f3n <b>protege contra diversas enfermedades, <\/b>entre ellas <b>sarampi\u00f3n, influenza, neumococo y virus sincitial<\/b> <b>respiratorio<\/b>, contribuyendo a reducir complicaciones y hospitalizaciones, especialmente en los grupos m\u00e1s vulnerables.<\/p>\n<p class=\"paragraph\"><b>De los tres casos de sarampi\u00f3n importados<\/b>, se detect\u00f3 que una persona con esquema de vacunaci\u00f3n expuesta al virus desarroll\u00f3 un cuadro de \u00ab<b>sarampi\u00f3n modificado<\/b>\u201c, una variante con s\u00edntomas leves y con una <b>capacidad de transmisi\u00f3n dr\u00e1sticamente reducida<\/b>.<\/p>\n<p class=\"paragraph\">Esta condici\u00f3n cl\u00ednica se presenta en <b>casos muy espec\u00edficos<\/b> como una <b>exposici\u00f3n masiva al virus en personas que ya cuentan con sus dosis, <\/b>explic\u00f3 Catherine Castillo, t\u00e9cnica de vigilancia epidemiol\u00f3gica y enfermedades prevenibles por vacunas del Departamento Nacional de Epidemiolog\u00eda del Minsa.<\/p>\n<p><img alt=\"Se mantiene activa la vigilancia epidemiol\u00f3gica para la detecci\u00f3n temprana de personas sintom\u00e1ticas. (Minsa)\" class=\"global-image\" decoding=\"async\" fetchpriority=\"low\" height=\"553\" loading=\"lazy\" src=\"https:\/\/www.europesays.com\/es\/wp-content\/uploads\/2026\/06\/OAWMNJLP6FG5ZANV4IC26KQ4R4.jpeg\" width=\"843\"\/>Se mantiene activa la vigilancia epidemiol\u00f3gica para la detecci\u00f3n temprana de personas sintom\u00e1ticas. (Minsa)<\/p>\n<p class=\"paragraph\"><b>A diferencia del sarampi\u00f3n cl\u00e1sico<\/b>, el modificado se caracteriza por una <b>carga viral mucho<\/b> <b>menor, menor fiebre y un sarpullido atenuado<\/b>, evitando por completo complicaciones graves como la neumon\u00eda o afecciones cerebrales.<\/p>\n<p class=\"paragraph\">En cuanto a las <b>enfermedades transmitidas por vectores<\/b>, se inform\u00f3 que se contin\u00faa fortaleciendo las acciones de <b>prevenci\u00f3n y control contra la malaria<\/b>, mediante la vigilancia epidemiol\u00f3gica, <b>b\u00fasqueda activa de casos<\/b>, diagn\u00f3stico oportuno y el trabajo conjunto con las comunidades.<\/p>\n<p class=\"paragraph\">\u201c<b>En malaria<\/b> hemos logrado mantener una <b>tendencia hacia la disminuci\u00f3n<\/b> gracias al esfuerzo de los equipos regionales de salud, que contin\u00faan realizando intervenciones, <b>seguimiento de<\/b> <b>casos<\/b> y acciones de <b>prevenci\u00f3n en las \u00e1reas de mayor riesgo<\/b>\u201d, se\u00f1al\u00f3 la directora general de Salud P\u00fablica.<\/p>\n<p class=\"paragraph\">De acuerdo con los <b>reportes correspondientes<\/b> a la \u00faltima semana epidemiol\u00f3gica, el Ministerio de Salud inform\u00f3 que los <b>casos de dengue registran una reducci\u00f3n cercana al 50 %<\/b> en comparaci\u00f3n con el mismo periodo del a\u00f1o anterior, mientras que la <b>malaria mantiene una tendencia a la baja.<\/b><\/p>\n<p class=\"paragraph\">Las autoridades de salud reiteran el <b>llamado a la poblaci\u00f3n<\/b> a mantener las medidas preventivas, acudir oportunamente a los <b>servicios de salud ante la presencia de s\u00edntomas<\/b> y <b>mantener actualizado su esquema de vacunaci\u00f3n<\/b> para proteger su salud y la de sus familias.<\/p>\n<p><img alt=\"Infograf\u00eda muestra un ni\u00f1o con sarpullido, pulmones y cerebro resaltados. \u00cdconos de pulmones, hospital y cerebro ilustran las complicaciones del sarampi\u00f3n.\" class=\"global-image\" decoding=\"async\" fetchpriority=\"low\" height=\"1536\" loading=\"lazy\" src=\"https:\/\/www.europesays.com\/es\/wp-content\/uploads\/2026\/06\/RJETURYE2FH7BHXDY4DCI3LOVY.png\" width=\"2752\"\/>Infograf\u00eda detalla las graves complicaciones pulmonares y neurol\u00f3gicas asociadas al sarampi\u00f3n cl\u00e1sico, incluyendo neumon\u00eda, encefalitis y convulsiones. (Imagen Ilustrativa Infobae)<\/p>\n<p class=\"paragraph\">La Organizaci\u00f3n Panamericana de la Salud (<b>OPS<\/b>) revel\u00f3 que hasta la semana epidemiol\u00f3gica que finaliz\u00f3 el 13 de junio la <b>regi\u00f3n de las Am\u00e9ricas notific\u00f3 22.324 casos<\/b> <b>confirmados <\/b>de sarampi\u00f3n en <b>17 pa\u00edses<\/b> y territorios, <b>incluyendo 38 muertes<\/b>, lo que representa un <b>aumento del 207%<\/b> en comparaci\u00f3n con el <b>mismo per\u00edodo del 2025. <\/b> <\/p>\n","protected":false},"excerpt":{"rendered":"El esquema nacional de vacunaci\u00f3n protege contra el sarampi\u00f3n, influenza, neumococo y el virus sincitial respiratorio. (Minsa) Panam\u00e1&hellip;\n","protected":false},"author":2,"featured_media":619465,"comment_status":"","ping_status":"","sticky":false,"template":"","format":"standard","meta":{"footnotes":""},"categories":[92],"tags":[16980,2996,16140,25,24,165,899,17168,10003,166,3829,6625,23,2275],"class_list":["post-619464","post","type-post","status-publish","format-standard","has-post-thumbnail","category-salud","tag-contagio","tag-enfermedad","tag-erupcion","tag-es","tag-espana","tag-health","tag-nino","tag-pediatria","tag-piel","tag-salud","tag-sarampion","tag-sintomas","tag-spain","tag-virus"],"share_on_mastodon":{"url":"https:\/\/pubeurope.com\/@es\/116791086281268037","error":""},"_links":{"self":[{"href":"https:\/\/www.europesays.com\/es\/wp-json\/wp\/v2\/posts\/619464","targetHints":{"allow":["GET"]}}],"collection":[{"href":"https:\/\/www.europesays.com\/es\/wp-json\/wp\/v2\/posts"}],"about":[{"href":"https:\/\/www.europesays.com\/es\/wp-json\/wp\/v2\/types\/post"}],"author":[{"embeddable":true,"href":"https:\/\/www.europesays.com\/es\/wp-json\/wp\/v2\/users\/2"}],"replies":[{"embeddable":true,"href":"https:\/\/www.europesays.com\/es\/wp-json\/wp\/v2\/comments?post=619464"}],"version-history":[{"count":0,"href":"https:\/\/www.europesays.com\/es\/wp-json\/wp\/v2\/posts\/619464\/revisions"}],"wp:featuredmedia":[{"embeddable":true,"href":"https:\/\/www.europesays.com\/es\/wp-json\/wp\/v2\/media\/619465"}],"wp:attachment":[{"href":"https:\/\/www.europesays.com\/es\/wp-json\/wp\/v2\/media?parent=619464"}],"wp:term":[{"taxonomy":"category","embeddable":true,"href":"https:\/\/www.europesays.com\/es\/wp-json\/wp\/v2\/categories?post=619464"},{"taxonomy":"post_tag","embeddable":true,"href":"https:\/\/www.europesays.com\/es\/wp-json\/wp\/v2\/tags?post=619464"}],"curies":[{"name":"wp","href":"https:\/\/api.w.org\/{rel}","templated":true}]}}