{"id":619486,"date":"2026-06-22T01:27:30","date_gmt":"2026-06-22T01:27:30","guid":{"rendered":"https:\/\/www.europesays.com\/es\/619486\/"},"modified":"2026-06-22T01:27:30","modified_gmt":"2026-06-22T01:27:30","slug":"juana-viale-se-sumo-a-la-tendencia-del-pijama-a-la-calle","status":"publish","type":"post","link":"https:\/\/www.europesays.com\/es\/619486\/","title":{"rendered":"Juana Viale se sum\u00f3 a la tendencia del pijama a la calle"},"content":{"rendered":"<p>\t\t<img loading=\"lazy\" width=\"749\" height=\"561\" src=\"https:\/\/www.europesays.com\/es\/wp-content\/uploads\/2026\/06\/JUANA-VIALE-DESTACADA-1-749x561.jpg.webp\" class=\"attachment-single size-single wp-post-image\" alt=\"\" decoding=\"async\"\/>\t\t<\/p>\n<p>La conductora apost\u00f3 por un conjunto de sat\u00e9n multicolor para una nueva emisi\u00f3n de Almorzando con Juana. Un estilismo que refleja una de las tendencias m\u00e1s fuertes del momento: llevar prendas de inspiraci\u00f3n pijamera fuera del dormitorio.\t\t<\/p>\n<p>\t\t\t\t<a href=\"https:\/\/google.com\/preferences\/source?q=parati.com.ar\" target=\"_blank\" rel=\"nofollow noopener\"><br \/>\n\t\t\t\t\t<img decoding=\"async\" src=\"https:\/\/www.europesays.com\/es\/wp-content\/uploads\/2026\/06\/google_preferred_source.png\" alt=\"Agregar como fuente preferida en Google\"\/><br \/>\n\t\t\t\t<\/a><\/p>\n<p>En una nueva emisi\u00f3n de Almorzando con Juana,<strong> Juana Viale<\/strong> volvi\u00f3 a convertir su look en protagonista. Esta vez, la conductora eligi\u00f3 un <strong>conjunto estampado de sat\u00e9n que llam\u00f3 la atenci\u00f3n no solo por su colorido sino tambi\u00e9n por su impronta relajada<\/strong>, alineada con una de las tendencias m\u00e1s fuertes de la temporada: <strong>el pijama<\/strong>.<\/p>\n<p>Compuesto por una remera y pantal\u00f3n de sat\u00e9n de estampa geom\u00e9trica en tonos naranja, negro y blanco de Etiqueta Negra, outfit fue definido por la propia <strong>Juana como un look \u00abmedio pijam\u00edstico\u00bb<\/strong>. <\/p>\n<p>Con humor, explic\u00f3 al aire: <strong>\u00abTengo un conjunto de remera y pantal\u00f3n de sat\u00e9n estampado en colores naranja, negro y blanco. Todo un total look muy hermos\u00edsimo, medio pijam\u00edstico. As\u00ed que los que no quieran salir de la cama tambi\u00e9n se lo pueden poner&#8230;\u00bb.<\/strong><\/p>\n<p><img decoding=\"async\" src=\"https:\/\/www.europesays.com\/es\/wp-content\/uploads\/2026\/06\/SaveClip.App_727799338_18034243814815386_7071042737457069987_n-577x1024.jpg.webp\" loading=\"lazy\" alt=\"\" class=\"wp-image-3202442\"\/>Look pijama de Juana Viale<\/p>\n<p>Lejos de tratarse de una simple referencia, la conductora se sum\u00f3 as\u00ed a una corriente fashionista que viene creciendo con fuerza en las pasarelas y el street style internacional. <strong>Los conjuntos de dos piezas inspirados en la ropa de dormir dejaron de pertenecer exclusivamente al universo hogare\u00f1o para convertirse en una propuesta urbana, sofisticada y con mucha personalidad.<\/strong><\/p>\n<p>La clave est\u00e1 en las telas fluidas, las siluetas relajadas y los estampados protagonistas. Lo que antes era sin\u00f3nimo de comodidad dom\u00e9stica hoy aparece reinterpretado en <strong>looks aptos para el d\u00eda y la noche<\/strong>, especialmente cuando se combinan con accesorios llamativos, maquillaje cuidado y peinados elaborados.<\/p>\n<p><img loading=\"lazy\" decoding=\"async\" width=\"1080\" height=\"1439\" src=\"https:\/\/www.europesays.com\/es\/wp-content\/uploads\/2026\/06\/SaveClip.App_726820886_18406120234156240_8490574360525049537_n.webp\" alt=\"\" class=\"wp-image-3202447\"\/>Look pijama de Juana Viale<\/p>\n<p>En el caso de Juana, el estilismo se complet\u00f3 con <strong>dos rodetes trenzados realizados por Juan Fojo y un maquillaje natural con delineado interno a cargo de Cris Sep\u00falveda<\/strong>. El resultado fue una imagen fresca, juvenil y descontracturada que reforz\u00f3 el esp\u00edritu relajado del conjunto.<\/p>\n<p><img loading=\"lazy\" decoding=\"async\" width=\"1080\" height=\"1439\" src=\"https:\/\/www.europesays.com\/es\/wp-content\/uploads\/2026\/06\/SaveClip.App_728704376_18406120198156240_6458350858947962456_n.webp\" alt=\"\" class=\"wp-image-3202445\"\/>Look pijama de Juana Viale<\/p>\n<p>La tendencia del pijama a la calle tambi\u00e9n encuentra inspiraci\u00f3n en la <strong>est\u00e9tica boho chic<\/strong>, una de las grandes protagonistas de 2026. <strong>Textiles fluidos, estampas florales o geom\u00e9tricas y accesorios de gran impacto visual son algunos de los recursos que permiten transformar estas prendas en verdaderos looks de moda.<\/strong><\/p>\n<p><img loading=\"lazy\" decoding=\"async\" width=\"1080\" height=\"1136\" src=\"https:\/\/www.europesays.com\/es\/wp-content\/uploads\/2026\/06\/SaveClip.App_725270690_18406120216156240_8870461926644236895_n.webp\" alt=\"\" class=\"wp-image-3202444\"\/>Look pijama de Juana Viale<\/p>\n<p>Con esta elecci\u00f3n, Juana Viale volvi\u00f3 a demostrar su capacidad para interpretar las tendencias y adaptarlas a su estilo personal, apostando por una moda que privilegia la <strong>comodidad sin resignar sofisticaci\u00f3n.<\/strong><\/p>\n<p>\t\t\t\u00a0 <\/p>\n<p>\t\t\t\t\t\t\t\t\tTEMAS<\/p>\n","protected":false},"excerpt":{"rendered":"La conductora apost\u00f3 por un conjunto de sat\u00e9n multicolor para una nueva emisi\u00f3n de Almorzando con Juana. Un&hellip;\n","protected":false},"author":2,"featured_media":619487,"comment_status":"","ping_status":"","sticky":false,"template":"","format":"standard","meta":{"footnotes":""},"categories":[171],"tags":[35246,115467,22105,115466,146,147,25,24,101231,115462,115465,115463,23,115464,2922,214],"class_list":["post-619486","post","type-post","status-publish","format-standard","has-post-thumbnail","category-tv","tag-almorzando-con-juana","tag-boho-chic","tag-celebrity-style","tag-conjunto-de-saten","tag-entertainment","tag-entretenimiento","tag-es","tag-espana","tag-juana-viale","tag-look-de-juana-viale","tag-moda-invierno-2026","tag-pijama-a-la-calle","tag-spain","tag-tendencia-pijama","tag-tendencias","tag-tv"],"share_on_mastodon":{"url":"https:\/\/pubeurope.com\/@es\/116791165723330989","error":""},"_links":{"self":[{"href":"https:\/\/www.europesays.com\/es\/wp-json\/wp\/v2\/posts\/619486","targetHints":{"allow":["GET"]}}],"collection":[{"href":"https:\/\/www.europesays.com\/es\/wp-json\/wp\/v2\/posts"}],"about":[{"href":"https:\/\/www.europesays.com\/es\/wp-json\/wp\/v2\/types\/post"}],"author":[{"embeddable":true,"href":"https:\/\/www.europesays.com\/es\/wp-json\/wp\/v2\/users\/2"}],"replies":[{"embeddable":true,"href":"https:\/\/www.europesays.com\/es\/wp-json\/wp\/v2\/comments?post=619486"}],"version-history":[{"count":0,"href":"https:\/\/www.europesays.com\/es\/wp-json\/wp\/v2\/posts\/619486\/revisions"}],"wp:featuredmedia":[{"embeddable":true,"href":"https:\/\/www.europesays.com\/es\/wp-json\/wp\/v2\/media\/619487"}],"wp:attachment":[{"href":"https:\/\/www.europesays.com\/es\/wp-json\/wp\/v2\/media?parent=619486"}],"wp:term":[{"taxonomy":"category","embeddable":true,"href":"https:\/\/www.europesays.com\/es\/wp-json\/wp\/v2\/categories?post=619486"},{"taxonomy":"post_tag","embeddable":true,"href":"https:\/\/www.europesays.com\/es\/wp-json\/wp\/v2\/tags?post=619486"}],"curies":[{"name":"wp","href":"https:\/\/api.w.org\/{rel}","templated":true}]}}