{"id":619488,"date":"2026-06-22T01:30:19","date_gmt":"2026-06-22T01:30:19","guid":{"rendered":"https:\/\/www.europesays.com\/es\/619488\/"},"modified":"2026-06-22T01:30:19","modified_gmt":"2026-06-22T01:30:19","slug":"la-fiesta-del-ascenso-ya-tiene-hora-e-itinerario-el-malaga-cf-celebrara-su-rua-este-lunes","status":"publish","type":"post","link":"https:\/\/www.europesays.com\/es\/619488\/","title":{"rendered":"La fiesta del ascenso ya tiene hora e itinerario: el M\u00e1laga CF celebrar\u00e1 su r\u00faa este lunes"},"content":{"rendered":"<p class=\"ft-text\">Un <strong>ascenso <\/strong>siempre es motivo de celebraci\u00f3n. Que sea a <strong>Primera Divisi\u00f3n<\/strong>, conseguirlo <strong>ocho a\u00f1os despu\u00e9s<\/strong>, que los protagonistas sean un grupo de <strong>chavales de la cantera<\/strong> y que estuviese toda la <strong>ciudad hermanada con el equipo<\/strong> es sin\u00f3nimo de r\u00faa hist\u00f3rica. La esencia de &#8216;disfrutones&#8217; se lleva demostrando desde mucho antes de <a class=\"ft-link ft-link--decoration\" href=\"https:\/\/www.laopiniondemalaga.es\/malagacf\/2026\/06\/20\/malaga-vuelve-ocho-anos-despues-131637469.html\" target=\"_blank\" rel=\"nofollow noopener\">imponerse este s\u00e1bado al UD Almer\u00eda en su estadio (1-2)<\/a>. Y, por supuesto, se sigui\u00f3 evidenciando las horas posteriores. Ahora, desde el <a class=\"ft-link ft-link--decoration\" href=\"https:\/\/www.malagacf.com\/\" target=\"_blank\" rel=\"nofollow noopener\">M\u00e1laga CF<\/a> confirmaron el <strong>itinerario <\/strong>que, como ya adelant\u00f3 el alcalde, se disfrutar\u00e1 este <strong>lunes 22<\/strong>.<\/p>\n<p class=\"ft-text\">Solo la opci\u00f3n de volver a librar batallas con los mejores equipos del pa\u00eds ya moviliz\u00f3 a <a class=\"ft-link ft-link--decoration\" href=\"https:\/\/www.laopiniondemalaga.es\/malagacf\/2026\/06\/20\/aficion-malaga-cf-calienta-motores-131630551.html\" target=\"_blank\" rel=\"nofollow noopener\">unos 5.000 aficionados blanquiazules hasta Almer\u00eda<\/a> que, sin entrada, quisieron arropar todo lo posible al conjunto de <strong>Juanfran Funes<\/strong>. Mientras la fiesta empezaba dentro y fuera del UD Almer\u00eda Stadium, <a class=\"ft-link ft-link--decoration\" href=\"https:\/\/www.laopiniondemalaga.es\/malagacf\/2026\/06\/21\/malaga-echo-calle-celebrar-ascenso-primera-131640216.html\" target=\"_blank\" rel=\"nofollow noopener\">M\u00e1laga se lanzaba a las calles para festejar<\/a> tan <strong>solo dos a\u00f1os despu\u00e9s de haber logrado salir de Primera RFEF<\/strong>.<\/p>\n<p>El malaguismo citado el lunes 22<\/p>\n<p class=\"ft-text\">Tal y como <strong>Paco de la Torre, alcalde de M\u00e1laga<\/strong>, anunci\u00f3 el s\u00e1bado al t\u00e9rmino del duelo que certific\u00f3 el sue\u00f1o, en el que estuvo presente, la cita que pondr\u00e1 el broche a un curso absolutamente fren\u00e9tico ser\u00e1 este <strong>lunes 22 de junio<\/strong>. El domingo fue d\u00eda de &#8216;descanso&#8217;, m\u00e1s liberado para que tambi\u00e9n la Costa del Sol pudiese seguir el encuentro de Espa\u00f1a contra Arabia Saud\u00ed de la segunda jornada de la fase de grupos del Mundial 2026.<\/p>\n<p class=\"ft-text\">La <strong>plantilla del M\u00e1laga CF y el cuerpo t\u00e9cnico recorrer\u00e1n en un autob\u00fas<\/strong> descapotable las principales calles de la capital malague\u00f1a para celebrar con sus aficionados el ascenso a Primera. El <a class=\"ft-link ft-link--decoration\" href=\"https:\/\/www.laopiniondemalaga.es\/malagacf\/2024\/06\/23\/espectacular-celebracion-ascenso-malaga-cf-104185052.html\" target=\"_blank\" rel=\"nofollow noopener\">recorrido ser\u00e1 muy parecido al de la r\u00faa de celebraci\u00f3n que los boquerones realizaron tras subir a la categor\u00eda de plata en 2024<\/a>.<\/p>\n<p>Recorrido<\/p>\n<p class=\"ft-text\">La celebraci\u00f3n del ascenso del M\u00e1laga CF recorrer\u00e1 algunos de los lugares m\u00e1s emblem\u00e1ticos de la ciudad en una jornada dise\u00f1ada para compartir el \u00e9xito con toda la afici\u00f3n malaguista.<\/p>\n<p class=\"ft-text\">La comitiva partir\u00e1 desde el <strong>Estadio La Rosaleda a las 17:45 horas<\/strong>, dando comienzo a un recorrido que tendr\u00e1 su primera parada en la <strong>tradicional ofrenda al Cautivo, prevista para las 18:15 horas<\/strong>. Posteriormente, el equipo se desplazar\u00e1 hasta la <strong>Plaza de la Marina<\/strong>, donde se ir\u00e1 a la <strong>Diputaci\u00f3n Provincial a partir de las 19:00 horas<\/strong>.<\/p>\n<p class=\"ft-text\">El siguiente punto del itinerario ser\u00e1 el <strong>Ayuntamiento de M\u00e1laga<\/strong>, con llegada estimada a las <strong>19:45 horas<\/strong>, antes de poner rumbo a la \u00faltima parada de la jornada. La celebraci\u00f3n concluir\u00e1 en la iglesia de la <strong>Divina Pastora<\/strong>, donde est\u00e1 prevista la llegada del equipo alrededor de las <strong>20:45 horas<\/strong>.<\/p>\n<p class=\"ft-text\">Desde el club malaguista aclaran que todos los horarios son aproximados y podr\u00e1n sufrir modificaciones en funci\u00f3n del desarrollo de los actos y del transcurso del recorrido.<\/p>\n<p>Otra imagen imborrable para el M\u00e1laga CF y el malaguismo<\/p>\n<p class=\"ft-text\">Parecen incesantes <a class=\"ft-link ft-link--decoration\" href=\"https:\/\/www.laopiniondemalaga.es\/malagacf\/2026\/06\/21\/aficion-malaga-cf-enloquecio-bichos-ascenso-131640030.html\" target=\"_blank\" rel=\"nofollow noopener\">las im\u00e1genes hist\u00f3ricas que dejar\u00e1 esta temporada en clave M\u00e1laga CF<\/a>, que bonito. Este lunes 22, la afici\u00f3n, que ha ido ganando adeptos gracias a un grupo que ha sabido transmitir a la perfecci\u00f3n un profundo sentimiento, y el equipo de <a class=\"ft-link ft-link--decoration\" href=\"https:\/\/www.laopiniondemalaga.es\/malagacf\/2026\/06\/21\/funes-alzar-malaga-cf-primera-division-131639925.html\" target=\"_blank\" rel=\"nofollow noopener\">Juanfran Funes<\/a> tendr\u00e1 un \u00faltimo baile. El previo a <strong>volver a recorrer los estadios de mayor nivel del panorama futbol\u00edstico espa\u00f1ol<\/strong>. Solo queda <strong>seguir escribiendo la historia&#8230;<\/strong><\/p>\n","protected":false},"excerpt":{"rendered":"Un ascenso siempre es motivo de celebraci\u00f3n. Que sea a Primera Divisi\u00f3n, conseguirlo ocho a\u00f1os despu\u00e9s, que los&hellip;\n","protected":false},"author":2,"featured_media":619489,"comment_status":"","ping_status":"","sticky":false,"template":"","format":"standard","meta":{"footnotes":""},"categories":[93],"tags":[2984,6421,13103,168,25,24,2328,32234,3855,1963,1429,15499,23,167,4660],"class_list":["post-619488","post","type-post","status-publish","format-standard","has-post-thumbnail","category-deportes","tag-aficionados","tag-ascenso","tag-cf","tag-deportes","tag-es","tag-espana","tag-fiesta","tag-itinerario","tag-malaga","tag-malaga-cf","tag-plantilla","tag-rua","tag-spain","tag-sports","tag-ud-almeria"],"share_on_mastodon":{"url":"https:\/\/pubeurope.com\/@es\/116791176714805747","error":""},"_links":{"self":[{"href":"https:\/\/www.europesays.com\/es\/wp-json\/wp\/v2\/posts\/619488","targetHints":{"allow":["GET"]}}],"collection":[{"href":"https:\/\/www.europesays.com\/es\/wp-json\/wp\/v2\/posts"}],"about":[{"href":"https:\/\/www.europesays.com\/es\/wp-json\/wp\/v2\/types\/post"}],"author":[{"embeddable":true,"href":"https:\/\/www.europesays.com\/es\/wp-json\/wp\/v2\/users\/2"}],"replies":[{"embeddable":true,"href":"https:\/\/www.europesays.com\/es\/wp-json\/wp\/v2\/comments?post=619488"}],"version-history":[{"count":0,"href":"https:\/\/www.europesays.com\/es\/wp-json\/wp\/v2\/posts\/619488\/revisions"}],"wp:featuredmedia":[{"embeddable":true,"href":"https:\/\/www.europesays.com\/es\/wp-json\/wp\/v2\/media\/619489"}],"wp:attachment":[{"href":"https:\/\/www.europesays.com\/es\/wp-json\/wp\/v2\/media?parent=619488"}],"wp:term":[{"taxonomy":"category","embeddable":true,"href":"https:\/\/www.europesays.com\/es\/wp-json\/wp\/v2\/categories?post=619488"},{"taxonomy":"post_tag","embeddable":true,"href":"https:\/\/www.europesays.com\/es\/wp-json\/wp\/v2\/tags?post=619488"}],"curies":[{"name":"wp","href":"https:\/\/api.w.org\/{rel}","templated":true}]}}