{"id":61959,"date":"2025-08-21T07:25:10","date_gmt":"2025-08-21T07:25:10","guid":{"rendered":"https:\/\/www.europesays.com\/es\/61959\/"},"modified":"2025-08-21T07:25:10","modified_gmt":"2025-08-21T07:25:10","slug":"no-queremos-que-levanten-en-recta","status":"publish","type":"post","link":"https:\/\/www.europesays.com\/es\/61959\/","title":{"rendered":"No queremos que levanten en recta"},"content":{"rendered":"<p data-journey-content=\"true\" data-node-id=\"2\" class=\"css-i9p093 emevuu60\">La nueva normativa de motores est\u00e1 a la vuelta de la esquina, y ya ha dado m\u00e1s de un tema de conversaci\u00f3n entre los integrantes del paddock. Uno de los m\u00e1s sonados fue el posible regreso de los motores V10, una idea que ten\u00eda sus defensores como Lewis Hamilton o Max Verstappen, y otros que no terminaban de estar convencidos, <a href=\"https:\/\/www.caranddriver.com\/es\/formula-1\/a64327033\/fernando-alonso-opone-ruido-motores-v10-formula-1-no-contra-tiempo\/\" target=\"_blank\" data-vars-ga-outbound-link=\"https:\/\/www.caranddriver.com\/es\/formula-1\/a64327033\/fernando-alonso-opone-ruido-motores-v10-formula-1-no-contra-tiempo\/\" data-vars-ga-ux-element=\"Hyperlink\" data-vars-ga-call-to-action=\"como lo eran Fernando Alonso\" data-node-id=\"2.1\" class=\"body-link css-168zq96 emevuu60\" rel=\"nofollow noopener\">como lo eran Fernando Alonso<\/a> o Toto Wolff, quien aseguraba que era un paso atr\u00e1s para la F\u00f3rmula 1.<\/p>\n<p>Nikolas Tombazis y las preocupaciones de la FIA<\/p>\n<p data-journey-content=\"true\" data-node-id=\"4\" class=\"css-i9p093 emevuu60\">Sin embargo, el tema que m\u00e1s ha preocupado desde que se dieron los detalles sobre esta nueva reglamentaci\u00f3n fue el porcentaje de energ\u00eda el\u00e9ctrica que se quer\u00eda destinar a los motores. <strong data-node-id=\"4.1\">En un principio, la idea de la FIA era que el 50% fuera motor de combusti\u00f3n, mientras que el otro 50% fuera parte el\u00e9ctrica. <\/strong>A pesar de ello, la Federaci\u00f3n Internacional de Automovilismo decidi\u00f3 hacer <a href=\"https:\/\/www.caranddriver.com\/es\/formula-1\/a65165190\/fia-unidades-potencia-de-2026-cambio-clasificacion\/\" target=\"_blank\" data-vars-ga-outbound-link=\"https:\/\/www.caranddriver.com\/es\/formula-1\/a65165190\/fia-unidades-potencia-de-2026-cambio-clasificacion\/\" data-vars-ga-ux-element=\"Hyperlink\" data-vars-ga-call-to-action=\"un cambio en la repartici\u00f3n de porcentajes a 65\/35,\" data-node-id=\"4.3\" class=\"body-link css-168zq96 emevuu60\" rel=\"nofollow noopener\">un cambio en la repartici\u00f3n de porcentajes a 65\/35,<\/a> dando una mayor relevancia al apartado de combusti\u00f3n.<\/p>\n<p data-journey-content=\"true\" data-node-id=\"5\" class=\"css-i9p093 emevuu60\">Recientemente, el director de monoplazas de la FIA ya advert\u00eda que los coches de 2026 <strong data-node-id=\"5.1\"><a href=\"https:\/\/www.caranddriver.com\/es\/formula-1\/a65807135\/fia-mensaje-advertencia-nueva-normativa-f1-2026-coches-mas-lentos\/\" target=\"_blank\" data-vars-ga-outbound-link=\"https:\/\/www.caranddriver.com\/es\/formula-1\/a65807135\/fia-mensaje-advertencia-nueva-normativa-f1-2026-coches-mas-lentos\/\" data-vars-ga-ux-element=\"Hyperlink\" data-vars-ga-call-to-action=\"\u201cser\u00e1n entre uno y dos segundos m\u00e1s lentos por vuelta\u201d\" data-node-id=\"5.1.0\" class=\"body-link css-168zq96 emevuu60\" rel=\"nofollow noopener\">\u201cser\u00e1n entre uno y dos segundos m\u00e1s lentos por vuelta\u201d<\/a>, algo a lo que no le dio demasiada importancia, asegurando que en otras normativas ha pasado algo parecido. <\/strong>Esta vez, Nikolas Tombazis ha detallado las preocupaciones que tiene la F1 de cara a la temporada que viene, en especial en el apartado el\u00e9ctrico, que ir\u00e1 variando con el paso de las carreras. <\/p>\n<p><img draggable=\"true\" alt=\"moto honda f1 2023\" title=\"Moto HONDA F1 2023\" loading=\"lazy\" width=\"4000\" height=\"2667\" decoding=\"async\" data-nimg=\"1\" style=\"color:transparent;width:100%;height:auto;\"   src=\"https:\/\/www.europesays.com\/es\/wp-content\/uploads\/2025\/08\/gettyimages-1688604506-1-68a5e03348c52.jpg\" class=\"css-0 e1g79fud0\"\/><a target=\"_blank\" rel=\"noopener nofollow\" data-theme-key=\"base-link\" href=\"https:\/\/pinterest.com\/pin\/create\/button\/?url=https:\/\/www.caranddriver.com\/es\/formula-1\/a65830740\/fia-mayores-preocupaciones-normativa-f1-2026-no-levanten-recta\/&amp;description=&amp;media=https:\/\/hips.hearstapps.com\/hmg-prod\/images\/gettyimages-1688604506-1-68a5e03348c52.jpg?resize=1600:*\" class=\"pinterest css-on9hn5 e1c1bym14\"><img decoding=\"async\" data-dynamic-svg=\"true\" src=\"https:\/\/www.caranddriver.com\/_assets\/design-tokens\/fre\/static\/icons\/social\/pinterest.e8cf655.svg?primary=%2523ffffff\" loading=\"lazy\" data-testid=\"dynamic-svg-base\" height=\"auto\" width=\"auto\" alt=\"pinterest\" class=\"css-4lml0h e1mlxuuw1\"\/><\/a><\/p>\n<p>NurPhoto<\/p>\n<p data-journey-content=\"true\" data-node-id=\"8\" class=\"css-i9p093 emevuu60\">\u201cTenemos distintas herramientas con las que trabajar: la potencia m\u00e1xima, la velocidad con la que cae la entrega el\u00e9ctrica en recta, <strong data-node-id=\"8.1\">la energ\u00eda m\u00e1xima que se puede recuperar, etc. Hay varios instrumentos que podemos utilizar, y lo haremos<\/strong>\u201d, dec\u00eda el director de monoplazas de la FIA.<\/p>\n<p data-journey-content=\"true\" data-node-id=\"9\" class=\"css-i9p093 emevuu60\">\u201c<strong data-node-id=\"9.1\">Habr\u00e1 algunos cambios m\u00e1s para gestionar mejor la energ\u00eda y garantizar que los coches no reduzcan en rectas, que no hagan cosas raras o que<\/strong>, digamos, no sucedan cosas antinaturales\u201d, prosigui\u00f3.<\/p>\n<p data-journey-content=\"true\" data-node-id=\"10\" class=\"css-i9p093 emevuu60\">\u201cLo que no queremos es una situaci\u00f3n en la que los pilotos tengan que levantar. Queremos asegurarnos, absoluta e incondicionalmente, de que no deban hacerlo en ciertos lugares ni que tengan que hacer cosas extra\u00f1as con la energ\u00eda disponible. <strong data-node-id=\"10.1\">Si los pilotos tienen que ir m\u00e1s r\u00e1pido, debe ser con pedal a fondo, como dicen<\/strong>\u201d, concluy\u00f3 Nikolas Tombazis. <\/p>\n<p data-journey-content=\"true\" data-node-id=\"11\" class=\"css-i9p093 emevuu60\">Es as\u00ed como el director de monoplazas de la FIA ha querido detallar cu\u00e1les son las preocupaciones que tienen de cara a la nueva normativa de 2026.<\/p>\n<p>Contenidos relacionados<\/p>\n","protected":false},"excerpt":{"rendered":"La nueva normativa de motores est\u00e1 a la vuelta de la esquina, y ya ha dado m\u00e1s de&hellip;\n","protected":false},"author":2,"featured_media":61960,"comment_status":"","ping_status":"","sticky":false,"template":"","format":"standard","meta":{"footnotes":""},"categories":[270],"tags":[168,253,25,24,306,271,272,23,167],"class_list":{"0":"post-61959","1":"post","2":"type-post","3":"status-publish","4":"format-standard","5":"has-post-thumbnail","7":"category-formula-1","8":"tag-deportes","9":"tag-discover","10":"tag-es","11":"tag-espana","12":"tag-f1","13":"tag-formula-1","14":"tag-formula1","15":"tag-spain","16":"tag-sports"},"share_on_mastodon":{"url":"","error":""},"_links":{"self":[{"href":"https:\/\/www.europesays.com\/es\/wp-json\/wp\/v2\/posts\/61959","targetHints":{"allow":["GET"]}}],"collection":[{"href":"https:\/\/www.europesays.com\/es\/wp-json\/wp\/v2\/posts"}],"about":[{"href":"https:\/\/www.europesays.com\/es\/wp-json\/wp\/v2\/types\/post"}],"author":[{"embeddable":true,"href":"https:\/\/www.europesays.com\/es\/wp-json\/wp\/v2\/users\/2"}],"replies":[{"embeddable":true,"href":"https:\/\/www.europesays.com\/es\/wp-json\/wp\/v2\/comments?post=61959"}],"version-history":[{"count":0,"href":"https:\/\/www.europesays.com\/es\/wp-json\/wp\/v2\/posts\/61959\/revisions"}],"wp:featuredmedia":[{"embeddable":true,"href":"https:\/\/www.europesays.com\/es\/wp-json\/wp\/v2\/media\/61960"}],"wp:attachment":[{"href":"https:\/\/www.europesays.com\/es\/wp-json\/wp\/v2\/media?parent=61959"}],"wp:term":[{"taxonomy":"category","embeddable":true,"href":"https:\/\/www.europesays.com\/es\/wp-json\/wp\/v2\/categories?post=61959"},{"taxonomy":"post_tag","embeddable":true,"href":"https:\/\/www.europesays.com\/es\/wp-json\/wp\/v2\/tags?post=61959"}],"curies":[{"name":"wp","href":"https:\/\/api.w.org\/{rel}","templated":true}]}}