{"id":619605,"date":"2026-06-22T03:18:24","date_gmt":"2026-06-22T03:18:24","guid":{"rendered":"https:\/\/www.europesays.com\/es\/619605\/"},"modified":"2026-06-22T03:18:24","modified_gmt":"2026-06-22T03:18:24","slug":"el-ciclismo-toma-vigo-con-la-primera-edicion-del-dia-de-la-bici-de-atlantico","status":"publish","type":"post","link":"https:\/\/www.europesays.com\/es\/619605\/","title":{"rendered":"El ciclismo toma Vigo con la primera edici\u00f3n del D\u00eda de la Bici de Atl\u00e1ntico"},"content":{"rendered":"<p>                                                <img decoding=\"async\" loading=\"eager\" src=\"https:\/\/www.europesays.com\/es\/wp-content\/uploads\/2026\/06\/bad7e109-f4b8-4ecb-bccd-84cf288756f6_source-aspect-ratio_1600w_0.jpg\" alt=\"Galer\u00eda | El ciclismo toma Vigo con la primera edici\u00f3n del D\u00eda de la Bici de Atl\u00e1ntico\" title=\"Galer\u00eda | El ciclismo toma Vigo con la primera edici\u00f3n del D\u00eda de la Bici de Atl\u00e1ntico\" fetchpriority=\"high\" height=\"1066\" width=\"1600\"\/><\/p>\n<p>                Galer\u00eda | El ciclismo toma Vigo con la primera edici\u00f3n del D\u00eda de la Bici de Atl\u00e1ntico<\/p>\n<p>                    |<\/p>\n<p>                Jorge Santom\u00e9<\/p>\n<p class=\"paragraph-atom &#10;        B-500-300-700-N B-550-300-700-N--md  \">\n                    La\u00a0<strong>primera edici\u00f3n del D\u00eda de la\u00a0Bici <\/strong>llev\u00f3 este domingo a una marea azul de <a href=\"https:\/\/www.atlantico.net\/temas\/ciclismo\/\" rel=\"nofollow noopener\" target=\"_blank\">ciclistas <\/a>por diferentes calles de Vigo tomando como punto de partida y de llegada el Paseo de Alfonso XII.\n            <\/p>\n<p class=\"paragraph-atom &#10;        B-500-300-700-N B-550-300-700-N--md  \">\n                    El evento organizado por el programa\u00a0<strong>+Deporte Atl\u00e1ntico<\/strong>, con el patrocinio del Concello de Vigo y Coren y la colaboraci\u00f3n del Club Ciclista Vigu\u00e9s y la UNED, reuni\u00f3 a<strong>\u00a0un milar de personas de diferentes edades. <\/strong>\n            <\/p>\n<p class=\"paragraph-atom &#10;        B-500-300-700-N B-550-300-700-N--md  \">\n                    En esta <strong>galer\u00eda <\/strong>puedes ver algunas im\u00e1genes de la cita deportiva en la que tambi\u00e9n <strong>se sortearon importantes premios.<\/strong>\n            <\/p>\n<p class=\"title-text-atom     &#10;    &#10;    A-500-700-500-N&#10;    A-600-700-500-N--md&#10;    \">\n    Temas relacionados\n    <\/p>\n","protected":false},"excerpt":{"rendered":"Galer\u00eda | El ciclismo toma Vigo con la primera edici\u00f3n del D\u00eda de la Bici de Atl\u00e1ntico |&hellip;\n","protected":false},"author":2,"featured_media":619606,"comment_status":"","ping_status":"","sticky":false,"template":"","format":"standard","meta":{"footnotes":""},"categories":[273],"tags":[313,312,168,25,24,9192,1078,23,167,4350,1274],"class_list":["post-619605","post","type-post","status-publish","format-standard","has-post-thumbnail","category-ciclismo","tag-ciclismo","tag-cycling","tag-deportes","tag-es","tag-espana","tag-galeria","tag-primera","tag-spain","tag-sports","tag-toma","tag-vigo"],"share_on_mastodon":{"url":"https:\/\/pubeurope.com\/@es\/116791601187543590","error":""},"_links":{"self":[{"href":"https:\/\/www.europesays.com\/es\/wp-json\/wp\/v2\/posts\/619605","targetHints":{"allow":["GET"]}}],"collection":[{"href":"https:\/\/www.europesays.com\/es\/wp-json\/wp\/v2\/posts"}],"about":[{"href":"https:\/\/www.europesays.com\/es\/wp-json\/wp\/v2\/types\/post"}],"author":[{"embeddable":true,"href":"https:\/\/www.europesays.com\/es\/wp-json\/wp\/v2\/users\/2"}],"replies":[{"embeddable":true,"href":"https:\/\/www.europesays.com\/es\/wp-json\/wp\/v2\/comments?post=619605"}],"version-history":[{"count":0,"href":"https:\/\/www.europesays.com\/es\/wp-json\/wp\/v2\/posts\/619605\/revisions"}],"wp:featuredmedia":[{"embeddable":true,"href":"https:\/\/www.europesays.com\/es\/wp-json\/wp\/v2\/media\/619606"}],"wp:attachment":[{"href":"https:\/\/www.europesays.com\/es\/wp-json\/wp\/v2\/media?parent=619605"}],"wp:term":[{"taxonomy":"category","embeddable":true,"href":"https:\/\/www.europesays.com\/es\/wp-json\/wp\/v2\/categories?post=619605"},{"taxonomy":"post_tag","embeddable":true,"href":"https:\/\/www.europesays.com\/es\/wp-json\/wp\/v2\/tags?post=619605"}],"curies":[{"name":"wp","href":"https:\/\/api.w.org\/{rel}","templated":true}]}}