{"id":61961,"date":"2025-08-21T07:26:07","date_gmt":"2025-08-21T07:26:07","guid":{"rendered":"https:\/\/www.europesays.com\/es\/61961\/"},"modified":"2025-08-21T07:26:07","modified_gmt":"2025-08-21T07:26:07","slug":"ayuso-bagur-la-mejor-jugadora-nacional-24-25","status":"publish","type":"post","link":"https:\/\/www.europesays.com\/es\/61961\/","title":{"rendered":"Ayuso Bagur, la Mejor Jugadora Nacional 24-25"},"content":{"rendered":"<p>La \u2018uno\u2019 menorquina, <strong><a href=\"https:\/\/www.menorca.info\/etiqueta\/Aina+Ayuso+Bagur.html?utm_source=Inline-tag&amp;utm_medium=internal\" rel=\"nofollow noopener\" target=\"_blank\">Aina Ayuso Bagur<\/a><\/strong>, fue una de las protagonistas en la VI <strong>Gala del <a href=\"https:\/\/www.menorca.info\/etiqueta\/baloncesto.html?utm_source=Inline-tag&amp;utm_medium=internal\" rel=\"nofollow noopener\" target=\"_blank\">Baloncesto<\/a> Espa\u00f1ol<\/strong> organizada por la <a href=\"https:\/\/www.menorca.info\/etiqueta\/FEB.html?utm_source=Inline-tag&amp;utm_medium=internal\" rel=\"nofollow noopener\" target=\"_blank\">FEB<\/a> y <strong>diario &#8216;<a href=\"https:\/\/www.menorca.info\/etiqueta\/marca.html?utm_source=Inline-tag&amp;utm_medium=internal\" rel=\"nofollow noopener\" target=\"_blank\">Marca<\/a>&#8216;<\/strong> en el Hip\u00f3dromo de la Zarzuela de Madrid, donde se premi\u00f3 a los <strong>deportistas m\u00e1s destacados<\/strong> de la campa\u00f1a 2024-25. Y Ayuso Bagur fue galardonada como la <strong><a href=\"https:\/\/www.menorca.info\/etiqueta\/mejor+jugadora.html?utm_source=Inline-tag&amp;utm_medium=internal\" rel=\"nofollow noopener\" target=\"_blank\">Mejor Jugadora<\/a> Nacional de la temporada<\/strong>, despu\u00e9s que la base del Hozono Global Jairis firmara un a\u00f1o para enmarcar, mostr\u00e1ndose como una de las top en su puesto de la Liga Femenina espa\u00f1ola.<\/p>\n<p>Ayuso Bagur fue la <strong>jugadora espa\u00f1ola m\u00e1s valorada de la Liga Femenina Endesa<\/strong> y fue <strong>MVP de la Copa de la Reina<\/strong>, adem\u00e1s de debutar en su primera competici\u00f3n oficial con la <strong>Selecci\u00f3n Absoluta con una plata<\/strong>. La ciutadellenca se mostraba este mi\u00e9rcoles a trav\u00e9s de sus redes sociales, \u00ab<strong>muy agradecida por este reconocimiento y por haber compartido una noche tan especial con grandes referentes<\/strong> de nuestro deporte\u00bb, escribi\u00f3 la base, agradecida al diario &#8216;Marca&#8217; y a la FEB, \u00abpor hacerlo posible\u00bb.<\/p>\n","protected":false},"excerpt":{"rendered":"La \u2018uno\u2019 menorquina, Aina Ayuso Bagur, fue una de las protagonistas en la VI Gala del Baloncesto Espa\u00f1ol&hellip;\n","protected":false},"author":2,"featured_media":61962,"comment_status":"","ping_status":"","sticky":false,"template":"","format":"standard","meta":{"footnotes":""},"categories":[269],"tags":[25784,299,298,168,25,24,2612,3841,25785,23,167],"class_list":{"0":"post-61961","1":"post","2":"type-post","3":"status-publish","4":"format-standard","5":"has-post-thumbnail","7":"category-baloncesto","8":"tag-aina-ayuso-bagur","9":"tag-baloncesto","10":"tag-basketball","11":"tag-deportes","12":"tag-es","13":"tag-espana","14":"tag-feb","15":"tag-marca","16":"tag-mejor-jugadora","17":"tag-spain","18":"tag-sports"},"share_on_mastodon":{"url":"","error":""},"_links":{"self":[{"href":"https:\/\/www.europesays.com\/es\/wp-json\/wp\/v2\/posts\/61961","targetHints":{"allow":["GET"]}}],"collection":[{"href":"https:\/\/www.europesays.com\/es\/wp-json\/wp\/v2\/posts"}],"about":[{"href":"https:\/\/www.europesays.com\/es\/wp-json\/wp\/v2\/types\/post"}],"author":[{"embeddable":true,"href":"https:\/\/www.europesays.com\/es\/wp-json\/wp\/v2\/users\/2"}],"replies":[{"embeddable":true,"href":"https:\/\/www.europesays.com\/es\/wp-json\/wp\/v2\/comments?post=61961"}],"version-history":[{"count":0,"href":"https:\/\/www.europesays.com\/es\/wp-json\/wp\/v2\/posts\/61961\/revisions"}],"wp:featuredmedia":[{"embeddable":true,"href":"https:\/\/www.europesays.com\/es\/wp-json\/wp\/v2\/media\/61962"}],"wp:attachment":[{"href":"https:\/\/www.europesays.com\/es\/wp-json\/wp\/v2\/media?parent=61961"}],"wp:term":[{"taxonomy":"category","embeddable":true,"href":"https:\/\/www.europesays.com\/es\/wp-json\/wp\/v2\/categories?post=61961"},{"taxonomy":"post_tag","embeddable":true,"href":"https:\/\/www.europesays.com\/es\/wp-json\/wp\/v2\/tags?post=61961"}],"curies":[{"name":"wp","href":"https:\/\/api.w.org\/{rel}","templated":true}]}}