{"id":619855,"date":"2026-06-22T07:16:20","date_gmt":"2026-06-22T07:16:20","guid":{"rendered":"https:\/\/www.europesays.com\/es\/619855\/"},"modified":"2026-06-22T07:16:20","modified_gmt":"2026-06-22T07:16:20","slug":"el-museo-helga-de-alvear-renueva-su-colaboracion-con-amigos-del-museo","status":"publish","type":"post","link":"https:\/\/www.europesays.com\/es\/619855\/","title":{"rendered":"El Museo Helga de Alvear renueva su colaboraci\u00f3n con Amigos del Museo"},"content":{"rendered":"<p style=\"\">El Museo Helga de Alvear de C\u00e1ceres y la Asociaci\u00f3n de Amigos del Museo Helga de Alvear han renovado su convenio de colaboraci\u00f3n, para consolidar  &#8230; una alianza que contribuye a estrechar v\u00ednculos entre el museo y su comunidad, con el objetivo de difundir el arte contempor\u00e1neo y fortalecer una comunidad local activa en torno a la instituci\u00f3n.<\/p>\n<p class=\"v-d-p\" style=\"\">A trav\u00e9s de esta colaboraci\u00f3n, la asociaci\u00f3n continuar\u00e1 apoyando iniciativas vinculadas a los programas p\u00fablicos impulsados por el Helga. En palabras de Sandra Guimar\u00e3es, directora del Museo Helga de Alvear, la Asociaci\u00f3n de Amigos \u00abact\u00faa como un puente activo entre el museo y la sociedad, fomentando la participaci\u00f3n y el intercambio cultural\u00bb.<\/p>\n<p class=\"v-d-p\" style=\"\">\u00abEs una herramienta indispensable para articular la hospitalidad de la instituci\u00f3n con la comunidad local y un veh\u00edculo clave para la captaci\u00f3n de fondos. La continuidad de esta colaboraci\u00f3n resulta fundamental para fortalecer esa dimensi\u00f3n inclusiva de un museo abierto a todos\u00bb, ha se\u00f1alado.<\/p>\n<p class=\"v-d-p\" style=\"\">Por su parte, Cecilia Calder\u00f3n, presidenta de la asociaci\u00f3n, ha destacado que, desde su creaci\u00f3n en 2013, la Asociaci\u00f3n de Amigos del Museo Helga de Alvear \u00abtrabaja para apoyar y difundir la labor del museo, promoviendo actividades dirigidas a una comunidad comprometida con la cultura y el pensamiento contempor\u00e1neo\u00bb.<\/p>\n<p class=\"v-d-p\" style=\"\">\u00abCon la renovaci\u00f3n de este acuerdo, reafirmamos nuestro compromiso compartido para seguir impulsando conjuntamente la misi\u00f3n del Museo\u00bb, ha recalcado Calder\u00f3n, que ha recordado que los asociados disfrutan de un programa de actividades diversas, entre ellas viajes culturales, visitas comentadas gratuitas, ediciones de artistas, encuentros, descuentos en los programas del Museo, en los libros y en el merchandising, entre otras propuestas culturales.<\/p>\n<p class=\"v-d-p\" style=\"\">Con esta renovaci\u00f3n, el Museo Helga de Alvear contin\u00faa consolidando una comunidad activa en torno al arte contempor\u00e1neo y afianzando un modelo de museo abierto, participativo y conectado con la ciudadan\u00eda. La asociaci\u00f3n, abierta a nuevas incorporaciones, cuenta ya con m\u00e1s de 200 miembros y desea seguir creciendo d\u00eda a d\u00eda junto al Museo.<\/p>\n<p class=\"v-d-p\" style=\"\">Cabe recodar que el Museo Helga de Alvear de C\u00e1ceres alberga una de las colecciones privadas de arte contempor\u00e1neo internacional m\u00e1s relevantes de Europa, desarrollada a lo largo de 60 a\u00f1os por la destacada galerista, coleccionista y fil\u00e1ntropa Helga de Alvear (1936-2025).<\/p>\n<p class=\"v-d-p\" style=\"\">Con m\u00e1s de 3.000 obras de arte de m\u00e1s de 600 artistas de los cinco continentes, en la Colecci\u00f3n conviven creaciones de, por ejemplo, Thomas Hirschhorn, Dominique Gonz\u00e1lez-Foerster, Haegue Yang, Olafur Eliasson, Georg Baselitz, Tracey Moffatt, Walid Raad, Carmen Herrera, Gabriel Orozco o Isaac Julian, entre muchos otros.<\/p>\n<p class=\"v-d-p\" style=\"\">Adem\u00e1s de la colecci\u00f3n, el museo est\u00e1 desarrollando un ambicioso programa de exposiciones temporales, as\u00ed como proyectos de community engagement. El Museo Helga de Alvear es gratuito, accesible y abierto a todos, y constituye un lugar para la experimentaci\u00f3n, la investigaci\u00f3n y la difusi\u00f3n,<\/p>\n","protected":false},"excerpt":{"rendered":"El Museo Helga de Alvear de C\u00e1ceres y la Asociaci\u00f3n de Amigos del Museo Helga de Alvear han&hellip;\n","protected":false},"author":2,"featured_media":619856,"comment_status":"","ping_status":"","sticky":false,"template":"","format":"standard","meta":{"footnotes":""},"categories":[173],"tags":[24681,19156,229,233,231,230,598,232,234,146,147,25,24,24680,470,6656,23],"class_list":["post-619855","post","type-post","status-publish","format-standard","has-post-thumbnail","category-arte-y-diseno","tag-alvear","tag-amigos","tag-arte","tag-arte-y-diseno","tag-arts","tag-arts-and-design","tag-colaboracion","tag-design","tag-diseno","tag-entertainment","tag-entretenimiento","tag-es","tag-espana","tag-helga","tag-museo","tag-renueva","tag-spain"],"share_on_mastodon":{"url":"https:\/\/pubeurope.com\/@es\/116792537047625903","error":""},"_links":{"self":[{"href":"https:\/\/www.europesays.com\/es\/wp-json\/wp\/v2\/posts\/619855","targetHints":{"allow":["GET"]}}],"collection":[{"href":"https:\/\/www.europesays.com\/es\/wp-json\/wp\/v2\/posts"}],"about":[{"href":"https:\/\/www.europesays.com\/es\/wp-json\/wp\/v2\/types\/post"}],"author":[{"embeddable":true,"href":"https:\/\/www.europesays.com\/es\/wp-json\/wp\/v2\/users\/2"}],"replies":[{"embeddable":true,"href":"https:\/\/www.europesays.com\/es\/wp-json\/wp\/v2\/comments?post=619855"}],"version-history":[{"count":0,"href":"https:\/\/www.europesays.com\/es\/wp-json\/wp\/v2\/posts\/619855\/revisions"}],"wp:featuredmedia":[{"embeddable":true,"href":"https:\/\/www.europesays.com\/es\/wp-json\/wp\/v2\/media\/619856"}],"wp:attachment":[{"href":"https:\/\/www.europesays.com\/es\/wp-json\/wp\/v2\/media?parent=619855"}],"wp:term":[{"taxonomy":"category","embeddable":true,"href":"https:\/\/www.europesays.com\/es\/wp-json\/wp\/v2\/categories?post=619855"},{"taxonomy":"post_tag","embeddable":true,"href":"https:\/\/www.europesays.com\/es\/wp-json\/wp\/v2\/tags?post=619855"}],"curies":[{"name":"wp","href":"https:\/\/api.w.org\/{rel}","templated":true}]}}