{"id":619881,"date":"2026-06-22T07:37:15","date_gmt":"2026-06-22T07:37:15","guid":{"rendered":"https:\/\/www.europesays.com\/es\/619881\/"},"modified":"2026-06-22T07:37:15","modified_gmt":"2026-06-22T07:37:15","slug":"la-parada-del-mundial-la-ayuda-a-espana-y-una-victoria-faraonica-esto-es-lo-que-ha-pasado-esta-noche-en-el-mundial","status":"publish","type":"post","link":"https:\/\/www.europesays.com\/es\/619881\/","title":{"rendered":"La parada del Mundial, la &#8216;ayuda&#8217; a Espa\u00f1a y una victoria fara\u00f3nica: esto es lo que ha pasado esta noche en el Mundial"},"content":{"rendered":"<p class=\"ft-text\">Tres encuentros consecutivos cargados de m\u00e1xima emoci\u00f3n. Esto es lo que pas\u00f3 mientras dorm\u00edas (o no):<\/p>\n<p>La parada del Mundial <\/p>\n<p class=\"ft-text\">No suelen ser partidos especialmente vistosos los cercanos al 0-0, pero el duelo entre <strong>Ir\u00e1n y B\u00e9lgica<\/strong> dej\u00f3 emociones, buenos detalles y, sobre todo, una intervenci\u00f3n de esas que marcan el momento y que ser\u00e1 dif\u00edcil de superar en lo que queda de Mundial. <strong>De Cuyper remat\u00f3 un bal\u00f3n suelto a escasos metros de la porter\u00eda, pero Beiranvand se invent\u00f3 una parada milagrosa para evitar el gol.<\/strong> Espectacular.<\/p>\n<p class=\"ft-text\">La historia de <strong>Alireza Beiranvand<\/strong> es conmovedora. Creci\u00f3 en una familia n\u00f3mada y su padre no quer\u00eda que se dedicase al f\u00fatbol. Su sue\u00f1o lo llev\u00f3 a abandonar su hogar para llegar a <strong>Teher\u00e1n<\/strong>. All\u00ed, vivi\u00f3 en la calle varios a\u00f1os buscando club, trabajando de lo que pod\u00eda. Empez\u00f3 su carrera en el <strong>Naft Teher\u00e1n de Ir\u00e1n<\/strong> para despu\u00e9s unirse al <strong>Pers\u00e9polis<\/strong>. Se luc\u00eda bajo palos y dio el salto a <strong>Europa<\/strong> de la mano del <strong>Royal Antwerp de B\u00e9lgica. <\/strong>Tambi\u00e9n pas\u00f3 por el <strong>Boavista<\/strong>. Desde 2024 viste los colores del <strong>Tractor <\/strong>de la Persian Gulf League.<\/p>\n<p class=\"ft-text\">Posee, as\u00ed como dato curioso, un particular <strong>r\u00e9cord Guinness<\/strong>: logr\u00f3 el<strong> saque con la mano m\u00e1s largo <\/strong>en la historia del f\u00fatbol, con un registro de<strong> 61,026 <\/strong>metros. Sus manos estuvieron m\u00e1s firmes que nunca ante <strong>B\u00e9lgica <\/strong>y mantienen viva el sue\u00f1o de Ir\u00e1n de clasificarse por primera vez a la fase final de un <strong>Mundial<\/strong>. <\/p>\n<p>La &#8216;ayuda&#8217; a Espa\u00f1a<\/p>\n<p class=\"ft-text\">Despu\u00e9s de hacer los deberes y golear a Arabia Saud\u00ed, Espa\u00f1a ten\u00eda un ojo puesto en el partido entre Uruguay y Cabo Verde. <a class=\"ft-link ft-link--decoration\" href=\"https:\/\/www.sport.es\/es\/noticias\/mundial-futbol\/muslera-salio-fotos-uruguay-cabo-131664469\" rel=\"nofollow noopener\" target=\"_blank\">Y lo cierto es que el resultado no pudo ser mejor para los intereses de la \u2018Roja\u2019<\/a>. <strong>El conjunto charr\u00faa no pas\u00f3 del empate, Cabo Verde sum\u00f3 su primer punto hist\u00f3rico en un Mundial y los de Luis de la Fuente tienen la primera posici\u00f3n del grupo en bandeja<\/strong>.<\/p>\n<p>El Fara\u00f3n sube al trono<\/p>\n<p class=\"ft-text\">Ni neozelandeses ni egipcios hab\u00edan ganado nunca un partido en un <strong>Mundial<\/strong>. Tampoco superado la barrera de la fase de grupos. Con la intenci\u00f3n de romper la igualdad en el grupo de los empates y poner pie y medio en dieciseisavos, salieron a por el partido. La convicci\u00f3n de los <strong>Kiwis <\/strong>fue mayor y les sirvi\u00f3 para avanzarse en el marcador: anot\u00f3 <strong>Surman <\/strong>a pase del &#8216;famoso<strong>&#8216; Tim Payne.<\/strong><\/p>\n<p><img decoding=\"async\" src=\"https:\/\/www.europesays.com\/es\/wp-content\/uploads\/2026\/06\/35c88889-9e5c-41b5-b473-987fe8382f33_alta-libre-aspect-ratio_default_0_x600y225.jpg\" width=\"1200\" height=\"675\" alt=\"Salah complet\u00f3 la remontada de Egipto ante Nueva Zelanda\" class=\"ft-helper-img-rd\" loading=\"lazy\" fetchpriority=\"auto\"\/><\/p>\n<p class=\"ft-helper-fontColor-quaternary ft-helper-fontSize-body-S ft-helper-spacer-t-xxs\">Salah complet\u00f3 la remontada de Egipto ante Nueva Zelanda  \/ X<\/p>\n<p class=\"ft-text\">Los africanos se recompusieron en el segundo acto y le dieron la vuelta al partido en cuesti\u00f3n de minutos. <strong>Ziko <\/strong>empat\u00f3 y, qui\u00e9n si no, <a class=\"ft-link ft-link--decoration\" href=\"https:\/\/www.sport.es\/es\/noticias\/mundial-futbol\/salah-recuerda-le-llaman-faraon-131665047\" rel=\"nofollow noopener\" target=\"_blank\"><strong>Mohamed Salah<\/strong><\/a> complet\u00f3 la remontada. Los &#8216;All Whites&#8217; bajaron los brazos y encajaron un tercer gol, de <strong>Trezeguet<\/strong>. Egipto lidera en solitario el Grupo G y acaricia su primera fase final mundialista.<\/p>\n<p class=\"ft-text\">Con su tanto, <strong>Salah <\/strong>lleg\u00f3 a\u00a0<strong>tres\u00a0<\/strong>en las Copas del Mundo y super\u00f3 a<strong>\u00a0Abdel Rahman Fawzi<\/strong>\u00a0(<strong>dos\u00a0<\/strong>goles) como m\u00e1ximo anotador egipcio en el torneo.<\/p>\n<p>Hoy lunes, el men\u00fa<\/p>\n<ul class=\"ft-list ft-list--primary\" data-aida-text=\"\">\n<li class=\"ft-list__item\"><strong>19:00 \u00b7 Argentina &#8211; Austria\u00a0<\/strong>(Grupo J, Arlington)<\/li>\n<li class=\"ft-list__item\"><strong>23:00 \u00b7 Francia &#8211; Irak\u00a0<\/strong>(Grupo I, Filadelfia)<\/li>\n<li class=\"ft-list__item\"><strong>02:00 \u00b7 Noruega &#8211; Senegal<\/strong>\u00a0(Grupo I, Nueva Jersey)<\/li>\n<li class=\"ft-list__item\"><strong>05:00 \u00b7 Jordania &#8211; Argelia <\/strong>(Grupo J, Santa Clara)<\/li>\n<\/ul>\n<p class=\"ft-text\">Como siempre, podr\u00e9is seguir todos los encuentros y noticias del Mundial, en directo, en SPORT.<\/p>\n","protected":false},"excerpt":{"rendered":"Tres encuentros consecutivos cargados de m\u00e1xima emoci\u00f3n. Esto es lo que pas\u00f3 mientras dorm\u00edas (o no): La parada&hellip;\n","protected":false},"author":2,"featured_media":619882,"comment_status":"","ping_status":"","sticky":false,"template":"","format":"standard","meta":{"footnotes":""},"categories":[268],"tags":[3229,168,25,24,280,282,1070,32463,5997,281,23,167,1261],"class_list":["post-619881","post","type-post","status-publish","format-standard","has-post-thumbnail","category-futbol","tag-ayuda","tag-deportes","tag-es","tag-espana","tag-football","tag-futbol","tag-mundial","tag-mundial-2026","tag-parada","tag-soccer","tag-spain","tag-sports","tag-victoria"],"share_on_mastodon":{"url":"https:\/\/pubeurope.com\/@es\/116792620597539648","error":""},"_links":{"self":[{"href":"https:\/\/www.europesays.com\/es\/wp-json\/wp\/v2\/posts\/619881","targetHints":{"allow":["GET"]}}],"collection":[{"href":"https:\/\/www.europesays.com\/es\/wp-json\/wp\/v2\/posts"}],"about":[{"href":"https:\/\/www.europesays.com\/es\/wp-json\/wp\/v2\/types\/post"}],"author":[{"embeddable":true,"href":"https:\/\/www.europesays.com\/es\/wp-json\/wp\/v2\/users\/2"}],"replies":[{"embeddable":true,"href":"https:\/\/www.europesays.com\/es\/wp-json\/wp\/v2\/comments?post=619881"}],"version-history":[{"count":0,"href":"https:\/\/www.europesays.com\/es\/wp-json\/wp\/v2\/posts\/619881\/revisions"}],"wp:featuredmedia":[{"embeddable":true,"href":"https:\/\/www.europesays.com\/es\/wp-json\/wp\/v2\/media\/619882"}],"wp:attachment":[{"href":"https:\/\/www.europesays.com\/es\/wp-json\/wp\/v2\/media?parent=619881"}],"wp:term":[{"taxonomy":"category","embeddable":true,"href":"https:\/\/www.europesays.com\/es\/wp-json\/wp\/v2\/categories?post=619881"},{"taxonomy":"post_tag","embeddable":true,"href":"https:\/\/www.europesays.com\/es\/wp-json\/wp\/v2\/tags?post=619881"}],"curies":[{"name":"wp","href":"https:\/\/api.w.org\/{rel}","templated":true}]}}