{"id":61989,"date":"2025-08-21T07:41:05","date_gmt":"2025-08-21T07:41:05","guid":{"rendered":"https:\/\/www.europesays.com\/es\/61989\/"},"modified":"2025-08-21T07:41:05","modified_gmt":"2025-08-21T07:41:05","slug":"salud-con-perspectiva-de-genero-en-un-master-para-profesionales-sanitarios","status":"publish","type":"post","link":"https:\/\/www.europesays.com\/es\/61989\/","title":{"rendered":"Salud con perspectiva de g\u00e9nero, en un m\u00e1ster para profesionales sanitarios"},"content":{"rendered":"<p>Esta titulaci\u00f3n online estudia diferentes procesos de salud y enfermedad con perspectiva de g\u00e9nero, teniendo en cuenta aspectos tan importantes como los bio\u00e9ticos, biojur\u00eddicos, la desigualdad y diversas situaciones de maltrato, conciliaci\u00f3n familiar, social y laboral, inmigraci\u00f3n, vulnerabilidad y enfermedades de impacto social.<\/p>\n<p>            <strong>Redacci\u00f3n<\/strong><\/p>\n<p>El\u00a0<a href=\"https:\/\/www.urjc.es\/estudios\/master\/925-genero-y-salud\" target=\"_blank\" rel=\"noopener nofollow\" class=\"icon-link\">M\u00e1ster universitario en Investigaci\u00f3n en G\u00e9nero y Salud<\/a>\u00a0proporciona una formaci\u00f3n integral en este campo incorporando un novedoso espacio cient\u00edfico. Adem\u00e1s, facilita la elaboraci\u00f3n de proyectos, trabajos originales y revisiones sistem\u00e1ticas, utilizando una metodolog\u00eda cuantitativa, cualitativa o mixta.<\/p>\n<p>Va dirigido al personal con Grado, Licenciatura y\/o Diplomatura en: Enfermer\u00eda, Fisioterapia, Medicina, Odontolog\u00eda, Psicolog\u00eda, Terapia Ocupacional, Farmacia, Biolog\u00eda y Podolog\u00eda. Es impartido por un equipo multidisciplinar de diferentes Departamentos de la URJC, otras Universidades, Hospitales y Centros Asistenciales.<\/p>\n<p><strong>Docencia online<\/strong><\/p>\n<p>El M\u00e1ster es una titulaci\u00f3n online que pone al alcance de los y las estudiantes los medios audiovisuales m\u00e1s actuales a trav\u00e9s de un aula virtual con plataforma Moodle. Realizando, en la mayor\u00eda de sus asignaturas, evaluaciones continuas, mediante lecturas cr\u00edticas, reflexiones, ejercicios tipo test, elaborando trabajos individuales y en grupos.<\/p>\n<p>El car\u00e1cter multidisciplinar de este m\u00e1ster otorga a sus estudiantes una perspectiva integral en esta materia. De este modo, en los dos cuatrimestres que se prolonga su itinerario formativo se abordan cuestiones tan importantes y actuales relacionadas con esta materia.<\/p>\n<p>Entre otros, se tratar\u00e1n temas como la situaci\u00f3n de marco te\u00f3rico de la salud y el g\u00e9nero, las t\u00e9cnicas y metodolog\u00edas de abordaje del g\u00e9nero dentro de distintos niveles (biol\u00f3gico, social, psicol\u00f3gico, etc.), la realizaci\u00f3n de un proyecto de investigaci\u00f3n en salud y el g\u00e9nero, el dise\u00f1o y puesta en pr\u00e1ctica de dicho proyecto. Adem\u00e1s, se abordar\u00e1n aspectos como el encaje de esta disciplina en el mundo profesional y el marco jur\u00eddico y socio econ\u00f3mico en el que se desarrolla la misma. Se finaliza con un Trabajo Fin de M\u00e1ster, pudiendo ser este el primer escal\u00f3n para una tesis doctoral.<\/p>\n","protected":false},"excerpt":{"rendered":"Esta titulaci\u00f3n online estudia diferentes procesos de salud y enfermedad con perspectiva de g\u00e9nero, teniendo en cuenta aspectos&hellip;\n","protected":false},"author":2,"featured_media":61990,"comment_status":"","ping_status":"","sticky":false,"template":"","format":"standard","meta":{"footnotes":""},"categories":[5],"tags":[17,18,25,24,13,14,8169,11,19,20,25793,9,10,15,16,25791,166,23,12,21,22,10322,25792],"class_list":{"0":"post-61989","1":"post","2":"type-post","3":"status-publish","4":"format-standard","5":"has-post-thumbnail","7":"category-titulares","8":"tag-breaking-news","9":"tag-breakingnews","10":"tag-es","11":"tag-espana","12":"tag-featured-news","13":"tag-featurednews","14":"tag-genero","15":"tag-headlines","16":"tag-latest-news","17":"tag-latestnews","18":"tag-master-universitario","19":"tag-news","20":"tag-noticias","21":"tag-noticias-destacadas","22":"tag-noticiasdestacadas","23":"tag-profesionales-sanitarios","24":"tag-salud","25":"tag-spain","26":"tag-titulares","27":"tag-ultimas-noticias","28":"tag-ultimasnoticias","29":"tag-universidad-rey-juan-carlos","30":"tag-urjc-online"},"share_on_mastodon":{"url":"","error":""},"_links":{"self":[{"href":"https:\/\/www.europesays.com\/es\/wp-json\/wp\/v2\/posts\/61989","targetHints":{"allow":["GET"]}}],"collection":[{"href":"https:\/\/www.europesays.com\/es\/wp-json\/wp\/v2\/posts"}],"about":[{"href":"https:\/\/www.europesays.com\/es\/wp-json\/wp\/v2\/types\/post"}],"author":[{"embeddable":true,"href":"https:\/\/www.europesays.com\/es\/wp-json\/wp\/v2\/users\/2"}],"replies":[{"embeddable":true,"href":"https:\/\/www.europesays.com\/es\/wp-json\/wp\/v2\/comments?post=61989"}],"version-history":[{"count":0,"href":"https:\/\/www.europesays.com\/es\/wp-json\/wp\/v2\/posts\/61989\/revisions"}],"wp:featuredmedia":[{"embeddable":true,"href":"https:\/\/www.europesays.com\/es\/wp-json\/wp\/v2\/media\/61990"}],"wp:attachment":[{"href":"https:\/\/www.europesays.com\/es\/wp-json\/wp\/v2\/media?parent=61989"}],"wp:term":[{"taxonomy":"category","embeddable":true,"href":"https:\/\/www.europesays.com\/es\/wp-json\/wp\/v2\/categories?post=61989"},{"taxonomy":"post_tag","embeddable":true,"href":"https:\/\/www.europesays.com\/es\/wp-json\/wp\/v2\/tags?post=61989"}],"curies":[{"name":"wp","href":"https:\/\/api.w.org\/{rel}","templated":true}]}}