{"id":61991,"date":"2025-08-21T07:42:17","date_gmt":"2025-08-21T07:42:17","guid":{"rendered":"https:\/\/www.europesays.com\/es\/61991\/"},"modified":"2025-08-21T07:42:17","modified_gmt":"2025-08-21T07:42:17","slug":"cuarta-derrota-seguida-del-aula-en-pretemporada","status":"publish","type":"post","link":"https:\/\/www.europesays.com\/es\/61991\/","title":{"rendered":"Cuarta derrota seguida del Aula en pretemporada"},"content":{"rendered":"<p class=\"paragraph\">El Aula avanza en su exigente pretemporada. Tras ganar a La Rioja en Rioseco, perder los dos duelos contra el Benfica y caer frente a las riojanas fuera de casa, las de Salva Puig llegan a este quinto encuentro con el objetivo de transformar las sensaciones en resultados y volver a la senda del triunfo tras tres derrotas consecutivas. En esta ocasi\u00f3n, ante otro rival de la Liga Guerreras Iberdrola, BM Porri\u00f1o, pero en un partido especial, el de la vuelta a casa, el regreso a Huerta del Rey para las pucelanas, aunque no sea en partido oficial. En casa, ante su gente y con un equipo renovado, las vallisoletanas quer\u00edan seguir creciendo.<\/p>\n<p>            <a href=\"#\" title=\"\"><\/p>\n<p>                    <img loading=\"lazy\" decoding=\"async\" data-index=\"\" width=\"140\" height=\"140\" alt=\"June Loidi lanza a porter\u00eda mientras Zurni le agarra de la camiseta.\" data-full=\"[object Object]\" data-original=\"[object Object]\" src=\"https:\/\/imagenes.diariodevalladolid.es\/files\/related_image\/uploads\/2025\/08\/18\/68a35275e33af.png\" data-full-src=\"https:\/\/www.europesays.com\/es\/wp-content\/uploads\/2025\/08\/1755762137_114_68a35275e33af.png\"\/><\/p>\n<p>            <\/a><\/p>\n<p class=\"paragraph\">El inicio no fue bueno y las vallisoletanas empezaron perdiendo 1-3 pasados los cinco minutos de partido. Sin embargo, las pucelanas entraron de manera inmediata en el encuentro y consiguieron remontar los tres goles de desventaja para empatar el partido a cinco y resetear el luminoso. Esta igualdad lleg\u00f3 hasta que ambos equipos pusieron el 7 en su marcador. Tras esto, las gallegas volvieron a adelantarse llegando incluso a volver a coger ventaja de dos dianas de diferencia, 7-9 en el ecuador del primer acto y tiempo muerto solicitado por Salva Puig.<\/p>\n<p class=\"paragraph\">Las imprecisiones reinaban en Huerta, aunque el Aula continuaba vivo en el choque. De hecho, la desventaja bajaba al 11-12 y las blanquiazules remaban a contracorriente para disipar el marcador desfavorable. No obstante, las exclusiones hicieron mella en el combinado local, que tuvo que jugar sin portera para atacar en igualdad de condiciones y eso propici\u00f3 varias p\u00e9rdidas que acabaron en gol y en peligro con un lanzamiento al palo y de nuevo una diferencia de -3 para las de Salva, 11-14 a pocos minutos del final del primer acto.<\/p>\n<p class=\"paragraph\">Con el paso de los minutos llov\u00eda menos en contra y con dos buenas acciones seguidas al contrataque de Bergara y , el Aula se meti\u00f3 en el partido, 15-16, aunque por poco tiempo, ya que la primera parte finaliz\u00f3 con 15-18 en contra y un Aula que por m\u00e1s que lo intentaba era incapaz de ponerse por delante o igualar la contienda y deben mejorar el cierre defensivo, el acierto en ataque y la eficacia de sus pases, sus debes en esa media hora.<\/p>\n<p>Remar a contracorriente<\/p>\n<p class=\"paragraph\">Y la distancia aumentaba al inicio del segundo tiempo llegando hasta los cuatro goles de ventaja para las de Pontevedra, 16-20. Sin embargo, remar estaba siendo la especialidad de las vallisoletanas que consiguieron el 19-20, reduciendo la desventaja a tan solo un gol y metiendo el miedo en el cuerpo a las gallegas a 20 minutos del final con un parcial de 3-0 para las pucelanas.<\/p>\n<p class=\"paragraph\">Tras el tiempo muerto solicitado, solo bastaron dos minutos a las visitantes para recuperar el parcial perdido, 19-22. Eso no iba a hacer otra cosa que incrementar, 19-23 e imprecisiones constantes de las vallisoletanas que obligaron a Salva Puig a pedir un tiempo muerto para frenar la sangr\u00eda. Y lo logr\u00f3, 22-23 y otra vez  a uno de distancia a ocho minutos del final y con bola de empate desperdiciada. El partido marchaba en el alambre y las visitantes continuaban por delante a duras penas, del casi empate al 25-27 a dos minutos del final. Con esto, el Aula cosecha una nueva derrota, la cuarta consecutiva en pretemporada ante un rival de la Liga Guerreras Iberdrola, 25-28 y marcador ajustado.<\/p>\n<p>Aula 25; Porri\u00f1o 28<\/p>\n<ul>\n<li><b>BM Aula Cultural<\/b>: Carmen Sanz (portera), M\u00f3nica Guti\u00e9rrez-Paris (1), Inoa Lucio (1), Angie Z\u00fcrni (1), Jimena Arriaga (-), Kadi Jallow (2), Naroa Baquedano (3), Valeska Lovera (2), Sandra Monteagudo (5), Clara Guti\u00e9rrez (-), Savina Bergara (5), Amaia G. de Garibay (1), Polina Gorbatsyova (-), Marisol Carrat\u00fa (portera) y Mar\u00eda Guerra (2), Pati\u00f1o (2), Badas (portera).<\/li>\n<li><b>Porri\u00f1o<\/b>: Palomino (portera, 2), Ferrarin (portera), Bono (8), Campo (1), Laguna (2), Mallo (1), Manterola, Santome (4), Zhukova (3), Zsembery (2), Figueira (2), P\u00e9rez Buforn (3), Rial y Fern\u00e1ndez.<\/li>\n<li><b>\u00c1rbitros<\/b>: Enrique y Mario<\/li>\n<li><b>Parciales cada cinco minutos<\/b>: 1-2, 5-5, 7-8, 10-11, 13-14, 15-18 (descanso), 16-19, 19-20, 19-23, 23-24, 24-25 y 25-28 (final).<\/li>\n<li><b>Exclusiones<\/b>: Clara Guti\u00e9rrez (dos), Adriana Mallo (dos), Aitana Santome, P\u00e9rez Buforn, y Kadi Jallow.<\/li>\n<\/ul>\n","protected":false},"excerpt":{"rendered":"El Aula avanza en su exigente pretemporada. Tras ganar a La Rioja en Rioseco, perder los dos duelos&hellip;\n","protected":false},"author":2,"featured_media":61992,"comment_status":"","ping_status":"","sticky":false,"template":"","format":"standard","meta":{"footnotes":""},"categories":[278],"tags":[376,5391,168,25,24,375,9739,1146,23,167],"class_list":{"0":"post-61991","1":"post","2":"type-post","3":"status-publish","4":"format-standard","5":"has-post-thumbnail","7":"category-balonmano","8":"tag-balonmano","9":"tag-benfica","10":"tag-deportes","11":"tag-es","12":"tag-espana","13":"tag-handball","14":"tag-la-rioja","15":"tag-pontevedra","16":"tag-spain","17":"tag-sports"},"share_on_mastodon":{"url":"","error":""},"_links":{"self":[{"href":"https:\/\/www.europesays.com\/es\/wp-json\/wp\/v2\/posts\/61991","targetHints":{"allow":["GET"]}}],"collection":[{"href":"https:\/\/www.europesays.com\/es\/wp-json\/wp\/v2\/posts"}],"about":[{"href":"https:\/\/www.europesays.com\/es\/wp-json\/wp\/v2\/types\/post"}],"author":[{"embeddable":true,"href":"https:\/\/www.europesays.com\/es\/wp-json\/wp\/v2\/users\/2"}],"replies":[{"embeddable":true,"href":"https:\/\/www.europesays.com\/es\/wp-json\/wp\/v2\/comments?post=61991"}],"version-history":[{"count":0,"href":"https:\/\/www.europesays.com\/es\/wp-json\/wp\/v2\/posts\/61991\/revisions"}],"wp:featuredmedia":[{"embeddable":true,"href":"https:\/\/www.europesays.com\/es\/wp-json\/wp\/v2\/media\/61992"}],"wp:attachment":[{"href":"https:\/\/www.europesays.com\/es\/wp-json\/wp\/v2\/media?parent=61991"}],"wp:term":[{"taxonomy":"category","embeddable":true,"href":"https:\/\/www.europesays.com\/es\/wp-json\/wp\/v2\/categories?post=61991"},{"taxonomy":"post_tag","embeddable":true,"href":"https:\/\/www.europesays.com\/es\/wp-json\/wp\/v2\/tags?post=61991"}],"curies":[{"name":"wp","href":"https:\/\/api.w.org\/{rel}","templated":true}]}}