{"id":619953,"date":"2026-06-22T08:25:28","date_gmt":"2026-06-22T08:25:28","guid":{"rendered":"https:\/\/www.europesays.com\/es\/619953\/"},"modified":"2026-06-22T08:25:28","modified_gmt":"2026-06-22T08:25:28","slug":"el-barrio-urquijo-en-la-felguera-rendira-homenaje-en-su-hoguera-a-david-villa","status":"publish","type":"post","link":"https:\/\/www.europesays.com\/es\/619953\/","title":{"rendered":"El barrio Urquijo, en La Felguera, rendir\u00e1 homenaje en su hoguera a David Villa"},"content":{"rendered":"<p class=\"ft-text ft-helper-closenews\">El centenario barrio Urquijo, en La Felguera, ya se prepara para vivir uno de los momentos m\u00e1s especiales del a\u00f1o. La hoguera ya ha quedado instalada en la cancha deportiva para ser consumida por el fuego en la noche de San Juan. La madera acumulada este a\u00f1o est\u00e1 coronada por varias figuras realizadas por el escultor langreano Jos\u00e9 Luis Iglesias Luelmo, <strong>entre ellas una dedicada al futbolista de Tuilla David Villa. <\/strong><\/p>\n<p class=\"ft-text\">Las actividades del d\u00eda 23 comenzar\u00e1n a las 19.00 horas con el reparto del bollo y la botella de vino para los socios de la asociaci\u00f3n, como anticipo de la merienda de confraternizaci\u00f3n. A las 22.30 habr\u00e1 sorteo de regalos y a las 00.00 ser\u00e1 el encendido de la hoguera y la actuaci\u00f3n del grupo Reija. <\/p>\n<p><img decoding=\"async\" src=\"https:\/\/www.europesays.com\/es\/wp-content\/uploads\/2026\/06\/5b168492-99fa-4788-b2d0-a5445866b52f_alta-libre-aspect-ratio_default_0_x476y600.jpg\" width=\"1200\" height=\"1600\" alt=\"El busto dedicado a Villa.\" class=\"ft-helper-img-rd\" loading=\"lazy\" fetchpriority=\"auto\"\/><\/p>\n<p class=\"ft-helper-fontColor-quaternary ft-helper-fontSize-body-S ft-helper-spacer-t-xxs\">El busto dedicado a Villa.  \/ .<\/p>\n<p class=\"ft-text\">Iglesias Luelmo, vecino del barrio Urquijo y autor de la escultura dedicada a David Villa en La Felguera, se\u00f1al\u00f3 que el busto realizado para adornar la hoguera es \u00abun homenaje por la ayuda econ\u00f3mica que prest\u00f3 al Uni\u00f3n Popular de Langreo ante las dificultades que ten\u00eda\u00bb. <strong>Ser\u00e1n indultada, al igual que otras figuran realizadas para la ocasi\u00f3n por Luelmo, como el marcador del viejo Carlos Tartiere y Jorge Fl\u00f3rez \u00abReija\u00bb.<\/strong><\/p>\n<p data-close=\"closedContent\" class=\"subscribeHideForDisplay\">Suscr\u00edbete para seguir leyendo<\/p>\n","protected":false},"excerpt":{"rendered":"El centenario barrio Urquijo, en La Felguera, ya se prepara para vivir uno de los momentos m\u00e1s especiales&hellip;\n","protected":false},"author":2,"featured_media":619954,"comment_status":"","ping_status":"","sticky":false,"template":"","format":"standard","meta":{"footnotes":""},"categories":[173],"tags":[229,233,231,230,1626,42193,232,234,146,147,25,24,2563,6552,52489,115544,29425,23,115543],"class_list":["post-619953","post","type-post","status-publish","format-standard","has-post-thumbnail","category-arte-y-diseno","tag-arte","tag-arte-y-diseno","tag-arts","tag-arts-and-design","tag-barrio","tag-david-villa","tag-design","tag-diseno","tag-entertainment","tag-entretenimiento","tag-es","tag-espana","tag-felguera","tag-homenaje","tag-la-felguera","tag-luelmo","tag-rendira","tag-spain","tag-urquijo"],"share_on_mastodon":{"url":"https:\/\/pubeurope.com\/@es\/116792809235232919","error":""},"_links":{"self":[{"href":"https:\/\/www.europesays.com\/es\/wp-json\/wp\/v2\/posts\/619953","targetHints":{"allow":["GET"]}}],"collection":[{"href":"https:\/\/www.europesays.com\/es\/wp-json\/wp\/v2\/posts"}],"about":[{"href":"https:\/\/www.europesays.com\/es\/wp-json\/wp\/v2\/types\/post"}],"author":[{"embeddable":true,"href":"https:\/\/www.europesays.com\/es\/wp-json\/wp\/v2\/users\/2"}],"replies":[{"embeddable":true,"href":"https:\/\/www.europesays.com\/es\/wp-json\/wp\/v2\/comments?post=619953"}],"version-history":[{"count":0,"href":"https:\/\/www.europesays.com\/es\/wp-json\/wp\/v2\/posts\/619953\/revisions"}],"wp:featuredmedia":[{"embeddable":true,"href":"https:\/\/www.europesays.com\/es\/wp-json\/wp\/v2\/media\/619954"}],"wp:attachment":[{"href":"https:\/\/www.europesays.com\/es\/wp-json\/wp\/v2\/media?parent=619953"}],"wp:term":[{"taxonomy":"category","embeddable":true,"href":"https:\/\/www.europesays.com\/es\/wp-json\/wp\/v2\/categories?post=619953"},{"taxonomy":"post_tag","embeddable":true,"href":"https:\/\/www.europesays.com\/es\/wp-json\/wp\/v2\/tags?post=619953"}],"curies":[{"name":"wp","href":"https:\/\/api.w.org\/{rel}","templated":true}]}}