{"id":619989,"date":"2026-06-22T08:50:13","date_gmt":"2026-06-22T08:50:13","guid":{"rendered":"https:\/\/www.europesays.com\/es\/619989\/"},"modified":"2026-06-22T08:50:13","modified_gmt":"2026-06-22T08:50:13","slug":"detenida-bea-la-legionaria-despues-de-estar-en-busqueda-y-captura","status":"publish","type":"post","link":"https:\/\/www.europesays.com\/es\/619989\/","title":{"rendered":"Detenida Bea &#8216;la Legionaria&#8217; despu\u00e9s de estar en b\u00fasqueda y captura"},"content":{"rendered":"<p style=\"\">Bea &#8216;la Legionaria&#8217; fue detenida la semana pasada despu\u00e9s de estar en b\u00fasqueda y captura tras protagonizar una fuerte discusi\u00f3n en un centro comercial. A  &#8230; la que fuera concursante de &#8216;Gran Hermano&#8217; se le imputa un delito de amenazas.<\/p>\n<p class=\"v-d-p\" style=\"\">La televisiva pas\u00f3 por los calabozos del Juzgado de Instrucci\u00f3n n\u00famero 1 de M\u00f3stoles antes de ser puesta a disposici\u00f3n judicial. Y en esa tensa espera, la &#8216;Legionaria&#8217; se encontraba muy nerviosa y lleg\u00f3 a alterar el orden en los calabozos, seg\u00fan desvela &#8217;20 minutos&#8217;.<\/p>\n<p class=\"v-d-p\" style=\"\">La protagonista, sin embargo, niega esta versi\u00f3n. Seg\u00fan cuenta a este medio, \u00abno he cometido ning\u00fan delito y no he estado desaparecida. Lo que pasa es que no ten\u00edan mi direcci\u00f3n actual y si he estado en el calabozo ha sido porque estaban los juzgados cerrados\u00bb. La acusaci\u00f3n que pesa sobre ella, por contra, explica que la exconcursante de &#8216;GH&#8217; lleg\u00f3 a un centro comercial con un todoterreno, presuntamente, con intenciones amenazantes.<\/p>\n<p class=\"v-d-p\" style=\"\">A Bea &#8216;la Legionaria&#8217; se le ha visto por \u00faltima vez en el show de los gemelos, el controvertido reality de los hermanos Ramos que se emite en Youtube. Hace tiempo que la versi\u00f3n &#8216;granhermana&#8217; de Bea desapareci\u00f3. Explica el citado medio que la &#8216;Legionaria&#8217; no pasa por su mejor momento personal y acumula diversos conflictos que le han llevado a la actual situaci\u00f3n judicial.<\/p>\n","protected":false},"excerpt":{"rendered":"Bea &#8216;la Legionaria&#8217; fue detenida la semana pasada despu\u00e9s de estar en b\u00fasqueda y captura tras protagonizar una&hellip;\n","protected":false},"author":2,"featured_media":619990,"comment_status":"","ping_status":"","sticky":false,"template":"","format":"standard","meta":{"footnotes":""},"categories":[171],"tags":[45913,20263,25837,987,12983,146,147,25,24,1141,115167,23,214],"class_list":["post-619989","post","type-post","status-publish","format-standard","has-post-thumbnail","category-tv","tag-bea","tag-busqueda","tag-captura","tag-despues","tag-detenida","tag-entertainment","tag-entretenimiento","tag-es","tag-espana","tag-estar","tag-legionaria","tag-spain","tag-tv"],"share_on_mastodon":{"url":"https:\/\/pubeurope.com\/@es\/116792906783535588","error":""},"_links":{"self":[{"href":"https:\/\/www.europesays.com\/es\/wp-json\/wp\/v2\/posts\/619989","targetHints":{"allow":["GET"]}}],"collection":[{"href":"https:\/\/www.europesays.com\/es\/wp-json\/wp\/v2\/posts"}],"about":[{"href":"https:\/\/www.europesays.com\/es\/wp-json\/wp\/v2\/types\/post"}],"author":[{"embeddable":true,"href":"https:\/\/www.europesays.com\/es\/wp-json\/wp\/v2\/users\/2"}],"replies":[{"embeddable":true,"href":"https:\/\/www.europesays.com\/es\/wp-json\/wp\/v2\/comments?post=619989"}],"version-history":[{"count":0,"href":"https:\/\/www.europesays.com\/es\/wp-json\/wp\/v2\/posts\/619989\/revisions"}],"wp:featuredmedia":[{"embeddable":true,"href":"https:\/\/www.europesays.com\/es\/wp-json\/wp\/v2\/media\/619990"}],"wp:attachment":[{"href":"https:\/\/www.europesays.com\/es\/wp-json\/wp\/v2\/media?parent=619989"}],"wp:term":[{"taxonomy":"category","embeddable":true,"href":"https:\/\/www.europesays.com\/es\/wp-json\/wp\/v2\/categories?post=619989"},{"taxonomy":"post_tag","embeddable":true,"href":"https:\/\/www.europesays.com\/es\/wp-json\/wp\/v2\/tags?post=619989"}],"curies":[{"name":"wp","href":"https:\/\/api.w.org\/{rel}","templated":true}]}}