{"id":620015,"date":"2026-06-22T09:08:13","date_gmt":"2026-06-22T09:08:13","guid":{"rendered":"https:\/\/www.europesays.com\/es\/620015\/"},"modified":"2026-06-22T09:08:13","modified_gmt":"2026-06-22T09:08:13","slug":"el-alimerka-oviedo-tira-del-filial-de-cara-a-la-nueva-temporada","status":"publish","type":"post","link":"https:\/\/www.europesays.com\/es\/620015\/","title":{"rendered":"El Alimerka Oviedo tira del filial de cara a la nueva temporada"},"content":{"rendered":"<p class=\"ft-text ft-helper-closenews\">El Alimerka Oviedo Baloncesto est\u00e1 decidido a ir la temporada que viene a 12 fichas del primer equipo y reservar una de ellas para Djigui Diarra, el p\u00edvot maliense que lleva dos a\u00f1os compaginando entrenamientos con el equipo de Primera FEB con partidos con el Universidad de Oviedo de Tercera FEB. A punto de cumplir 22 a\u00f1os, Diarra recoge los frutos de su trabajo callado y completar\u00e1 la rotaci\u00f3n interior de Javi Rodr\u00edguez. <\/p>\n<p class=\"ft-text\">El cuerpo t\u00e9cnico del OCB est\u00e1 expectante por comprobar cu\u00e1l es el techo de Diarra, un joven maliense que se mud\u00f3 desde su pa\u00eds a Bin\u00e9far (Huesca) con su familia y que se inici\u00f3 en el baloncesto mucho m\u00e1s tarde de lo que suelen hacerlo los chicos de su edad. Trabajador nato y en evoluci\u00f3n, el maliense destaca por su agilidad y rapidez pese a su estatura (2,07), algo b\u00e1sico en la forma de jugar del equipo de Javi Rodr\u00edguez. Adem\u00e1s, tiene capacidad de intimidaci\u00f3n y su tiro ha ido ganando enteros. Fich\u00f3 por el Oviedo procedente del Huesca, con el que lleg\u00f3 a tener minutos en LEB Plata. <\/p>\n<p class=\"ft-text\">En principio, no es probable que tenga un gran peso en el reparto de minutos, pero el club espera que ayude. Diarra se suma a Jorge Arias como jugador procedente del equipo vinculado que alcanza el primer equipo, aunque el ovetense va alg\u00fan paso por delante: ha firmado un contrato profesional de tres a\u00f1os y ha sido convocado por la selecci\u00f3n espa\u00f1ola sub-20. <\/p>\n<p class=\"ft-text\">Ahora mismo, la rotaci\u00f3n interior del Alimerka Oviedo para su nueva temporada en Primera FEB la componen dos cuatros, el ucraniano Daniil Shelist (con contrato en vigor) y el estadounidense con pasaporte nigeriano Francis Nwaokorie (renovado), y dos cincos: Alonso Faure (renovado) y el mencionado Diarra. El club est\u00e1 peinando el mercado con la idea de incorporar una quinta pieza que sea capaz de ocupar cualquiera de esas dos posiciones. Siempre bajo los par\u00e1metros del estilo de Javi Rodr\u00edguez: jugadores m\u00f3viles, con capacidad de sacrificio y tiro exterior. <\/p>\n<p class=\"ft-text\">Por fuera, la plantilla del OCB incluye ahora mismo a PJay Smith, fichaje estadounidense procedente del Manchester de la liga inglesa, Ra\u00fal Lobaco (renovado) y Fede Copes y Pablo Longarela, con contrato en vigor. El equipo ha perdido a Dan Duscak, que tras tres temporadas en Asturias se incorpora al Bilbao Basket de ACB, y a Greg Parham, que se suma al proyecto del Granada en Primera FEB.<\/p>\n<p data-close=\"closedContent\" class=\"subscribeHideForDisplay\">Suscr\u00edbete para seguir leyendo<\/p>\n","protected":false},"excerpt":{"rendered":"El Alimerka Oviedo Baloncesto est\u00e1 decidido a ir la temporada que viene a 12 fichas del primer equipo&hellip;\n","protected":false},"author":2,"featured_media":620016,"comment_status":"","ping_status":"","sticky":false,"template":"","format":"standard","meta":{"footnotes":""},"categories":[269],"tags":[1795,299,298,2608,168,25,24,2612,6077,1797,1796,1429,23,167,5347],"class_list":["post-620015","post","type-post","status-publish","format-standard","has-post-thumbnail","category-baloncesto","tag-alimerka","tag-baloncesto","tag-basketball","tag-cara","tag-deportes","tag-es","tag-espana","tag-feb","tag-filial","tag-ocb","tag-oviedo","tag-plantilla","tag-spain","tag-sports","tag-tira"],"share_on_mastodon":{"url":"https:\/\/pubeurope.com\/@es\/116792977553402325","error":""},"_links":{"self":[{"href":"https:\/\/www.europesays.com\/es\/wp-json\/wp\/v2\/posts\/620015","targetHints":{"allow":["GET"]}}],"collection":[{"href":"https:\/\/www.europesays.com\/es\/wp-json\/wp\/v2\/posts"}],"about":[{"href":"https:\/\/www.europesays.com\/es\/wp-json\/wp\/v2\/types\/post"}],"author":[{"embeddable":true,"href":"https:\/\/www.europesays.com\/es\/wp-json\/wp\/v2\/users\/2"}],"replies":[{"embeddable":true,"href":"https:\/\/www.europesays.com\/es\/wp-json\/wp\/v2\/comments?post=620015"}],"version-history":[{"count":0,"href":"https:\/\/www.europesays.com\/es\/wp-json\/wp\/v2\/posts\/620015\/revisions"}],"wp:featuredmedia":[{"embeddable":true,"href":"https:\/\/www.europesays.com\/es\/wp-json\/wp\/v2\/media\/620016"}],"wp:attachment":[{"href":"https:\/\/www.europesays.com\/es\/wp-json\/wp\/v2\/media?parent=620015"}],"wp:term":[{"taxonomy":"category","embeddable":true,"href":"https:\/\/www.europesays.com\/es\/wp-json\/wp\/v2\/categories?post=620015"},{"taxonomy":"post_tag","embeddable":true,"href":"https:\/\/www.europesays.com\/es\/wp-json\/wp\/v2\/tags?post=620015"}],"curies":[{"name":"wp","href":"https:\/\/api.w.org\/{rel}","templated":true}]}}