{"id":620093,"date":"2026-06-22T10:03:17","date_gmt":"2026-06-22T10:03:17","guid":{"rendered":"https:\/\/www.europesays.com\/es\/620093\/"},"modified":"2026-06-22T10:03:17","modified_gmt":"2026-06-22T10:03:17","slug":"fue-la-muerte-de-los-1-000-cortes-la-ambiciosa-pelicula-de-fantasia-de-travis-fimmel-vikingos-que-fracaso-por-las-exigencias-noticias-de-cine","status":"publish","type":"post","link":"https:\/\/www.europesays.com\/es\/620093\/","title":{"rendered":"\u00abFue la muerte de los 1.000 cortes\u00bb: la ambiciosa pel\u00edcula de fantas\u00eda de Travis Fimmel (&#8216;Vikingos&#8217;) que fracas\u00f3 por las exigencias &#8211; Noticias de cine"},"content":{"rendered":"<p>El filme, dirigido por Duncan Jones, no funcion\u00f3 en taquilla, pero los problemas comenzaron mucho antes de su estreno en cines<\/p>\n<p class=\"bo-p\">El papel de <b>Ragnar Lothbrok<\/b> en <a href=\"https:\/\/www.sensacine.com\/peliculas\/pelicula-243054\/\" class=\"bo-link\" rel=\"nofollow noopener\" target=\"_blank\">Vikingos<\/a> hizo que <a href=\"https:\/\/www.sensacine.com\/actores\/actor-104885\/\" class=\"bo-link\" rel=\"nofollow noopener\" target=\"_blank\">Travis Fimmel<\/a> ganara mucha popularidad, pero el actor quiso probar tambi\u00e9n suerte en el cine. El int\u00e9rprete protagoniz\u00f3 en 2016 una pel\u00edcula de fantas\u00eda que ten\u00eda todas las caracter\u00edsticas para convertirse en franquicia, pero fue un fracaso. Los problemas no fueron solo de cara a su estreno en cines, comenzaron durante la producci\u00f3n.<\/p>\n<p class=\"bo-p\"><a href=\"https:\/\/www.sensacine.com\/peliculas\/pelicula-129526\/\" class=\"bo-link\" rel=\"nofollow noopener\" target=\"_blank\">Warcraft: El origen<\/a>, dirigida por <a href=\"https:\/\/www.sensacine.com\/actores\/actor-223584\/\" class=\"bo-link\" rel=\"nofollow noopener\" target=\"_blank\">Duncan Jones<\/a>, es la adaptaci\u00f3n de la popular saga de videojuegos del mismo nombre. La historia que se llev\u00f3 a la gran pantalla es la del reino de <b>Azeoth<\/b>, el pac\u00edfico mundo de los hombres que se ve invadido por los <b>orcos<\/b>, quienes est\u00e1n buscando un nuevo mundo para evitar su desaparici\u00f3n. Fimmel se meti\u00f3 en la piel de <b>Anduin Lothar<\/b>, uno de los humanos. <a href=\"https:\/\/www.sensacine.com\/actores\/actor-101335\/\" class=\"bo-link\" rel=\"nofollow noopener\" target=\"_blank\">Toby Kebbell<\/a>, por su parte, interpret\u00f3 al orco <b>Durotan<\/b>.<\/p>\n<p class=\"bo-p\">La pel\u00edcula recaud\u00f3 m\u00e1s de 439 millones de d\u00f3lares en todo el mundo. Su presupuesto fue de 160 millones de d\u00f3lares. Es cierto que lo recaudado en taquilla dobla lo que cost\u00f3 el filme, pero <b>gran parte de lo conseguido se debi\u00f3 a China, que sum\u00f3 225 millones de d\u00f3lares<\/b>. En Estados Unidos, sin embargo, la pel\u00edcula solo recaud\u00f3 47 millones de d\u00f3lares.<\/p>\n<p class=\"bo-p\">Los problemas con Warcraft: El origen no fueron solo econ\u00f3micos, su director revel\u00f3 que el proyecto sufri\u00f3 <b>\u00abla muerte de los 1.000 cortes\u00bb<\/b>.<\/p>\n<p class=\"bo-p\">\u00abS\u00e9 que la pel\u00edcula no es perfecta y creo que una de las grandes frustraciones de hacer una pel\u00edcula de esta escala es que es imposible, creo, hacer una pel\u00edcula como esta como director independiente\u00bb, afirm\u00f3 Jones en 2016 en Thrillist. <b>\u00abTienes que encontrar una forma de hacerla a trav\u00e9s de las burocracias del estudio\u00bb<\/b>.<\/p>\n<p>                                <img loading=\"lazy\" decoding=\"async\" class=\"article-figure-img\" imagen=\"\" de=\"\" el=\"\" origen=\"\" src=\"https:\/\/www.europesays.com\/es\/wp-content\/uploads\/2026\/06\/95106baac8431b930715fffaf3c98855.jpg\" width=\"640\" height=\"320\" alt=\"Imagen de 'Warcraft: El origen'\"\/><\/p>\n<p>                                    Universal Pictures<\/p>\n<p>                    Imagen de &#8216;Warcraft: El origen&#8217;<\/p>\n<p class=\"bo-p\">El director tambi\u00e9n evidenci\u00f3 lo que supone hacer una gran producci\u00f3n en la que hay un estudio importante detr\u00e1s. \u00abIntentar hacer una pel\u00edcula como Warcraft, e intentar hacerlo de una forma \u00fanica&#8230; es la muerte de los 1.000 cortes. No solo cortes editados. Son cambios peque\u00f1os que parecen inocuos. <b>Como cineasta, la \u00fanica forma en la que entiendo c\u00f3mo hacer una pel\u00edcula es de manera integral<\/b>\u00ab.<\/p>\n<p class=\"bo-p\">Como a\u00f1adi\u00f3:<\/p>\n<blockquote class=\"article-quote\" data-author=\"\" data-source=\"\"><p>Cuando haces un cambio peque\u00f1o no parece gran cosa. Cuando sigues haciendo peque\u00f1os cambios, especialmente a lo largo de tres a\u00f1os y medio, de repente est\u00e1s pasando todo tu tiempo intentando de encontrar la forma de solucionar lo que se ha estropeado<\/p><\/blockquote>\n<p class=\"bo-p\">Jones ha dicho de Warcraft: El origen que se siente<b> \u00aborgulloso y furioso<\/b>\u00bb a partes iguales con la forma en la que result\u00f3 el proyecto. <\/p>\n<p class=\"bo-p\">Aunque Warcraft: El origen no sali\u00f3 como se esperaba, Fimmel ha participado en algunos t\u00edtulos interesantes a posteriori. Uno de ellos es la serie <a href=\"https:\/\/www.sensacine.com\/series\/serie-24255\/\" class=\"bo-link\" rel=\"nofollow noopener\" target=\"_blank\">Raised by Wolves<\/a>. M\u00e1s tarde, en 2024, le vimos en  <a href=\"https:\/\/www.sensacine.com\/series\/serie-25210\/\" class=\"bo-link\" rel=\"nofollow noopener\" target=\"_blank\">Dune: La Profec\u00eda<\/a>, la ficci\u00f3n de <a href=\"https:\/\/www.sensacine.com\/streaming\/hbo-max\/series\/\" class=\"bo-link\" rel=\"nofollow noopener\" target=\"_blank\">Max<\/a> con la que se sigue expandiendo el universo creado por <a href=\"https:\/\/www.sensacine.com\/actores\/actor-243230\/\" class=\"bo-link\" rel=\"nofollow noopener\" target=\"_blank\">Frank Herbert<\/a> sobre el papel y trasladado a la gran pantalla por parte de <a href=\"https:\/\/www.sensacine.com\/actores\/actor-27087\/\" class=\"bo-link\" rel=\"nofollow noopener\" target=\"_blank\">Denis Villeneuve<\/a>, que ya tiene garantizada una segunda temporada. <\/p>\n","protected":false},"excerpt":{"rendered":"El filme, dirigido por Duncan Jones, no funcion\u00f3 en taquilla, pero los problemas comenzaron mucho antes de su&hellip;\n","protected":false},"author":2,"featured_media":620094,"comment_status":"","ping_status":"","sticky":false,"template":"","format":"standard","meta":{"footnotes":""},"categories":[169],"tags":[177,12706,146,147,25,24,10962,176,8604,175,1257,23,115558,11041,111023],"class_list":["post-620093","post","type-post","status-publish","format-standard","has-post-thumbnail","category-cine","tag-cine","tag-cortes","tag-entertainment","tag-entretenimiento","tag-es","tag-espana","tag-fantasia","tag-film","tag-fracaso","tag-movies","tag-pelicula","tag-spain","tag-travis_fimmel","tag-vikingos","tag-warcraft"],"share_on_mastodon":{"url":"","error":""},"_links":{"self":[{"href":"https:\/\/www.europesays.com\/es\/wp-json\/wp\/v2\/posts\/620093","targetHints":{"allow":["GET"]}}],"collection":[{"href":"https:\/\/www.europesays.com\/es\/wp-json\/wp\/v2\/posts"}],"about":[{"href":"https:\/\/www.europesays.com\/es\/wp-json\/wp\/v2\/types\/post"}],"author":[{"embeddable":true,"href":"https:\/\/www.europesays.com\/es\/wp-json\/wp\/v2\/users\/2"}],"replies":[{"embeddable":true,"href":"https:\/\/www.europesays.com\/es\/wp-json\/wp\/v2\/comments?post=620093"}],"version-history":[{"count":0,"href":"https:\/\/www.europesays.com\/es\/wp-json\/wp\/v2\/posts\/620093\/revisions"}],"wp:featuredmedia":[{"embeddable":true,"href":"https:\/\/www.europesays.com\/es\/wp-json\/wp\/v2\/media\/620094"}],"wp:attachment":[{"href":"https:\/\/www.europesays.com\/es\/wp-json\/wp\/v2\/media?parent=620093"}],"wp:term":[{"taxonomy":"category","embeddable":true,"href":"https:\/\/www.europesays.com\/es\/wp-json\/wp\/v2\/categories?post=620093"},{"taxonomy":"post_tag","embeddable":true,"href":"https:\/\/www.europesays.com\/es\/wp-json\/wp\/v2\/tags?post=620093"}],"curies":[{"name":"wp","href":"https:\/\/api.w.org\/{rel}","templated":true}]}}