{"id":620242,"date":"2026-06-22T12:01:08","date_gmt":"2026-06-22T12:01:08","guid":{"rendered":"https:\/\/www.europesays.com\/es\/620242\/"},"modified":"2026-06-22T12:01:08","modified_gmt":"2026-06-22T12:01:08","slug":"el-morales-meseguer-amplia-las-habitaciones-de-presion-negativa-para-afrontar-enfermedades-como-el-sarampion-o-la-tuberculosis","status":"publish","type":"post","link":"https:\/\/www.europesays.com\/es\/620242\/","title":{"rendered":"El Morales Meseguer ampl\u00eda las habitaciones de presi\u00f3n negativa para afrontar enfermedades como el sarampi\u00f3n o la tuberculosis"},"content":{"rendered":"<p style=\"\">El Morales Meseguer estrena una nueva planta de Enfermedades Infecciosas dotada con siete habitaciones de aislamiento destinadas a pacientes de tuberculosis, sarampi\u00f3n u otras patolog\u00edas  &#8230; infecciosas de transmisi\u00f3n \u00e1rea. Las habitaciones disponen de tecnolog\u00eda de presi\u00f3n negativa, lo que garantiza que el aire no circule hacia fuera. Se previene as\u00ed la transmisi\u00f3n del pat\u00f3geno. Estas instalaciones permitir\u00e1n tambi\u00e9n afrontar hipot\u00e9ticas crisis sanitarias provocadas por nuevos agentes infecciosos, como el hantavirus. <\/p>\n<p class=\"v-d-p\" style=\"\">El hospital dispon\u00eda desde finales de los a\u00f1os 90 de tres habitaciones de este tipo, en su segunda planta. Esa zona se ha remodelado, destin\u00e1ndose a la ampliaci\u00f3n del servicio de Psiquiatr\u00eda. Infecciosas se ha trasladado por ello a la quinta planta, lo que ha permitido ganar cuatro habitaciones m\u00e1s de aislamiento, explica Isabel Carpena, la jefa de esta secci\u00f3n. Cada una de ellas tiene capacidad para dos pacientes, en el caso de que no se requiera aislamiento.<\/p>\n<p class=\"v-d-p\" style=\"\">La consejera de Salud, Isabel Ayala, visit\u00f3 este lunes las instalaciones y destac\u00f3 que esta actuaci\u00f3n, que ha contado con una inversi\u00f3n de unos 900.000 euros, \u00abrefuerza la capacidad del sistema sanitario para atender las infecciones m\u00e1s comunes como tuberculosis, sarampi\u00f3n o varicela, y nos garantiza estar preparados para manejar posibles escenarios comprometidos relacionados con brotes epidemiol\u00f3gicos o de emergencias\u00bb.<\/p>\n<p class=\"v-d-p\" style=\"\">Salud afronta precisamente en estas \u00faltimas semanas <a href=\"https:\/\/www.laverdad.es\/murcia\/brote-sarampion-alcantarilla-deja-casos-confirmados-estudio-20260603123510-nt.html\" target=\"_self\" data-voc-vtm-id=\"in-text-traffic\" title=\"un brote de sarampi\u00f3n\" data-mrf-link=\"www.laverdad.es\" rel=\"nofollow noopener\">un brote de sarampi\u00f3n<\/a> que deja ya 25 afectados. El origen est\u00e1 en Alcantarilla, aunque ha afectado tambi\u00e9n a pacientes de distintos puntos del municipio de Murcia. En el Morales Meseguer se ha producido un ingreso relacionado con este foco. Se trata del mayor brote de sarampi\u00f3n desde 2010 en la Regi\u00f3n de Murcia, cuando se contabilizaron hasta 95 casos en Jumilla. No se trata de una situaci\u00f3n aislada. En los \u00faltimos a\u00f1os se est\u00e1 produciendo un incremento global de la incidencia en Espa\u00f1a y en toda Europa. De ah\u00ed la importancia de unidades como la ampliada en el Morales Meseguer. En la Regi\u00f3n de Murcia se detectaron cuatro casos en 2024 y otros cuatro en 2025, la mitad de ellos aut\u00f3ctonos, y el resto importados. En toda Espa\u00f1a se diagnosticaron 227 casos en 2024 y 397 en 2025. En lo que va de 2026 se han identificado ya otros 139.<\/p>\n<p class=\"v-d-p\" style=\"\">En todo caso, lo m\u00e1s importante para evitar la transmisi\u00f3n es la vacunaci\u00f3n, record\u00f3 Ayala. Salud hace un llamamiento a que la poblaci\u00f3n que no haya recibido al menos una dosis de la vacuna a lo largo de su vida acuda a su centro de salud a protegerse. <\/p>\n<p>\nResistencias microbianas\n<\/p>\n<p class=\"v-d-p\" style=\"\">La consejera se\u00f1al\u00f3 que, junto a la ampliaci\u00f3n de habitaciones de aislamiento, se est\u00e1n desarrollando otras acciones en el campo de las Enfermedades Infecciosas, como el Programa regional IRAS-PROA del Servicio Murciano de Salud, cuyo objetivo es la prevenci\u00f3n y control de las infecciones relacionadas con la asistencia sanitaria (IRAS) y la optimizaci\u00f3n del uso de antimicrobianos. Se trata de combatir la resistencia bacteriana a los antibi\u00f3ticos, un problema creciente. <\/p>\n<p class=\"v-d-p\" style=\"\">La combinaci\u00f3n del aislamiento por v\u00eda a\u00e9rea mediante presi\u00f3n negativa y la implantaci\u00f3n de la estrategia IRAS-PROA \u00abpermiten reforzar la seguridad ante infecciones de posible transmisi\u00f3n a\u00e9rea en el entorno hospitalario, optimizar el uso de antibi\u00f3ticos y contribuir a contener la resistencia antimicrobiana, mejorando la calidad asistencial y avanzar en sostenibilidad, preservando la eficacia de los tratamientos y reduciendo el consumo de recursos al prevenir infecciones\u00bb.<\/p>\n<p>\n\u00abTotal transparencia\u00bb\n<\/p>\n<p class=\"v-d-p\" style=\"\">La consejera hizo referencia tambi\u00e9n, a preguntas de los medios, a la revisi\u00f3n que la UDEF est\u00e1 llevando a cabo de <a href=\"https:\/\/www.laverdad.es\/murcia\/udef-revisa-casos-medico-usado-stent-caducado-20260622182025-nt.html\" target=\"_self\" data-voc-vtm-id=\"in-text-traffic\" title=\"unas treinta intervenciones realizadas por el cirujano imputado\" data-mrf-link=\"www.laverdad.es\" rel=\"nofollow noopener\">unas treinta intervenciones realizadas por el cirujano imputado<\/a> en el caso de las pr\u00f3tesis, una informaci\u00f3n adelantada este lunes por LA VERDAD. Ayala insisti\u00f3 en que su departamento ha actuado \u00abcon total transparencia\u00bb, y subray\u00f3 que \u00abcorresponde trasladar un mensaje de tranquilidad a la ciudadan\u00eda y dejar a la Justicia trabajar\u00bb. Los servicios sanitarios \u00abya realizaron una revisi\u00f3n de todos los pacientes y est\u00e1n haciendo una nueva evaluaci\u00f3n, y hasta ahora no se ha evidenciado en ninguna historia cl\u00ednica que en su evoluci\u00f3n se haya visto ning\u00fan episodio compatible con que tenga una pr\u00f3tesis caducada implantada\u00bb, detall\u00f3.<\/p>\n","protected":false},"excerpt":{"rendered":"El Morales Meseguer estrena una nueva planta de Enfermedades Infecciosas dotada con siete habitaciones de aislamiento destinadas a&hellip;\n","protected":false},"author":2,"featured_media":620243,"comment_status":"","ping_status":"","sticky":false,"template":"","format":"standard","meta":{"footnotes":""},"categories":[92],"tags":[11215,19363,1293,25,24,82368,165,115578,4126,11449,3073,166,3829,23,21831],"class_list":["post-620242","post","type-post","status-publish","format-standard","has-post-thumbnail","category-salud","tag-afrontar","tag-amplia","tag-enfermedades","tag-es","tag-espana","tag-habitaciones","tag-health","tag-meseguer","tag-morales","tag-negativa","tag-presion","tag-salud","tag-sarampion","tag-spain","tag-tuberculosis"],"share_on_mastodon":{"url":"https:\/\/pubeurope.com\/@es\/116793657532115826","error":""},"_links":{"self":[{"href":"https:\/\/www.europesays.com\/es\/wp-json\/wp\/v2\/posts\/620242","targetHints":{"allow":["GET"]}}],"collection":[{"href":"https:\/\/www.europesays.com\/es\/wp-json\/wp\/v2\/posts"}],"about":[{"href":"https:\/\/www.europesays.com\/es\/wp-json\/wp\/v2\/types\/post"}],"author":[{"embeddable":true,"href":"https:\/\/www.europesays.com\/es\/wp-json\/wp\/v2\/users\/2"}],"replies":[{"embeddable":true,"href":"https:\/\/www.europesays.com\/es\/wp-json\/wp\/v2\/comments?post=620242"}],"version-history":[{"count":0,"href":"https:\/\/www.europesays.com\/es\/wp-json\/wp\/v2\/posts\/620242\/revisions"}],"wp:featuredmedia":[{"embeddable":true,"href":"https:\/\/www.europesays.com\/es\/wp-json\/wp\/v2\/media\/620243"}],"wp:attachment":[{"href":"https:\/\/www.europesays.com\/es\/wp-json\/wp\/v2\/media?parent=620242"}],"wp:term":[{"taxonomy":"category","embeddable":true,"href":"https:\/\/www.europesays.com\/es\/wp-json\/wp\/v2\/categories?post=620242"},{"taxonomy":"post_tag","embeddable":true,"href":"https:\/\/www.europesays.com\/es\/wp-json\/wp\/v2\/tags?post=620242"}],"curies":[{"name":"wp","href":"https:\/\/api.w.org\/{rel}","templated":true}]}}