{"id":620264,"date":"2026-06-22T12:21:31","date_gmt":"2026-06-22T12:21:31","guid":{"rendered":"https:\/\/www.europesays.com\/es\/620264\/"},"modified":"2026-06-22T12:21:31","modified_gmt":"2026-06-22T12:21:31","slug":"la-casa-del-dragon-crece-en-su-tercera-temporada-mas-sangre-mas-epica-mas-personajes-y-mismos-problemas-series-de-television","status":"publish","type":"post","link":"https:\/\/www.europesays.com\/es\/620264\/","title":{"rendered":"\u2018La casa del drag\u00f3n\u2019 crece en su tercera temporada: m\u00e1s sangre, m\u00e1s \u00e9pica, m\u00e1s personajes y mismos problemas | Series de Televisi\u00f3n"},"content":{"rendered":"<p class=\"\">Los dragones han vuelto, y con ellos Rhaenyra, Rhaena, Aegon, Aemond, Daemon y todos esos personajes que ponen a prueba nuestra memoria y nuestro o\u00eddo. Han pasado dos a\u00f1os desde que <a href=\"https:\/\/elpais.com\/television\/2024-08-06\/se-nos-rompio-el-dragon-de-tanto-usarlo.html\" target=\"_blank\" rel=\"nofollow noopener\" title=\"https:\/\/elpais.com\/television\/2024-08-06\/se-nos-rompio-el-dragon-de-tanto-usarlo.html\">la segunda temporada de La casa del drag\u00f3n<\/a> preparara a los personajes para <a href=\"https:\/\/elpais.com\/television\/2024-06-17\/la-guerra-llega-a-la-casa-del-dragon-es-una-historia-de-dos-mujeres-y-seguira-siendolo-hasta-el-final.html\" target=\"_blank\" rel=\"nofollow noopener\" title=\"https:\/\/elpais.com\/television\/2024-06-17\/la-guerra-llega-a-la-casa-del-dragon-es-una-historia-de-dos-mujeres-y-seguira-siendolo-hasta-el-final.html\">una guerra que nunca termin\u00f3 de explotar<\/a>. Las espadas estaban en alto, los dragones estaban preparados, pero no hubo enfrentamientos y muchos espectadores se sintieron frustrados ante tanto pre\u00e1mbulo sin cl\u00edmax. La tercera temporada, cuyo primer cap\u00edtulo ya est\u00e1 disponible en HBO Max (y de la que se han enviado a la prensa los cuatro primeros episodios), da a esos espectadores lo que quer\u00edan. <\/p>\n<p>M\u00e1s informaci\u00f3n<\/p>\n<p class=\"\">La serie [que aqu\u00ed comentaremos sin destripar detalles] retoma la historia en el punto en el que se qued\u00f3 y pasa r\u00e1pidamente a la acci\u00f3n, a la esperada Batalla del Gaznate, uno de los choques navales m\u00e1s sangrientos del universo creado por <a href=\"https:\/\/elpais.com\/television\/2021-03-30\/george-r-r-martin-firma-un-contrato-millonario-con-hbo-para-producir-series.html\" target=\"_blank\" rel=\"nofollow noopener\" title=\"https:\/\/elpais.com\/television\/2021-03-30\/george-r-r-martin-firma-un-contrato-millonario-con-hbo-para-producir-series.html\">George R. R. Martin<\/a>. Fuego, muertes, dragones, efectos especiales&#8230; El episodio tiene de todo, y 20 minutos finales de acci\u00f3n trepidante. Sin embargo, el problema que sigue teniendo La casa del drag\u00f3n es que, m\u00e1s all\u00e1 de las dos protagonistas, Alicent y Rhaenyra, apenas se ha llegado a construir un v\u00ednculo entre los espectadores y los personajes que nos haga temer o lamentar sus bajas. <\/p>\n<p><img alt=\"\" decoding=\"auto\" class=\"_re lazyload a_m-h\" height=\"233\"  width=\"414\"  src=\"https:\/\/www.europesays.com\/es\/wp-content\/uploads\/2026\/06\/TORZJHJ4IBGP5MRLGJ6D37QBZU.jpg\" loading=\"lazy\" fetchpriority=\"low\"\/>Una imagen del primer cap\u00edtulo de la tercera temporada de &#8216;La casa del drag\u00f3n&#8217;.<\/p>\n<p class=\"\">En este arranque casi no da tiempo a recordar d\u00f3nde est\u00e1 cada personaje y en qu\u00e9 situaci\u00f3n se encuentra cada bando cuando ya estamos a ca\u00f1onazos en el mar. La acci\u00f3n despega como si no hubiesen pasado dos a\u00f1os desde el episodio anterior. En resumidas cuentas: por un lado, est\u00e1n Aegon Targaryen y Ser Larys huyendo de inc\u00f3gnito; tambi\u00e9n est\u00e1 Rhaena Targaryen, hija de Daemon, tratando de domar al enorme drag\u00f3n salvaje Robaovejas para intentar ayudar en la guerra; por otro lado, los tres bastardos que montan a los dragones que permanec\u00edan sin reclamar; tambi\u00e9n est\u00e1 Ser Ormund, personaje nuevo y primo de Alicent, cuyas tropas esperan \u00f3rdenes para atacar al Consejo Negro; y en los bosques de Harrenhal est\u00e1n Criston Cole y Gwayne Hightower, hermano de Alicent, esperando a Aemond. Y en el mar, los barcos de las tres ciudades de la Triarqu\u00eda se enfrentan a la flota de Lord Corlys Velaryon (la Serpiente Marina). L\u00f3gico que sea complicado aclararse con qui\u00e9n est\u00e1 luchando contra qui\u00e9n y d\u00f3nde est\u00e1 cada uno. <\/p>\n<p><img alt=\"\" decoding=\"auto\" class=\"_re lazyload a_m-h\" height=\"233\"  width=\"414\"  src=\"https:\/\/www.europesays.com\/es\/wp-content\/uploads\/2026\/06\/JO3DONNCLFFTVJIBQBVJCHGARU.jpeg\" loading=\"lazy\" fetchpriority=\"low\"\/>James Norton interpreta a Ormund Hightower, una de las incorporaciones de la tercera temporada de &#8216;La casa del drag\u00f3n&#8217;.Nye Caple (HBO Max)<\/p>\n<p class=\"\">Lo que no se puede negar es que en la tercera temporada de La casa del drag\u00f3n pasan cosas. En los dos primeros episodios, y sin entrar en detalles, hay bajas relevantes que marcar\u00e1n lo que vendr\u00e1 despu\u00e9s. La serie ya no se pod\u00eda permitir seguir dando vueltas sobre lo mismo y continuar solo a base de intrigas palaciegas. Necesitaba explotar por alg\u00fan lado. <\/p>\n<p class=\"\">Eso s\u00ed, para ello, ha sumado m\u00e1s personajes todav\u00eda a un universo que ya estaba sobrepoblado. Y ese es su principal problema: la saturaci\u00f3n de individuos que apenas tienen tiempo para desarrollarse en pantalla. Ahora, se incorpora Ormund Hightower, primo de Alicent y otro aliado para el Consejo Negro. El actor James Norton interpreta al que apunta a convertirse en la revelaci\u00f3n de la temporada, un personaje que va asomando en los cap\u00edtulos iniciales y que despega del todo en el cuarto episodio, cuando muestra sus ambiciones. <\/p>\n<p><img alt=\"\" decoding=\"auto\" class=\"_re lazyload a_m-h\" height=\"276\"  width=\"414\"  src=\"https:\/\/www.europesays.com\/es\/wp-content\/uploads\/2026\/06\/OXK2I4QUDZG2FCAYHHFVM4KDVE.jpg\" loading=\"lazy\" fetchpriority=\"low\"\/>Matt Smith y Emma D&#8217;Arcy, en la tercera temoprada de &#8216;La casa del drag\u00f3n&#8217;.<\/p>\n<p class=\"\">Muy probablemente, el tercer cap\u00edtulo de esta tercera temporada sea el mejor de toda la serie hasta el momento. Y lo es porque se centra enteramente en Rhaenyra. De esta forma, tambi\u00e9n demuestra que cuando la historia tiene un foco claro, cuando se centra en lo que est\u00e1 narrando y no se dispersa en mil y un personajes y lugares, puede lograr cosas interesantes. Porque la tercera temporada de La casa del drag\u00f3n tendr\u00e1 m\u00e1s \u00e9pica, m\u00e1s sangre, m\u00e1s fuego, m\u00e1s agua, s\u00ed. Pero sus mejores momentos los consigue cuando logra, por fin, centrarse, cuando se acuerda de que sus mejores armas son Rhaenyra y Alicent y <a href=\"https:\/\/elpais.com\/television\/2022-10-24\/house-of-the-dragon-la-casa-de-las-dragonas-prende-fuego.html\" target=\"_blank\" rel=\"nofollow noopener\" title=\"https:\/\/elpais.com\/television\/2022-10-24\/house-of-the-dragon-la-casa-de-las-dragonas-prende-fuego.html\">la compleja relaci\u00f3n entre dos mujeres<\/a>. <\/p>\n<p>Estrenos de la semana<a href=\"https:\/\/elpais.com\/television\/series\/calendario\/\" class=\"w-cs_h_e\" rel=\"nofollow noopener\" target=\"_blank\">Consulta el calendario completo<\/a><\/p>\n<p>22lunes<\/p>\n<p><a href=\"https:\/\/elpais.com\/television\/series\/see-you-at-work-tomorrow\/\" rel=\"nofollow noopener\" target=\"_blank\"><img alt=\"\" decoding=\"auto\" class=\"_re  a_m-h\" height=\"124\"  width=\"220\"  src=\"https:\/\/www.europesays.com\/es\/wp-content\/uploads\/2026\/06\/1782130884_225_G6KVJ5ZVZZEEVLGDRZN6DX46MA.jpg\" loading=\"eager\" fetchpriority=\"low\"\/><\/a><\/p>\n<p class=\"w-cs_d_l_tv\">Amazon Prime Video<\/p>\n<p class=\"w-cs_d_l_s w-cs_d_l_s--e\">Estreno<\/p>\n<p><a href=\"https:\/\/elpais.com\/television\/series\/death-valley\/\" rel=\"nofollow noopener\" target=\"_blank\"><img alt=\"\" decoding=\"auto\" class=\"_re  a_m-h\" height=\"124\"  width=\"220\"  src=\"https:\/\/www.europesays.com\/es\/wp-content\/uploads\/2026\/06\/1782130885_438_NZMINHSA5JETNFQAQHNSHQWD4U.jpg\" loading=\"eager\" fetchpriority=\"low\"\/><\/a><\/p>\n<p class=\"w-cs_d_l_tv\">Cosmo<\/p>\n<p class=\"w-cs_d_l_s \">Temporada 2<\/p>\n<p><a href=\"https:\/\/elpais.com\/television\/series\/la-casa-del-dragon\/\" rel=\"nofollow noopener\" target=\"_blank\"><img alt=\"\" decoding=\"auto\" class=\"_re  a_m-h\" height=\"124\"  width=\"220\"  src=\"https:\/\/www.europesays.com\/es\/wp-content\/uploads\/2026\/06\/1782130885_136_OV6HMIL2EVHHXL5RHVHMFCGA4M.jpg\" loading=\"eager\" fetchpriority=\"low\"\/><\/a><\/p>\n<p class=\"w-cs_d_l_tv\">HBO Max<\/p>\n<p class=\"w-cs_d_l_s \">Temporada 3<\/p>\n<p><a href=\"https:\/\/elpais.com\/television\/series\/la-agencia-the-agency\/\" rel=\"nofollow noopener\" target=\"_blank\"><img alt=\"\" decoding=\"auto\" class=\"_re  a_m-h\" height=\"147\"  width=\"220\"  src=\"https:\/\/www.europesays.com\/es\/wp-content\/uploads\/2026\/06\/1782130886_217_JH2DX5TBL5HZVBFP4O2CGEKVFA.JPG\" loading=\"eager\" fetchpriority=\"low\"\/><\/a><\/p>\n<p class=\"w-cs_d_l_tv\">SkyShowtime<\/p>\n<p class=\"w-cs_d_l_s \">Temporada 2<\/p>\n<p>24mi\u00e9rcoles<\/p>\n<p><a href=\"https:\/\/elpais.com\/television\/series\/erica\/\" rel=\"nofollow noopener\" target=\"_blank\"><img alt=\"\" decoding=\"auto\" class=\"_re lazyload a_m-h\" height=\"147\"  width=\"220\"  src=\"https:\/\/www.europesays.com\/es\/wp-content\/uploads\/2026\/06\/1782130886_56_INTRTQTQQ5HQTDN3HFVTU6HZNI.jpg\" loading=\"lazy\" fetchpriority=\"low\"\/><\/a><\/p>\n<p class=\"w-cs_d_l_tv\">Warner TV<\/p>\n<p class=\"w-cs_d_l_s \">Temporada 2<\/p>\n<p><a href=\"https:\/\/elpais.com\/television\/series\/mi-otra-yo\/\" rel=\"nofollow noopener\" target=\"_blank\"><img alt=\"\" decoding=\"auto\" class=\"_re lazyload a_m-h\" height=\"124\"  width=\"220\"  src=\"https:\/\/www.europesays.com\/es\/wp-content\/uploads\/2026\/06\/1782130887_221_TMD3H2ANC5FEVGJ4KEW5YU5QMI.jpg\" loading=\"lazy\" fetchpriority=\"low\"\/><\/a><\/p>\n<p class=\"w-cs_d_l_tv\">Netflix<\/p>\n<p class=\"w-cs_d_l_s \">Temporada 3<\/p>\n<p><a href=\"https:\/\/elpais.com\/television\/series\/the-capture\/\" rel=\"nofollow noopener\" target=\"_blank\"><img alt=\"\" decoding=\"auto\" class=\"_re lazyload a_m-h\" height=\"165\"  width=\"220\"  src=\"https:\/\/www.europesays.com\/es\/wp-content\/uploads\/2026\/06\/1782130888_255_FJAGS3PMB5C3FKKQGHFG4NZMDM.jpg\" loading=\"lazy\" fetchpriority=\"low\"\/><\/a><\/p>\n<p class=\"w-cs_d_l_tv\">Movistar Plus<\/p>\n<p class=\"w-cs_d_l_s \">Temporada 3<\/p>\n<p>25jueves<\/p>\n<p><a href=\"https:\/\/elpais.com\/television\/series\/avatar-la-leyenda-de-aang\/\" rel=\"nofollow noopener\" target=\"_blank\"><img alt=\"\" decoding=\"auto\" class=\"_re lazyload a_m-h\" height=\"147\"  width=\"220\"  src=\"https:\/\/www.europesays.com\/es\/wp-content\/uploads\/2026\/06\/1782130888_315_TCT4PDPOFBC3VEPYOKST4U6BK4.jpg\" loading=\"lazy\" fetchpriority=\"low\"\/><\/a><\/p>\n<p class=\"w-cs_d_l_tv\">Netflix<\/p>\n<p class=\"w-cs_d_l_s \">Temporada 2<\/p>\n<p>26viernes<\/p>\n<p><a href=\"https:\/\/elpais.com\/television\/series\/agente-kim-reactivado\/\" rel=\"nofollow noopener\" target=\"_blank\"><img alt=\"\" decoding=\"auto\" class=\"_re lazyload a_m-h\" height=\"124\"  width=\"220\"  src=\"https:\/\/www.europesays.com\/es\/wp-content\/uploads\/2026\/06\/5CLKVADWMFC3JOYABOQ6HKZB5M.jpg\" loading=\"lazy\" fetchpriority=\"low\"\/><\/a><\/p>\n<p class=\"w-cs_d_l_tv\">Netflix<\/p>\n<p class=\"w-cs_d_l_s w-cs_d_l_s--e\">Estreno<\/p>\n<p><a href=\"https:\/\/elpais.com\/television\/series\/the-bear\/\" rel=\"nofollow noopener\" target=\"_blank\"><img alt=\"Serie The Bear en Disney+\" decoding=\"auto\" class=\"_re lazyload a_m-h\" height=\"127\"  width=\"220\"  src=\"https:\/\/www.europesays.com\/es\/wp-content\/uploads\/2026\/06\/1782130889_392_CC3UV3QTIFD4XNCWXYYYW6QSRQ.jpg\" loading=\"lazy\" fetchpriority=\"low\"\/><\/a><\/p>\n<p class=\"w-cs_d_l_tv\">Disney+<\/p>\n<p class=\"w-cs_d_l_s \">Temporada 5 y \u00faltima<\/p>\n<p><a href=\"https:\/\/elpais.com\/television\/series\/el-chico-de-la-ultima-fila\/\" rel=\"nofollow noopener\" target=\"_blank\"><img alt=\"\" decoding=\"auto\" class=\"_re lazyload a_m-h\" height=\"124\"  width=\"220\"  src=\"https:\/\/www.europesays.com\/es\/wp-content\/uploads\/2026\/06\/1782130891_488_T54UJCGIBRDXXA6LZGOEAM2G64.jpg\" loading=\"lazy\" fetchpriority=\"low\"\/><\/a><\/p>\n<p class=\"w-cs_d_l_tv\">Netflix<\/p>\n<p class=\"w-cs_d_l_s w-cs_d_l_s--e\">Estreno<\/p>\n<p>27s\u00e1bado<\/p>\n<p><a href=\"https:\/\/elpais.com\/television\/series\/life-larry-and-the-pursuit-of-unhappiness\/\" rel=\"nofollow noopener\" target=\"_blank\"><img alt=\"\" decoding=\"auto\" class=\"_re lazyload a_m-h\" height=\"124\"  width=\"220\"  src=\"https:\/\/www.europesays.com\/es\/wp-content\/uploads\/2026\/06\/1782130891_384_YSMAWBN5IFD75JTWOZ6JTI5HLI.jpg\" loading=\"lazy\" fetchpriority=\"low\"\/><\/a><\/p>\n<p class=\"w-cs_d_l_tv\">HBO Max<\/p>\n<p class=\"w-cs_d_l_s w-cs_d_l_s--e\">Estreno<\/p>\n","protected":false},"excerpt":{"rendered":"Los dragones han vuelto, y con ellos Rhaenyra, Rhaena, Aegon, Aemond, Daemon y todos esos personajes que ponen&hellip;\n","protected":false},"author":2,"featured_media":620265,"comment_status":"","ping_status":"","sticky":false,"template":"","format":"standard","meta":{"footnotes":""},"categories":[171],"tags":[1014,1015,17104,146,147,25,24,11943,24169,49299,1925,6586,63917,8189,23,807,214],"class_list":["post-620264","post","type-post","status-publish","format-standard","has-post-thumbnail","category-tv","tag-actores","tag-actrices","tag-critica-television","tag-entertainment","tag-entretenimiento","tag-es","tag-espana","tag-hbo","tag-juego-de-tronos","tag-la-casa-del-dragon","tag-opinion","tag-series-drama","tag-series-fantasia","tag-series-television","tag-spain","tag-television","tag-tv"],"share_on_mastodon":{"url":"https:\/\/pubeurope.com\/@es\/116793738105657775","error":""},"_links":{"self":[{"href":"https:\/\/www.europesays.com\/es\/wp-json\/wp\/v2\/posts\/620264","targetHints":{"allow":["GET"]}}],"collection":[{"href":"https:\/\/www.europesays.com\/es\/wp-json\/wp\/v2\/posts"}],"about":[{"href":"https:\/\/www.europesays.com\/es\/wp-json\/wp\/v2\/types\/post"}],"author":[{"embeddable":true,"href":"https:\/\/www.europesays.com\/es\/wp-json\/wp\/v2\/users\/2"}],"replies":[{"embeddable":true,"href":"https:\/\/www.europesays.com\/es\/wp-json\/wp\/v2\/comments?post=620264"}],"version-history":[{"count":0,"href":"https:\/\/www.europesays.com\/es\/wp-json\/wp\/v2\/posts\/620264\/revisions"}],"wp:featuredmedia":[{"embeddable":true,"href":"https:\/\/www.europesays.com\/es\/wp-json\/wp\/v2\/media\/620265"}],"wp:attachment":[{"href":"https:\/\/www.europesays.com\/es\/wp-json\/wp\/v2\/media?parent=620264"}],"wp:term":[{"taxonomy":"category","embeddable":true,"href":"https:\/\/www.europesays.com\/es\/wp-json\/wp\/v2\/categories?post=620264"},{"taxonomy":"post_tag","embeddable":true,"href":"https:\/\/www.europesays.com\/es\/wp-json\/wp\/v2\/tags?post=620264"}],"curies":[{"name":"wp","href":"https:\/\/api.w.org\/{rel}","templated":true}]}}