{"id":620439,"date":"2026-06-22T14:24:12","date_gmt":"2026-06-22T14:24:12","guid":{"rendered":"https:\/\/www.europesays.com\/es\/620439\/"},"modified":"2026-06-22T14:24:12","modified_gmt":"2026-06-22T14:24:12","slug":"italia-invita-a-alemania-a-unirse-a-su-proyecto-con-reino-unido-y-japon-para-construir-un-nuevo-caza-economia","status":"publish","type":"post","link":"https:\/\/www.europesays.com\/es\/620439\/","title":{"rendered":"Italia invita a Alemania a unirse a su proyecto con Reino Unido y Jap\u00f3n para construir un nuevo caza | Econom\u00eda"},"content":{"rendered":"<p class=\"\">El <a href=\"https:\/\/cincodias.elpais.com\/companias\/2026-06-08\/alemania-y-francia-cancelan-el-desarrollo-conjunto-del-futuro-avion-de-combate-europeo-por-100000-millones.html\" target=\"_self\" rel=\"nofollow noopener\" title=\"https:\/\/cincodias.elpais.com\/companias\/2026-06-08\/alemania-y-francia-cancelan-el-desarrollo-conjunto-del-futuro-avion-de-combate-europeo-por-100000-millones.html\">divorcio entre Francia y Alemania<\/a> para la fabricaci\u00f3n conjunta de <a href=\"https:\/\/elpais.com\/economia\/2026-06-20\/que-es-un-caza-de-sexta-generacion-ee-uu-saca-una-decada-de-ventaja-a-europa-tras-la-caida-del-proyecto-fcas.html\" target=\"_self\" rel=\"nofollow noopener\" title=\"https:\/\/elpais.com\/economia\/2026-06-20\/que-es-un-caza-de-sexta-generacion-ee-uu-saca-una-decada-de-ventaja-a-europa-tras-la-caida-del-proyecto-fcas.html\">un caza de sexta generaci\u00f3n<\/a>, dentro del programa FCAS \u2014en el que tambi\u00e9n estaba Espa\u00f1a\u2014, no significa que Europa no vaya a tener un avi\u00f3n de combate de estas caracter\u00edsticas. Uno de los proyectos m\u00e1s prometedores a d\u00eda de hoy es el GCAP, que est\u00e1n desarrollando conjuntamente Italia, Jap\u00f3n y Reino Unido, a trav\u00e9s de sus referentes industriales nacionales Leonardo, Jaiec y BAE Systems, respectivamente. Uno de ellos, Leonardo, ve con buenos ojos que Alemania, a trav\u00e9s de Airbus (Espa\u00f1a tambi\u00e9n tiene una peque\u00f1a participaci\u00f3n, superior al 4%), se sume al GCAP. \u201cMe alegrar\u00eda que parte del complejo industrial alem\u00e1n se uniera a nuestras actividades\u201d, ha se\u00f1alado el consejero delegado de Leonardo, Lorenzo Marini, <a href=\"https:\/\/www.ft.com\/content\/4c5df333-b164-4ee8-be28-c17c17fbae54\" target=\"_self\" rel=\"nofollow noopener\" title=\"https:\/\/www.ft.com\/content\/4c5df333-b164-4ee8-be28-c17c17fbae54\">en declaraciones al Financial Times<\/a>.<\/p>\n<p class=\"\">Marini, que lleva un mes en el cargo, ha destacado que este tipo de programas demandan una gran inversi\u00f3n y que la entrada de Alemania traer\u00eda \u201cbeneficios a largo plazo\u201d. Sin embargo, ha admitido que, en caso de materializarse, \u201ctraer una nueva naci\u00f3n ahora, con los mismos derechos que los otros tres, podr\u00eda ser un poco disruptivo\u201d en cuanto a tiempos. <\/p>\n<p class=\"\">Jap\u00f3n, por ejemplo, ser\u00eda reacio a sumar un nuevo socio, ya que no quiere m\u00e1s retrasos en un programa que deber\u00eda contar con un avi\u00f3n de combate operativo en torno a 2035. En cuanto a Reino Unido, BAE Systems ya ha sido socio de Airbus en el exitoso programa Eurofighter, uno de los tres cazas de cuarta generaci\u00f3n con los que cuenta Europa actualmente, junto al Gripen sueco y el Rafale franc\u00e9s.<\/p>\n<p class=\"\">Tras hacerse oficial la suspensi\u00f3n del proyecto para la fabricaci\u00f3n de un nuevo avi\u00f3n junto a Francia \u2014sigue adelante, sin embargo, la parte del FCAS relacionada con la nube de combate\u2014, Alemania y Espa\u00f1a se apresuraron en anunciar que segu\u00edan adelante con sus planes de desarrollar un caza de sexta generaci\u00f3n. <a href=\"https:\/\/elpais.com\/economia\/2026-06-11\/la-alianza-militar-de-alemania-para-lanzar-el-nuevo-caza-europeo-preve-una-estrecha-cooperacion-con-la-industria-espanola.html\" target=\"_self\" rel=\"nofollow noopener\" title=\"https:\/\/elpais.com\/economia\/2026-06-11\/la-alianza-militar-de-alemania-para-lanzar-el-nuevo-caza-europeo-preve-una-estrecha-cooperacion-con-la-industria-espanola.html\">Tanto la industria germana como la espa\u00f1ola se han mostrado proclives a colaborar<\/a> en un proyecto conjunto al que podr\u00eda sumarse la sueca Saab, fabricante del Gripen.<\/p>\n<p class=\"\">\u201cLa industria espa\u00f1ola pone a disposici\u00f3n de Espa\u00f1a y de sus posibles socios sus capacidades y recursos para el desarrollo de un sistema de combate de nueva generaci\u00f3n, formado por un caza de sexta generaci\u00f3n, plataformas no tripuladas o carriers, comunicaciones y sensores avanzados que forman un sistema de sistemas gracias a la nube de combate. El sector ofrece al Ministerio de Defensa sus capacidades y la voluntad para trabajar en este desarrollo, en colaboraci\u00f3n con los pa\u00edses europeos que marque\u201d, <a href=\"https:\/\/elpais.com\/economia\/2026-06-11\/la-industria-espanola-se-une-para-participar-en-la-construccion-de-un-nuevo-caza-europeo-tras-la-caida-del-fcas.html\" target=\"_self\" rel=\"nofollow noopener\" title=\"https:\/\/elpais.com\/economia\/2026-06-11\/la-industria-espanola-se-une-para-participar-en-la-construccion-de-un-nuevo-caza-europeo-tras-la-caida-del-fcas.html\">se\u00f1alaron varias compa\u00f1\u00edas de la industria militar espa\u00f1ola en un comunicado conjunto<\/a> hace dos semanas.<\/p>\n<p class=\"\">En cuanto a Francia, es previsible que el pa\u00eds apueste por hacer un avi\u00f3n de sexta generaci\u00f3n por su cuenta, como ha manifestado Dassault, el fabricante del Rafale. \u201cNo hay ninguna posibilidad de que Espa\u00f1a compre el futuro avi\u00f3n franc\u00e9s\u201d, indica a este medio Antonio Fonfr\u00eda, profesor de Econom\u00eda Aplicada de la Universidad Complutense, en la misma l\u00ednea que otras fuentes de la industria militar nacional consultadas. <\/p>\n<p class=\"\">Fonfr\u00eda recuerda que a Espa\u00f1a le ha ido muy bien de la mano de Alemania con el Eurofighter, \u201cen t\u00e9rminos industriales, de empleo y porque le ha dado la posibilidad de tener un buen caza\u201d. Cabe destacar que parte de este avi\u00f3n de combate se ensambla en Espa\u00f1a, concretamente en la planta de Getafe (Madrid), el mayor centro industrial del pa\u00eds.<\/p>\n","protected":false},"excerpt":{"rendered":"El divorcio entre Francia y Alemania para la fabricaci\u00f3n conjunta de un caza de sexta generaci\u00f3n, dentro del&hellip;\n","protected":false},"author":2,"featured_media":620440,"comment_status":"","ping_status":"","sticky":false,"template":"","format":"standard","meta":{"footnotes":""},"categories":[42],"tags":[54692,1660,15606,115612,17,18,1616,95,24,13,14,11,2893,28939,61,62,63,64,628,3564,19,20,2253,9,10,15,16,2444,12,21,22,65,66,67],"class_list":["post-620439","post","type-post","status-publish","format-standard","has-post-thumbnail","category-internacional","tag-airbus-industrie","tag-alemania","tag-aviones-combate","tag-bae-systems","tag-breaking-news","tag-breakingnews","tag-defensa","tag-economia","tag-espana","tag-featured-news","tag-featurednews","tag-headlines","tag-industria","tag-industria-armamentistica","tag-internacional","tag-international","tag-international-news","tag-internationalnews","tag-italia","tag-japon","tag-latest-news","tag-latestnews","tag-leonardo","tag-news","tag-noticias","tag-noticias-destacadas","tag-noticiasdestacadas","tag-reino-unido","tag-titulares","tag-ultimas-noticias","tag-ultimasnoticias","tag-world","tag-world-news","tag-worldnews"],"share_on_mastodon":{"url":"","error":"Validation failed: Text character limit of 500 exceeded"},"_links":{"self":[{"href":"https:\/\/www.europesays.com\/es\/wp-json\/wp\/v2\/posts\/620439","targetHints":{"allow":["GET"]}}],"collection":[{"href":"https:\/\/www.europesays.com\/es\/wp-json\/wp\/v2\/posts"}],"about":[{"href":"https:\/\/www.europesays.com\/es\/wp-json\/wp\/v2\/types\/post"}],"author":[{"embeddable":true,"href":"https:\/\/www.europesays.com\/es\/wp-json\/wp\/v2\/users\/2"}],"replies":[{"embeddable":true,"href":"https:\/\/www.europesays.com\/es\/wp-json\/wp\/v2\/comments?post=620439"}],"version-history":[{"count":0,"href":"https:\/\/www.europesays.com\/es\/wp-json\/wp\/v2\/posts\/620439\/revisions"}],"wp:featuredmedia":[{"embeddable":true,"href":"https:\/\/www.europesays.com\/es\/wp-json\/wp\/v2\/media\/620440"}],"wp:attachment":[{"href":"https:\/\/www.europesays.com\/es\/wp-json\/wp\/v2\/media?parent=620439"}],"wp:term":[{"taxonomy":"category","embeddable":true,"href":"https:\/\/www.europesays.com\/es\/wp-json\/wp\/v2\/categories?post=620439"},{"taxonomy":"post_tag","embeddable":true,"href":"https:\/\/www.europesays.com\/es\/wp-json\/wp\/v2\/tags?post=620439"}],"curies":[{"name":"wp","href":"https:\/\/api.w.org\/{rel}","templated":true}]}}